{"id":1106,"date":"2024-03-07T16:41:01","date_gmt":"2024-03-07T15:41:01","guid":{"rendered":"https:\/\/cerama.cz\/info\/?p=1106"},"modified":"2024-04-03T16:28:39","modified_gmt":"2024-04-03T14:28:39","slug":"kamenny-koberec-cena","status":"publish","type":"post","link":"https:\/\/cerama.cz\/info\/kamenny-koberec-cena\/","title":{"rendered":"Cena kamenn\u00e9ho koberce"},"content":{"rendered":"<div id=\"toc_container\" class=\"have_bullets\"><p class=\"toc_title\">Obsah<\/p><ul class=\"toc_list\"><li><a href=\"#2_dokonala_provedeni_kamenneho_koberce\">2 dokonal\u00e1 proveden\u00ed kamenn\u00e9ho koberce<\/a><\/li><li><a href=\"#Jak_vyuzit_kamenny_koberec_v_domacnosti\">Jak vyu\u017e\u00edt kamenn\u00fd koberec v dom\u00e1cnosti<\/a><\/li><li><a href=\"#Ktery_material_je_dokaze_splnit\">Kter\u00fd materi\u00e1l je dok\u00e1\u017ee splnit?<\/a><\/li><li><a href=\"#Jak_vyuzit_kamenny_koberec_na_zahrade\">Jak vyu\u017e\u00edt kamenn\u00fd koberec na zahrad\u011b<\/a><\/li><\/ul><\/div>\n<h2><span id=\"2_dokonala_provedeni_kamenneho_koberce\">2 dokonal\u00e1 proveden\u00ed kamenn\u00e9ho koberce<\/span><\/h2>\n<p>Zn\u00e1me jen minimum materi\u00e1l\u016f, o kter\u00fdch bychom mohli \u0159\u00edci, \u017ee jsou vhodn\u00e9 jak pro interi\u00e9r, tak pro venkovn\u00ed prostory. O je\u0161t\u011b men\u0161\u00edm po\u010dtu z nich m\u016f\u017eeme \u0159\u00edci, \u017ee je mo\u017en\u00e1 jejich horizont\u00e1ln\u00ed i vertik\u00e1ln\u00ed aplikace. Proto v\u00e1s kamenn\u00fd koberec p\u0159ekvap\u00ed.<\/p>\n<h2><span id=\"Jak_vyuzit_kamenny_koberec_v_domacnosti\">Jak vyu\u017e\u00edt kamenn\u00fd koberec v dom\u00e1cnosti<\/span><\/h2>\n<p>Interi\u00e9r si p\u0159ejeme m\u00edt co nejv\u00edce \u00fatuln\u00fd, ale z\u00e1rove\u0148 m\u00e1me z\u00e1jem na tom, abychom tr\u00e1vili minimum \u010dasu \u00fadr\u017ebou a \u00faklidem. Tou\u017e\u00edme po hygienicky \u010dist\u00e9m povrchu s vysokou odolnost\u00ed a dlouhou \u017eivotnost\u00ed. Z\u00e1rove\u0148 mus\u00ed b\u00fdt takov\u00fd povrch p\u0159\u00edjemn\u00fd na pohled a odpov\u00eddat dekorem trend\u016fm modern\u00edho bydlen\u00ed.<\/p>\n<p>Je z\u0159ejm\u00e9, \u017ee po\u017eadavk\u016f m\u00e1me skute\u010dn\u011b mnoho.<\/p>\n<h2><span id=\"Ktery_material_je_dokaze_splnit\">Kter\u00fd materi\u00e1l je dok\u00e1\u017ee splnit?<\/span><\/h2>\n<p>Bezesporu kamenn\u00fd koberec. Kamenn\u00fd koberec se st\u00e1v\u00e1 velmi obl\u00edben\u00fd jako odoln\u00e1 krytina za kuchy\u0148skou linku, na zdi koupelny nebo jako z\u00e1t\u011b\u017eov\u00e1 podlaha na chodbu a vstupn\u00ed halu. Um\u00ed v\u0161ak mnohem v\u00edce.<\/p>\n<p>D\u00edky kombinaci v\u00edce proveden\u00ed m\u016f\u017eete vytv\u00e1\u0159et n\u00e1dhern\u00e9 mozaiky a nejr\u016fzn\u011bj\u0161\u00ed aplikace. St\u011bna za televiz\u00ed nemus\u00ed b\u00fdt v\u016fbec nudn\u00e1 a rozhodn\u011b tam nepat\u0159\u00ed velkoform\u00e1tov\u00e1 tapeta s geometrick\u00fdm vzorem. Vsa\u010fte na n\u00e1dhern\u00fd p\u0159\u00edrodn\u00ed materi\u00e1l. Vsa\u010fte na k\u00e1men. Vykouzl\u00ed fantastickou dominantu na zdi ob\u00fdvac\u00edho pokoje a z\u00e1rove\u0148 pom\u00e1h\u00e1 tlumit kro\u010dejov\u00fd hluk. Uv\u00edt\u00e1te jej i p\u0159i obkladech krbov\u00fdch kamen nebo v zimn\u00ed zahrad\u011b.<\/p>\n<p>&nbsp;<\/p>\n<h2><span id=\"Jak_vyuzit_kamenny_koberec_na_zahrade\">Jak vyu\u017e\u00edt kamenn\u00fd koberec na zahrad\u011b<\/span><\/h2>\n<p>U\u017eitn\u00fdch vlastnost\u00ed kamenn\u00e9ho koberce si nejv\u00edce pov\u0161imnete na nam\u00e1han\u00fdch m\u00edstech. Zkuste jej pou\u017e\u00edt na terasu v kombinaci s topnou roho\u017e\u00ed. Nebude mu vadit ani mastnota z grilov\u00e1n\u00ed v l\u00e9t\u011b, ani sn\u011bhov\u00e9 z\u00e1v\u011bje v zim\u011b. Skv\u011bl\u00fd je i do prostor okolo zahradn\u00edho baz\u00e9nu.<\/p>\n<p>Pokl\u00e1d\u00e1 se jako jednolit\u00e1 plocha bez jedin\u00e9 sp\u00e1ry. Ne\u010distoty nemaj\u00ed \u0161anci. Na povrchu se vytvo\u0159\u00ed jemn\u00e1 p\u0159\u00edrodn\u00ed struktura, kter\u00e1 p\u0159\u00edmo l\u00e1k\u00e1 k proch\u00e1zce bosou nohou.<\/p>\n<p>Kamenn\u00fd koberec odv\u00e1d\u00ed vlhkost do spodn\u00edch vrstev. Na koberci nejsou \u017e\u00e1dn\u00e9 kalu\u017ee. D\u00edky struktu\u0159e a odvodu vody z\u00edsk\u00e1v\u00e1te protiskluzn\u00fd povrch v bezprost\u0159edn\u00ed bl\u00edzkosti va\u0161eho baz\u00e9nu.<\/p>\n<p>A posledn\u00ed dobr\u00e1 zpr\u00e1va je cena koberce. V z\u00e1kladn\u00edm proveden\u00ed zakoup\u00edte 1m2 plochy u\u017e za 250 K\u010d.<\/p>\n<hr \/>\n<p><a href=\"https:\/\/cerama.cz\/info\/kamenny-koberec-cena\/\"><img decoding=\"async\" loading=\"lazy\" class=\"alignnone\" title=\"Cena kamenn\u00e9ho koberce\" src=\"https:\/\/cerama.cz\/info\/wp-content\/uploads\/2023\/09\/cz.png\" alt=\"Cena kamenn\u00e9ho koberce\" width=\"30\" height=\"20\" \/><\/a> <a href=\"https:\/\/cerama.sk\/informacie\/cena-kamenneho-koberca\/\"><img decoding=\"async\" loading=\"lazy\" class=\"alignnone\" title=\"Cena kamenn\u00e9ho koberca\" src=\"https:\/\/cerama.cz\/info\/wp-content\/uploads\/2023\/09\/sk.png\" alt=\"Cena kamenn\u00e9ho koberca\" width=\"32\" height=\"21\" \/><\/a><\/p>\n","protected":false},"excerpt":{"rendered":"<p>Obsah2 dokonal\u00e1 proveden\u00ed kamenn\u00e9ho koberceJak vyu\u017e\u00edt kamenn\u00fd koberec v dom\u00e1cnostiKter\u00fd materi\u00e1l je dok\u00e1\u017ee splnit?Jak vyu\u017e\u00edt kamenn\u00fd koberec na zahrad\u011b 2 dokonal\u00e1 proveden\u00ed kamenn\u00e9ho koberce Zn\u00e1me jen minimum materi\u00e1l\u016f, o kter\u00fdch bychom mohli \u0159\u00edci, \u017ee jsou vhodn\u00e9 jak pro interi\u00e9r, tak pro venkovn\u00ed prostory. O je\u0161t\u011b men\u0161\u00edm po\u010dtu z nich m\u016f\u017eeme<span class=\"more-link\"><a href=\"https:\/\/cerama.cz\/info\/kamenny-koberec-cena\/\">Continue Reading<\/a><\/span><\/p>\n","protected":false},"author":2,"featured_media":1107,"comment_status":"closed","ping_status":"open","sticky":false,"template":"","format":"standard","meta":[],"categories":[9],"tags":[],"aioseo_notices":[],"_links":{"self":[{"href":"https:\/\/cerama.cz\/info\/wp-json\/wp\/v2\/posts\/1106"}],"collection":[{"href":"https:\/\/cerama.cz\/info\/wp-json\/wp\/v2\/posts"}],"about":[{"href":"https:\/\/cerama.cz\/info\/wp-json\/wp\/v2\/types\/post"}],"author":[{"embeddable":true,"href":"https:\/\/cerama.cz\/info\/wp-json\/wp\/v2\/users\/2"}],"replies":[{"embeddable":true,"href":"https:\/\/cerama.cz\/info\/wp-json\/wp\/v2\/comments?post=1106"}],"version-history":[{"count":6,"href":"https:\/\/cerama.cz\/info\/wp-json\/wp\/v2\/posts\/1106\/revisions"}],"predecessor-version":[{"id":1477,"href":"https:\/\/cerama.cz\/info\/wp-json\/wp\/v2\/posts\/1106\/revisions\/1477"}],"wp:featuredmedia":[{"embeddable":true,"href":"https:\/\/cerama.cz\/info\/wp-json\/wp\/v2\/media\/1107"}],"wp:attachment":[{"href":"https:\/\/cerama.cz\/info\/wp-json\/wp\/v2\/media?parent=1106"}],"wp:term":[{"taxonomy":"category","embeddable":true,"href":"https:\/\/cerama.cz\/info\/wp-json\/wp\/v2\/categories?post=1106"},{"taxonomy":"post_tag","embeddable":true,"href":"https:\/\/cerama.cz\/info\/wp-json\/wp\/v2\/tags?post=1106"}],"curies":[{"name":"wp","href":"https:\/\/api.w.org\/{rel}","templated":true}]}}