{"id":1171,"date":"2024-03-13T08:34:39","date_gmt":"2024-03-13T07:34:39","guid":{"rendered":"https:\/\/cerama.cz\/info\/?p=1171"},"modified":"2024-04-03T16:28:59","modified_gmt":"2024-04-03T14:28:59","slug":"pojivo-pro-kamenny-koberec","status":"publish","type":"post","link":"https:\/\/cerama.cz\/info\/pojivo-pro-kamenny-koberec\/","title":{"rendered":"Pojivo pro kamenn\u00fd koberec"},"content":{"rendered":"<div id=\"toc_container\" class=\"have_bullets\"><p class=\"toc_title\">Obsah<\/p><ul class=\"toc_list\"><li><a href=\"#5_dekoraci_s_kamennym_kobercem\">5 dekorac\u00ed s kamenn\u00fdm kobercem<\/a><\/li><li><a href=\"#Jak_se_pracuje_s_kamennym_kobercem_na_stenach\">Jak se pracuje s kamenn\u00fdm kobercem na st\u011bn\u00e1ch<\/a><\/li><li><a href=\"#5_tipu_na_krasne_dekorace_s_kamennym_kobercem\">5 tip\u016f na kr\u00e1sn\u00e9 dekorace s kamenn\u00fdm kobercem<\/a><\/li><\/ul><\/div>\n<h2><span id=\"5_dekoraci_s_kamennym_kobercem\">5 dekorac\u00ed s kamenn\u00fdm kobercem<\/span><\/h2>\n<p>N\u00e1dhern\u00fd p\u0159\u00edrodn\u00ed materi\u00e1l, jak\u00fdm je k\u00e1men m\u00e1 jist\u011b m\u00edsto v na\u0161em interi\u00e9ru. Podlahy i obklady z kamenn\u00e9ho koberce vypadaj\u00ed skvostn\u011b. Co mo\u017en\u00e1 nev\u00edte je skute\u010dnost, \u017ee kamenn\u00fd koberec je skv\u011bl\u00fd jako dekorace.<\/p>\n<h2><span id=\"Jak_se_pracuje_s_kamennym_kobercem_na_stenach\">Jak se pracuje s kamenn\u00fdm kobercem na st\u011bn\u00e1ch<\/span><\/h2>\n<p>Jako prvn\u00ed v\u00e1s jist\u011b napadne, \u017ee sm\u011bs na kamenn\u00fd koberec bude ur\u010dit\u011b st\u00e9kat. \u017de si budete muset vyrobit bedn\u011bn\u00ed nebo postupn\u011b hmotu podkl\u00e1dat. Ani jedno zm\u00edn\u011bn\u00e9 nen\u00ed nutn\u00e9. Pojivo pro kamenn\u00fd koberec se o v\u0161e postar\u00e1 nam\u00edsto v\u00e1s. Epoxidov\u00e1 prysky\u0159ice s tu\u017eidlem je pevn\u00e1 natolik, aby kam\u00ednky udr\u017eela ve vertik\u00e1ln\u00ed poloze po celou dobu aplikace koberce i po dobu tvrdnut\u00ed sm\u011bsi. Pro interi\u00e9r je je\u0161t\u011b doporu\u010den\u00e9 pou\u017eit\u00ed svrchn\u00edho gelu. Ten celou plochu uzav\u0159e a kamenn\u00fd kober bude vod\u011bodoln\u00fd.<\/p>\n<p>&nbsp;<\/p>\n<h2><span id=\"5_tipu_na_krasne_dekorace_s_kamennym_kobercem\">5 tip\u016f na kr\u00e1sn\u00e9 dekorace s kamenn\u00fdm kobercem<\/span><\/h2>\n<p><strong>1. Dekorujte st\u011bnu v koupeln\u011b <\/strong><\/p>\n<p>Sta\u010d\u00ed vybrat jednu ze st\u011bn a oblo\u017eit kamenn\u00fdm kobercem. Sm\u011bs kam\u00ednk\u016f m\u016f\u017eete nan\u00e9st na st\u011bnu sprchov\u00e9ho koutu, kolem vany, pod desku umyvadla nebo za toaletu. Va\u0161e koupelna se r\u00e1zem prom\u011bn\u00ed.<\/p>\n<p><strong>2. Oblo\u017ete vstupn\u00ed chodbu<\/strong><\/p>\n<p>Chodba b\u00fdv\u00e1 nejhlu\u010dn\u011bj\u0161\u00edm m\u00edstem, p\u0159\u00edmo soused\u00ed se vstupem do bytu. Je sly\u0161et v\u00fdtah i soused\u00e9. Kamenn\u00fd koberec tlum\u00ed kro\u010dejov\u00fd hluk. Nevzhledn\u00e1 chodba z\u00edsk\u00e1 poutavou dekoraci, kter\u00e1 spln\u00ed i \u00fa\u010del odhlu\u010dn\u011bn\u00ed. V\u00fdborn\u011b vypadaj\u00ed kam\u00ednky na chodb\u011b v kombinaci se zrcadly.<\/p>\n<p><strong>3. Oblo\u017een\u00ed krbu nebo krbov\u00fdch kamen<\/strong><\/p>\n<p>Kamenn\u00fd koberec odol\u00e1v\u00e1 vy\u0161\u0161\u00edm teplot\u00e1m, m\u016f\u017eete j\u00edm oblo\u017eit prostor za krbem. U zd\u011bn\u00fdch krb\u016f je kamenn\u00fd koberec kr\u00e1snou dekorac\u00ed na sokly.<\/p>\n<p><strong>4. Odhlu\u010dn\u011bte studentsk\u00fd pokoj<\/strong><\/p>\n<p>M\u00e1te doma n\u00e1ctilet\u00e9ho, kter\u00fd hlasitou hudebn\u00ed produkc\u00ed ru\u0161\u00ed ostatn\u00ed? S \u010d\u00e1ste\u010dn\u00fdm odhlu\u010dn\u011bn\u00edm studentsk\u00e9ho pokoje v\u00e1m m\u016f\u017ee pomoci kamenn\u00fd koberec.<\/p>\n<p><strong>5. Netradi\u010dn\u00ed dominanta ob\u00fdvac\u00edho pokoje<\/strong><\/p>\n<p>V ob\u00fdvac\u00edm pokoji jsme si zvykli zdobit jednu ze st\u011bn barevn\u011bj\u0161\u00edm n\u00e1t\u011brem nebo tapetou. Vsa\u010fte na jinou dekoraci. Zkombinujte n\u011bkolik vzor\u016f kamenn\u00e9ho koberce a vytvo\u0159te origin\u00e1ln\u00ed mozaiku.<\/p>\n<hr \/>\n<p><a href=\"https:\/\/cerama.cz\/info\/pojivo-pro-kamenny-koberec\/\"><img decoding=\"async\" loading=\"lazy\" class=\"alignnone\" title=\"Pojivo pro kamenn\u00fd koberec\" src=\"https:\/\/cerama.cz\/info\/wp-content\/uploads\/2023\/09\/cz.png\" alt=\"Pojivo pro kamenn\u00fd koberec\" width=\"30\" height=\"20\" \/><\/a> <a href=\"https:\/\/cerama.sk\/informacie\/spojivo-pre-kamenny-koberec\/\"><img decoding=\"async\" loading=\"lazy\" class=\"alignnone\" title=\"Spojivo pre kamenn\u00fd koberec\" src=\"https:\/\/cerama.cz\/info\/wp-content\/uploads\/2023\/09\/sk.png\" alt=\"Spojivo pre kamenn\u00fd koberec\" width=\"32\" height=\"21\" \/><\/a><\/p>\n","protected":false},"excerpt":{"rendered":"<p>Obsah5 dekorac\u00ed s kamenn\u00fdm kobercemJak se pracuje s kamenn\u00fdm kobercem na st\u011bn\u00e1ch5 tip\u016f na kr\u00e1sn\u00e9 dekorace s kamenn\u00fdm kobercem 5 dekorac\u00ed s kamenn\u00fdm kobercem N\u00e1dhern\u00fd p\u0159\u00edrodn\u00ed materi\u00e1l, jak\u00fdm je k\u00e1men m\u00e1 jist\u011b m\u00edsto v na\u0161em interi\u00e9ru. Podlahy i obklady z kamenn\u00e9ho koberce vypadaj\u00ed skvostn\u011b. Co mo\u017en\u00e1 nev\u00edte je skute\u010dnost, \u017ee<span class=\"more-link\"><a href=\"https:\/\/cerama.cz\/info\/pojivo-pro-kamenny-koberec\/\">Continue Reading<\/a><\/span><\/p>\n","protected":false},"author":2,"featured_media":1172,"comment_status":"closed","ping_status":"open","sticky":false,"template":"","format":"standard","meta":[],"categories":[9],"tags":[],"aioseo_notices":[],"_links":{"self":[{"href":"https:\/\/cerama.cz\/info\/wp-json\/wp\/v2\/posts\/1171"}],"collection":[{"href":"https:\/\/cerama.cz\/info\/wp-json\/wp\/v2\/posts"}],"about":[{"href":"https:\/\/cerama.cz\/info\/wp-json\/wp\/v2\/types\/post"}],"author":[{"embeddable":true,"href":"https:\/\/cerama.cz\/info\/wp-json\/wp\/v2\/users\/2"}],"replies":[{"embeddable":true,"href":"https:\/\/cerama.cz\/info\/wp-json\/wp\/v2\/comments?post=1171"}],"version-history":[{"count":5,"href":"https:\/\/cerama.cz\/info\/wp-json\/wp\/v2\/posts\/1171\/revisions"}],"predecessor-version":[{"id":1488,"href":"https:\/\/cerama.cz\/info\/wp-json\/wp\/v2\/posts\/1171\/revisions\/1488"}],"wp:featuredmedia":[{"embeddable":true,"href":"https:\/\/cerama.cz\/info\/wp-json\/wp\/v2\/media\/1172"}],"wp:attachment":[{"href":"https:\/\/cerama.cz\/info\/wp-json\/wp\/v2\/media?parent=1171"}],"wp:term":[{"taxonomy":"category","embeddable":true,"href":"https:\/\/cerama.cz\/info\/wp-json\/wp\/v2\/categories?post=1171"},{"taxonomy":"post_tag","embeddable":true,"href":"https:\/\/cerama.cz\/info\/wp-json\/wp\/v2\/tags?post=1171"}],"curies":[{"name":"wp","href":"https:\/\/api.w.org\/{rel}","templated":true}]}}