{"id":1176,"date":"2024-03-13T09:32:42","date_gmt":"2024-03-13T08:32:42","guid":{"rendered":"https:\/\/cerama.cz\/info\/?p=1176"},"modified":"2024-04-03T16:29:01","modified_gmt":"2024-04-03T14:29:01","slug":"kamenny-koberec-recenze","status":"publish","type":"post","link":"https:\/\/cerama.cz\/info\/kamenny-koberec-recenze\/","title":{"rendered":"Kamenn\u00fd koberec recenze"},"content":{"rendered":"<div id=\"toc_container\" class=\"have_bullets\"><p class=\"toc_title\">Obsah<\/p><ul class=\"toc_list\"><li><a href=\"#Co_je_nejodolnejsi_za_kuchynskou_linkou_Kamenny_koberec\">Co je nejodoln\u011bj\u0161\u00ed za kuchy\u0148skou linkou? Kamenn\u00fd koberec<\/a><\/li><li><a href=\"#Moderni_materialy_do_moderni_kuchyne\">Modern\u00ed materi\u00e1ly do modern\u00ed kuchyn\u011b<\/a><\/li><li><a href=\"#Kamenny_koberec_doda_punc_luxusu\">Kamenn\u00fd koberec dod\u00e1 punc luxusu<\/a><\/li><\/ul><\/div>\n<h2><span id=\"Co_je_nejodolnejsi_za_kuchynskou_linkou_Kamenny_koberec\">Co je nejodoln\u011bj\u0161\u00ed za kuchy\u0148skou linkou? Kamenn\u00fd koberec<\/span><\/h2>\n<p>Modern\u00ed vybaven\u00ed kuchyn\u011b neznamen\u00e1 jen nejnov\u011bj\u0161\u00ed spot\u0159ebi\u010de nabit\u00e9 funkcemi. Tou\u017e\u00edme i po modern\u00edch materi\u00e1lech, kter\u00e9 vy\u017eaduj\u00ed minim\u00e1ln\u00ed \u00fadr\u017ebu. P\u0159esn\u011b takov\u00fd je kamenn\u00fd koberec um\u00edst\u011bn\u00fd za kuchy\u0148skou linku.<\/p>\n<h2><span id=\"Moderni_materialy_do_moderni_kuchyne\">Modern\u00ed materi\u00e1ly do modern\u00ed kuchyn\u011b<\/span><\/h2>\n<p>Des\u00edtky let jsme byli zvykl\u00ed na to, \u017ee za kuchy\u0148skou linku pat\u0159\u00ed kachli\u010dky. Pozd\u011bji zm\u011bnily form\u00e1t na mal\u00fd rozm\u011br nebo naopak na velkoform\u00e1tov\u00e9. Vyst\u0159\u00eddaly se i obl\u00edben\u00e9 dekory. N\u011b\u017en\u00e9 kyti\u010dky byly postupn\u011b nahrazeny imitac\u00ed p\u0159\u00edrodn\u00edho materi\u00e1lu v\u010detn\u011b d\u0159eva a kamene. S \u010d\u00edm si v\u0161ak nedok\u00e1\u017ee technologie v\u00fdroby kachli\u010dek poradit?<\/p>\n<p>S velk\u00fdm mno\u017estv\u00edm sp\u00e1r. A\u010dkoliv jsou kachli\u010dky pom\u011brn\u011b odoln\u00fdm materi\u00e1lem, st\u00e1le nar\u00e1\u017eej\u00ed na limity v \u00fadr\u017eb\u011b. Dokonal\u00e9 vy\u010di\u0161t\u011bn\u00ed sp\u00e1r je nam\u00e1hav\u00e9 a problematick\u00e9. Pr\u00e1v\u011b v t\u011bchto m\u00edstech se tvo\u0159\u00ed nej\u010dast\u011bji pl\u00edsn\u011b. Z d\u016fvodu n\u00e1ro\u010dn\u011bj\u0161\u00ed \u00fadr\u017eby p\u0159e\u0161lo mnoho lid\u00ed p\u0159i rekonstrukci kuchyn\u011b na sklo nebo z\u00e1dovou desku. Sklo je pom\u011brn\u011b n\u00e1kladn\u00e9 a hroz\u00ed jeho po\u0161kr\u00e1b\u00e1n\u00ed. Z\u00e1dov\u00e1 deska zase neum\u00ed vykouzlit atraktivn\u00ed designov\u00fd prvek. Jak\u00fd materi\u00e1l zvolit?<\/p>\n<p>&nbsp;<\/p>\n<h2><span id=\"Kamenny_koberec_doda_punc_luxusu\">Kamenn\u00fd koberec dod\u00e1 punc luxusu<\/span><\/h2>\n<p>Zvolili jste sk\u0159\u00ed\u0148ky a pracovn\u00ed desku v nen\u00e1padn\u00e9m dekoru? Pak je t\u0159eba s\u00e1hnout po v\u00fdrazn\u011bj\u0161\u00edm prvku, kter\u00fd celek rozsv\u00edt\u00ed. Takov\u00fdm prvkem je pr\u00e1v\u011b kamenn\u00fd koberec. Odol\u00e1v\u00e1 vy\u0161\u0161\u00edm teplot\u00e1m za spor\u00e1kem, nejsou na n\u011bm patrn\u00e9 skvrny od mastnoty a ne\u010distoty set\u0159ete vlhk\u00fdm had\u0159\u00edkem. Cel\u00fd povrch nem\u00e1 jedinou sp\u00e1ru a snadno se vytvaruje i v okol\u00ed elektrick\u00fdch z\u00e1suvek a vyp\u00edna\u010d\u016f.<\/p>\n<p>Kamenn\u00fd koberec recenze n\u011bkolikr\u00e1t vyzdvihly odolnost materi\u00e1lu a dokonal\u00fd nad\u010dasov\u00fd vzhled kuchy\u0148sk\u00e9 sestavy dopln\u011bn\u00e9 dekorac\u00ed z kam\u00ednk\u016f. Pro\u010d? Proto\u017ee p\u0159\u00edrodn\u00ed materi\u00e1ly vn\u00e1\u0161\u00ed do interi\u00e9ru v\u017edy pohodl\u00ed a harmonii.<\/p>\n<p>Kamenn\u00fd koberec do kuchyn\u011b volte ve sv\u011btl\u00fdch t\u00f3nech, snadn\u011bji se pot\u00e9 kombinuje s ostatn\u00edm vybaven\u00edm kuchyn\u011b. Je kontrastem ke tmav\u00fdm spot\u0159ebi\u010d\u016fm a lad\u00ed k b\u00edl\u00fdm nebo kr\u00e9mov\u00fdm kuchy\u0148sk\u00fdm sk\u0159\u00ed\u0148k\u00e1m.<\/p>\n<hr \/>\n<p><a href=\"https:\/\/cerama.cz\/info\/kamenny-koberec-recenze\/\"><img decoding=\"async\" loading=\"lazy\" class=\"alignnone\" title=\"Kamenn\u00fd koberec recenze\" src=\"https:\/\/cerama.cz\/info\/wp-content\/uploads\/2023\/09\/cz.png\" alt=\"Kamenn\u00fd koberec recenze\" width=\"30\" height=\"20\" \/><\/a> <a href=\"https:\/\/cerama.sk\/informacie\/kamenny-koberec-recenzia\/\"><img decoding=\"async\" loading=\"lazy\" class=\"alignnone\" title=\"Kamenn\u00fd koberec recenzia\" src=\"https:\/\/cerama.cz\/info\/wp-content\/uploads\/2023\/09\/sk.png\" alt=\"Kamenn\u00fd koberec recenzia\" width=\"32\" height=\"21\" \/><\/a><\/p>\n","protected":false},"excerpt":{"rendered":"<p>ObsahCo je nejodoln\u011bj\u0161\u00ed za kuchy\u0148skou linkou? Kamenn\u00fd koberecModern\u00ed materi\u00e1ly do modern\u00ed kuchyn\u011bKamenn\u00fd koberec dod\u00e1 punc luxusu Co je nejodoln\u011bj\u0161\u00ed za kuchy\u0148skou linkou? Kamenn\u00fd koberec Modern\u00ed vybaven\u00ed kuchyn\u011b neznamen\u00e1 jen nejnov\u011bj\u0161\u00ed spot\u0159ebi\u010de nabit\u00e9 funkcemi. Tou\u017e\u00edme i po modern\u00edch materi\u00e1lech, kter\u00e9 vy\u017eaduj\u00ed minim\u00e1ln\u00ed \u00fadr\u017ebu. P\u0159esn\u011b takov\u00fd je kamenn\u00fd koberec um\u00edst\u011bn\u00fd za kuchy\u0148skou<span class=\"more-link\"><a href=\"https:\/\/cerama.cz\/info\/kamenny-koberec-recenze\/\">Continue Reading<\/a><\/span><\/p>\n","protected":false},"author":2,"featured_media":1177,"comment_status":"closed","ping_status":"open","sticky":false,"template":"","format":"standard","meta":[],"categories":[9],"tags":[],"aioseo_notices":[],"_links":{"self":[{"href":"https:\/\/cerama.cz\/info\/wp-json\/wp\/v2\/posts\/1176"}],"collection":[{"href":"https:\/\/cerama.cz\/info\/wp-json\/wp\/v2\/posts"}],"about":[{"href":"https:\/\/cerama.cz\/info\/wp-json\/wp\/v2\/types\/post"}],"author":[{"embeddable":true,"href":"https:\/\/cerama.cz\/info\/wp-json\/wp\/v2\/users\/2"}],"replies":[{"embeddable":true,"href":"https:\/\/cerama.cz\/info\/wp-json\/wp\/v2\/comments?post=1176"}],"version-history":[{"count":5,"href":"https:\/\/cerama.cz\/info\/wp-json\/wp\/v2\/posts\/1176\/revisions"}],"predecessor-version":[{"id":1489,"href":"https:\/\/cerama.cz\/info\/wp-json\/wp\/v2\/posts\/1176\/revisions\/1489"}],"wp:featuredmedia":[{"embeddable":true,"href":"https:\/\/cerama.cz\/info\/wp-json\/wp\/v2\/media\/1177"}],"wp:attachment":[{"href":"https:\/\/cerama.cz\/info\/wp-json\/wp\/v2\/media?parent=1176"}],"wp:term":[{"taxonomy":"category","embeddable":true,"href":"https:\/\/cerama.cz\/info\/wp-json\/wp\/v2\/categories?post=1176"},{"taxonomy":"post_tag","embeddable":true,"href":"https:\/\/cerama.cz\/info\/wp-json\/wp\/v2\/tags?post=1176"}],"curies":[{"name":"wp","href":"https:\/\/api.w.org\/{rel}","templated":true}]}}