{"id":1181,"date":"2024-03-13T10:09:26","date_gmt":"2024-03-13T09:09:26","guid":{"rendered":"https:\/\/cerama.cz\/info\/?p=1181"},"modified":"2024-04-03T16:24:36","modified_gmt":"2024-04-03T14:24:36","slug":"kamenny-koberec-na-stenu","status":"publish","type":"post","link":"https:\/\/cerama.cz\/info\/kamenny-koberec-na-stenu\/","title":{"rendered":"Kamenn\u00fd koberec na st\u011bnu"},"content":{"rendered":"<h2>7 hlas\u016f pro kamenn\u00fd koberec<\/h2>\n<p>Modern\u00ed krytinou, kter\u00e1 si z\u00edsk\u00e1v\u00e1 st\u00e1le v\u011bt\u0161\u00ed popularitu je kamenn\u00fd koberec. Je v\u00fdbornou volbou pro venkovn\u00ed prostory i do interi\u00e9r\u016f. Kamenn\u00fd koberec na st\u011bnu je poutavou dekorac\u00ed, kolem baz\u00e9nu zajist\u00ed protiskluzov\u00fd povrch a schody ochr\u00e1n\u00ed p\u0159ed n\u00e1mrazou.<\/p>\n<p><strong>1. Kamenn\u00fd koberec do kuchyn\u011b<\/strong><\/p>\n<p>Koberec na st\u011bnu? Ano. Ale ten kamenn\u00fd. Je to modern\u00ed krytina, kter\u00e1 pro sv\u00e9 vlastnosti nach\u00e1z\u00ed st\u00e1le \u0161ir\u0161\u00ed uplatn\u011bn\u00ed. Kamenn\u00fd koberec na st\u011bnu je mo\u017en\u00e9 pou\u017e\u00edt za kuchy\u0148skou linku. Bude dob\u0159e odol\u00e1vat vlhku, mastnot\u011b i vy\u0161\u0161\u00edm teplot\u00e1m za varnou deskou.<\/p>\n<p><strong>2. Kamenn\u00fd koberec do vstupn\u00ed chodby<\/strong><\/p>\n<p>Vstupn\u00ed chodba je nam\u00e1hanou a hlu\u010dnou \u010d\u00e1st\u00ed bytu. S pomoc\u00ed kamenn\u00e9ho koberce vytvo\u0159\u00edte odolnou podlahu beze sp\u00e1r, co um\u00ed tlumit kro\u010dejov\u00fd hluk.<\/p>\n<p><strong>3. Kamenn\u00fd koberec na terasu<\/strong><\/p>\n<p>Velk\u00e9ho vyu\u017eit\u00ed nach\u00e1z\u00ed kamenn\u00fd koberec v bezprost\u0159edn\u00edm okol\u00ed rodinn\u00fdch dom\u016f. S kamenn\u00fdm kobercem se nemus\u00edte ob\u00e1vat ani grilov\u00e1n\u00ed na terase.<\/p>\n<p>&nbsp;<\/p>\n<p><strong>4. Kamenn\u00fd koberec ke sprchov\u00e9mu koutu<\/strong><\/p>\n<p>Kr\u00e1sn\u011b vypad\u00e1 kamenn\u00fd koberec v koupeln\u00e1ch. S \u00fapravou pro interi\u00e9r se speci\u00e1ln\u00edm gelem uzav\u0159e povrch a kamenn\u00fd koberec je vod\u011bodoln\u00fd. Oblo\u017een\u00ed sprchov\u00e9ho koutu kamenn\u00fdm kobercem nam\u00edsto dvou sklen\u011bn\u00fdch v\u00fdpln\u00ed u\u0161et\u0159\u00ed mnoho n\u00e1mahy p\u0159i \u00faklidu.<\/p>\n<p><strong>5. Protiskluzov\u00fd povrch kolem baz\u00e9nu<\/strong><\/p>\n<p>Vodn\u00ed radov\u00e1nky p\u0159in\u00e1\u0161\u00ed spoustu lou\u017e\u00ed do okol\u00ed baz\u00e9nu. Kamenn\u00fd koberec je samo-dren\u00e1\u017en\u00ed. Odv\u00e1d\u00ed vodu do spodn\u00edch vrstev p\u016fdy.<\/p>\n<p><strong>6. Odoln\u00e9 schodi\u0161t\u011b<\/strong><\/p>\n<p>Na vstupn\u00ed schodi\u0161t\u011b m\u00e1me vysok\u00e9 n\u00e1roky. Rizikem je p\u0159edev\u0161\u00edm zimn\u00ed n\u00e1mraza a sn\u011bhov\u00e9 z\u00e1v\u011bje. Zkombinujte kamenn\u00fd koberec s topnou roho\u017e\u00ed. Schody budou vyh\u0159\u00edvan\u00e9 a por\u00e9zn\u00ed povrch neklou\u017ee.<\/p>\n<p><strong>7. Ozdobte zahradu<\/strong><\/p>\n<p>Ve\u0161ker\u00e9 chodn\u00edky na zahrad\u011b nebo dekoraci op\u011brn\u00fdch z\u00eddek m\u016f\u017eete zhotovit z kamenn\u00e9ho koberce. Je praktick\u00fd a vypad\u00e1 \u00fachvatn\u011b.<\/p>\n<p>&nbsp;<\/p>\n<p>Zb\u00fdv\u00e1 posledn\u00ed \u00fakol. A mo\u017en\u00e1 ten nejt\u011b\u017e\u0161\u00ed. Vybrat ze \u0161irok\u00e9 nab\u00eddky ten nejkr\u00e1sn\u011bj\u0161\u00ed dekor. Kter\u00e9mu d\u00e1te p\u0159ednost?<\/p>\n<hr \/>\n<p><a href=\"https:\/\/cerama.cz\/info\/kamenny-koberec-na-stenu\/\"><img decoding=\"async\" loading=\"lazy\" class=\"alignnone\" title=\"Kamenn\u00fd koberec na st\u011bnu\" src=\"https:\/\/cerama.cz\/info\/wp-content\/uploads\/2023\/09\/cz.png\" alt=\"Kamenn\u00fd koberec na st\u011bnu\" width=\"30\" height=\"20\" \/><\/a> <a href=\"https:\/\/cerama.sk\/informacie\/kamenny-koberec-na-stenu\/\"><img decoding=\"async\" loading=\"lazy\" class=\"alignnone\" title=\"Kamenn\u00fd koberec na stenu\" src=\"https:\/\/cerama.cz\/info\/wp-content\/uploads\/2023\/09\/sk.png\" alt=\"Kamenn\u00fd koberec na stenu\" width=\"32\" height=\"21\" \/><\/a><\/p>\n","protected":false},"excerpt":{"rendered":"<p>7 hlas\u016f pro kamenn\u00fd koberec Modern\u00ed krytinou, kter\u00e1 si z\u00edsk\u00e1v\u00e1 st\u00e1le v\u011bt\u0161\u00ed popularitu je kamenn\u00fd koberec. Je v\u00fdbornou volbou pro venkovn\u00ed prostory i do interi\u00e9r\u016f. Kamenn\u00fd koberec na st\u011bnu je poutavou dekorac\u00ed, kolem baz\u00e9nu zajist\u00ed protiskluzov\u00fd povrch a schody ochr\u00e1n\u00ed p\u0159ed n\u00e1mrazou. 1. Kamenn\u00fd koberec do kuchyn\u011b Koberec na st\u011bnu?<span class=\"more-link\"><a href=\"https:\/\/cerama.cz\/info\/kamenny-koberec-na-stenu\/\">Continue Reading<\/a><\/span><\/p>\n","protected":false},"author":2,"featured_media":1182,"comment_status":"closed","ping_status":"open","sticky":false,"template":"","format":"standard","meta":[],"categories":[9],"tags":[],"aioseo_notices":[],"_links":{"self":[{"href":"https:\/\/cerama.cz\/info\/wp-json\/wp\/v2\/posts\/1181"}],"collection":[{"href":"https:\/\/cerama.cz\/info\/wp-json\/wp\/v2\/posts"}],"about":[{"href":"https:\/\/cerama.cz\/info\/wp-json\/wp\/v2\/types\/post"}],"author":[{"embeddable":true,"href":"https:\/\/cerama.cz\/info\/wp-json\/wp\/v2\/users\/2"}],"replies":[{"embeddable":true,"href":"https:\/\/cerama.cz\/info\/wp-json\/wp\/v2\/comments?post=1181"}],"version-history":[{"count":4,"href":"https:\/\/cerama.cz\/info\/wp-json\/wp\/v2\/posts\/1181\/revisions"}],"predecessor-version":[{"id":1439,"href":"https:\/\/cerama.cz\/info\/wp-json\/wp\/v2\/posts\/1181\/revisions\/1439"}],"wp:featuredmedia":[{"embeddable":true,"href":"https:\/\/cerama.cz\/info\/wp-json\/wp\/v2\/media\/1182"}],"wp:attachment":[{"href":"https:\/\/cerama.cz\/info\/wp-json\/wp\/v2\/media?parent=1181"}],"wp:term":[{"taxonomy":"category","embeddable":true,"href":"https:\/\/cerama.cz\/info\/wp-json\/wp\/v2\/categories?post=1181"},{"taxonomy":"post_tag","embeddable":true,"href":"https:\/\/cerama.cz\/info\/wp-json\/wp\/v2\/tags?post=1181"}],"curies":[{"name":"wp","href":"https:\/\/api.w.org\/{rel}","templated":true}]}}