{"id":1186,"date":"2024-03-13T16:49:00","date_gmt":"2024-03-13T15:49:00","guid":{"rendered":"https:\/\/cerama.cz\/info\/?p=1186"},"modified":"2024-04-03T16:24:39","modified_gmt":"2024-04-03T14:24:39","slug":"kamenny-koberec-sprchovy-kout","status":"publish","type":"post","link":"https:\/\/cerama.cz\/info\/kamenny-koberec-sprchovy-kout\/","title":{"rendered":"Kamenn\u00fd koberec sprchov\u00fd kout"},"content":{"rendered":"<h2>5 m\u00edst kam se v koupeln\u011b hod\u00ed kamenn\u00fd koberec<\/h2>\n<p>K\u00e1men, d\u0159evo, sklo. Obl\u00edben\u00e9 materi\u00e1ly, co um\u00ed vykouzlit \u00fatuln\u00fd interi\u00e9r. Jak\u00e1 je jejich modern\u00ed podoba? A jak je kombinovat nap\u0159\u00edklad v koupeln\u011b? Tak, abyste doc\u00edlili snadn\u00e9 \u00fadr\u017eby. Obklady z kamenn\u00e9ho koberce si zamilujete.<\/p>\n<p><strong>1. Kamenn\u00fd koberec u sprchov\u00e9ho koutu<\/strong><\/p>\n<p>Sprchov\u00fd kout je m\u00edstem relaxace i m\u00edstem, kter\u00e9 uvoln\u00ed svalov\u00e9 nap\u011bt\u00ed. Proudu vody si chceme u\u017e\u00edvat co nej\u010dast\u011bji. M\u00e9n\u011b \u010dast\u011bji se chceme v\u011bnovat le\u0161t\u011bn\u00ed sklen\u011bn\u00fdch ploch u sprchov\u00e9ho koutu. Zn\u00e1me \u0159e\u0161en\u00ed. Je tu kamenn\u00fd koberec sprchov\u00fd kout. Sklen\u011bn\u00e1 m\u016f\u017eete ponechat pouze dv\u00ed\u0159ka a ostatn\u00ed st\u011bny zhotovit z n\u00e1dhern\u00fdch \u0159\u00ed\u010dn\u00edch kam\u00ednk\u016f.<\/p>\n<p><strong>2. Dekorujte umyvadlo<\/strong><\/p>\n<p>Pod umyvadlo si s oblibou um\u00eds\u0165ujeme sk\u0159\u00ed\u0148ku. Bohu\u017eel je n\u00e1chyln\u00e1 na vlhkost a \u010dasem jsou na n\u00ed zn\u00e1t stopy opot\u0159eben\u00ed. Svrchn\u00ed deska mezi sk\u0159\u00ed\u0148kou a umyvadlem m\u016f\u017ee b\u00fdt odoln\u00e1. Zhotovte ji z kamenn\u00e9ho koberce.<\/p>\n<p>&nbsp;<\/p>\n<p><strong>3. Kamenn\u00fd koberec k van\u011b<\/strong><\/p>\n<p>Oblo\u017een\u00edm vestav\u011bn\u00e9 vany kamenn\u00fdm kobercem z\u00edsk\u00e1te poutavou dominantu m\u00edstnosti a o\u017eiv\u00edte ostatn\u00ed jednobarevn\u00fd obklad.<\/p>\n<p><strong>4. Odoln\u00e1 podlaha<\/strong><\/p>\n<p>Podlaha v koupeln\u011b m\u016f\u017ee b\u00fdt beze sp\u00e1r, a s vysokou odolnost\u00ed. Vyberte si kamenn\u00fd koberec a povrch uzav\u0159ete interi\u00e9rov\u00fdm gelem. Podlaha h\u0159eje a je kr\u00e1sn\u00e9 se po n\u00ed proj\u00edt.<\/p>\n<p><strong>5. Vym\u011b\u0148te obklady za jedin\u00fd den<\/strong><\/p>\n<p>Kamenn\u00fd koberec m\u016f\u017eete pou\u017e\u00edt na star\u00fd obklad bez nutnosti jeho odstran\u011bn\u00ed a vybrou\u0161en\u00ed. Kompletn\u00ed prom\u011bnu koupelny stihnete za jedin\u00fd den.<\/p>\n<h2>Jak se pracuje s kamenn\u00fdm kobercem<\/h2>\n<p>Kamenn\u00fd koberec je k dost\u00e1n\u00ed jako sypk\u00e1 sm\u011bs kam\u00ednk\u016f a balen\u00ed speci\u00e1ln\u00ed prysky\u0159ice a tu\u017eidla. Slo\u017eky se sm\u00edchaj\u00ed tak, \u017ee jsou kam\u00ednky zcela obaleny. Sm\u011bs postupn\u011b vysypete a rozet\u0159ete hlad\u00edtkem. Je dokonale tv\u00e1rn\u00e1 a p\u0159ek\u00e1\u017ekou nejsou ani elektrick\u00e9 z\u00e1suvky nebo vestav\u011bn\u00e9 sk\u0159\u00ed\u0148ky. S trochou \u0161ikovnosti zvl\u00e1dnete cel\u00fd proces sami. Na v\u011bt\u0161\u00ed plochy se v\u0161ak doporu\u010duje odborn\u00e1 instalace.<\/p>\n<hr \/>\n<p><a href=\"https:\/\/cerama.cz\/info\/kamenny-koberec-sprchovy-kout\/\"><img decoding=\"async\" loading=\"lazy\" class=\"alignnone\" title=\"Kamenn\u00fd koberec sprchov\u00fd kout\" src=\"https:\/\/cerama.cz\/info\/wp-content\/uploads\/2023\/09\/cz.png\" alt=\"Kamenn\u00fd koberec sprchov\u00fd kout\" width=\"30\" height=\"20\" \/><\/a> <a href=\"https:\/\/cerama.sk\/informacie\/kamenny-koberec-sprchovy-kut\/\"><img decoding=\"async\" loading=\"lazy\" class=\"alignnone\" title=\"Kamenn\u00fd koberec sprchov\u00fd k\u00fat\" src=\"https:\/\/cerama.cz\/info\/wp-content\/uploads\/2023\/09\/sk.png\" alt=\"Kamenn\u00fd koberec sprchov\u00fd k\u00fat\" width=\"32\" height=\"21\" \/><\/a><\/p>\n","protected":false},"excerpt":{"rendered":"<p>5 m\u00edst kam se v koupeln\u011b hod\u00ed kamenn\u00fd koberec K\u00e1men, d\u0159evo, sklo. Obl\u00edben\u00e9 materi\u00e1ly, co um\u00ed vykouzlit \u00fatuln\u00fd interi\u00e9r. Jak\u00e1 je jejich modern\u00ed podoba? A jak je kombinovat nap\u0159\u00edklad v koupeln\u011b? Tak, abyste doc\u00edlili snadn\u00e9 \u00fadr\u017eby. Obklady z kamenn\u00e9ho koberce si zamilujete. 1. Kamenn\u00fd koberec u sprchov\u00e9ho koutu Sprchov\u00fd kout<span class=\"more-link\"><a href=\"https:\/\/cerama.cz\/info\/kamenny-koberec-sprchovy-kout\/\">Continue Reading<\/a><\/span><\/p>\n","protected":false},"author":2,"featured_media":1187,"comment_status":"closed","ping_status":"open","sticky":false,"template":"","format":"standard","meta":[],"categories":[9],"tags":[],"aioseo_notices":[],"_links":{"self":[{"href":"https:\/\/cerama.cz\/info\/wp-json\/wp\/v2\/posts\/1186"}],"collection":[{"href":"https:\/\/cerama.cz\/info\/wp-json\/wp\/v2\/posts"}],"about":[{"href":"https:\/\/cerama.cz\/info\/wp-json\/wp\/v2\/types\/post"}],"author":[{"embeddable":true,"href":"https:\/\/cerama.cz\/info\/wp-json\/wp\/v2\/users\/2"}],"replies":[{"embeddable":true,"href":"https:\/\/cerama.cz\/info\/wp-json\/wp\/v2\/comments?post=1186"}],"version-history":[{"count":4,"href":"https:\/\/cerama.cz\/info\/wp-json\/wp\/v2\/posts\/1186\/revisions"}],"predecessor-version":[{"id":1440,"href":"https:\/\/cerama.cz\/info\/wp-json\/wp\/v2\/posts\/1186\/revisions\/1440"}],"wp:featuredmedia":[{"embeddable":true,"href":"https:\/\/cerama.cz\/info\/wp-json\/wp\/v2\/media\/1187"}],"wp:attachment":[{"href":"https:\/\/cerama.cz\/info\/wp-json\/wp\/v2\/media?parent=1186"}],"wp:term":[{"taxonomy":"category","embeddable":true,"href":"https:\/\/cerama.cz\/info\/wp-json\/wp\/v2\/categories?post=1186"},{"taxonomy":"post_tag","embeddable":true,"href":"https:\/\/cerama.cz\/info\/wp-json\/wp\/v2\/tags?post=1186"}],"curies":[{"name":"wp","href":"https:\/\/api.w.org\/{rel}","templated":true}]}}