{"id":1191,"date":"2024-03-14T08:57:57","date_gmt":"2024-03-14T07:57:57","guid":{"rendered":"https:\/\/cerama.cz\/info\/?p=1191"},"modified":"2024-04-03T16:24:43","modified_gmt":"2024-04-03T14:24:43","slug":"kamenny-koberec-na-balkon","status":"publish","type":"post","link":"https:\/\/cerama.cz\/info\/kamenny-koberec-na-balkon\/","title":{"rendered":"Kamenn\u00fd koberec na balkon"},"content":{"rendered":"<div id=\"toc_container\" class=\"have_bullets\"><p class=\"toc_title\">Obsah<\/p><ul class=\"toc_list\"><li><a href=\"#Nejkrasnejsi_balkony_maji_dotek_prirody\">Nejkr\u00e1sn\u011bj\u0161\u00ed balkony maj\u00ed dotek p\u0159\u00edrody<\/a><\/li><li><a href=\"#Balkon_s_novou_podlahou\">Balkon s novou podlahou<\/a><\/li><li><a href=\"#Balkon_co_hreje_a_neklouze\">Balk\u00f3n, co h\u0159eje a neklou\u017ee<\/a><\/li><li><a href=\"#Ricni_kaminky_v_sirokem_sortimentu\">\u0158\u00ed\u010dn\u00ed kam\u00ednky v \u0161irok\u00e9m sortimentu<\/a><\/li><li><a href=\"#Rychla_pokladka_a_snadne_tvarovani\">Rychl\u00e1 pokl\u00e1dka a snadn\u00e9 tvarov\u00e1n\u00ed<\/a><\/li><\/ul><\/div>\n<h2><span id=\"Nejkrasnejsi_balkony_maji_dotek_prirody\">Nejkr\u00e1sn\u011bj\u0161\u00ed balkony maj\u00ed dotek p\u0159\u00edrody<\/span><\/h2>\n<p>Balkon je m\u00edstem, kde tou\u017e\u00edme po pohodl\u00ed a p\u0159\u00edjemn\u00e9m posezen\u00ed. Je to p\u0159irozen\u00fd p\u0159echod mezi interi\u00e9rem a venkovn\u00edm prostranstv\u00edm. Sna\u017e\u00edme se jej os\u00e1zet kv\u011btinami, p\u011bstujeme na n\u011bm bylinky n\u011bkdy i drobn\u011bj\u0161\u00ed zeleninu. Sem pat\u0159\u00ed krytina z p\u0159\u00edrodn\u00edho materi\u00e1lu.<\/p>\n<h2><span id=\"Balkon_s_novou_podlahou\">Balkon s novou podlahou<\/span><\/h2>\n<p>P\u0159ev\u00e1\u017en\u00e1 v\u011bt\u0161ina star\u0161\u00edch balkon\u016f m\u00e1 nevyhovuj\u00edc\u00ed podlahu. Sta\u010d\u00ed trocha vlhkosti a podlaha se st\u00e1v\u00e1 velmi kluzkou. V zimn\u011b namrzne a oblo\u017een\u00ed se za\u010d\u00edn\u00e1 drolit, praskat, loupat. Kamenn\u00fd koberec na balkon vy\u0159e\u0161\u00ed ve\u0161ker\u00e9 neduhy. Dokonce nebudete muset ani odstra\u0148ovat p\u016fvodn\u00ed povrch. S kamenn\u00fdm kobercem budete vyrovn\u00e1vat podklad i vytv\u00e1\u0159et n\u00e1\u0161lapnou vrstvu jedn\u00edm pohybem.<\/p>\n<h2><span id=\"Balkon_co_hreje_a_neklouze\">Balk\u00f3n, co h\u0159eje a neklou\u017ee<\/span><\/h2>\n<p>Kamenn\u00fd koberec na balkon m\u016f\u017eete kombinovat s topnou roho\u017e\u00ed. Povrch s p\u0159irozenou strukturou neklou\u017ee a topn\u00e1 roho\u017e se postar\u00e1 o n\u00e1mrazu i sn\u011bhov\u00e9 z\u00e1v\u011bje. Balk\u00f3n si budete moci u\u017e\u00edvat mnohem d\u00e9le, a i ve dnech, kdy v\u00e1m d\u0159\u00edve nep\u0159\u00e1lo po\u010das\u00ed. A do bos\u00fdch nohou v\u00e1s budou h\u0159\u00e1t \u0159\u00ed\u010dn\u00ed kam\u00ednky. V\u00edte o lep\u0161\u00edm doteku p\u0159\u00edrody?<\/p>\n<p>&nbsp;<\/p>\n<h2><span id=\"Ricni_kaminky_v_sirokem_sortimentu\">\u0158\u00ed\u010dn\u00ed kam\u00ednky v \u0161irok\u00e9m sortimentu<\/span><\/h2>\n<p>Nab\u00eddka materi\u00e1l\u016f na kamenn\u00fd koberec je velmi \u0161irok\u00e1. Na v\u00fdb\u011br m\u00e1te \u0159\u00ed\u010dn\u00ed kam\u00ednky r\u016fzn\u00fdch velikost\u00ed a v\u00edce ne\u017e des\u00edtku barevn\u00fdch kombinac\u00ed. K dost\u00e1n\u00ed jsou i perle\u0165ov\u00e9 kam\u00ednky. K t\u011bm nejluxusn\u011bj\u0161\u00edm pak pat\u0159\u00ed \u0161t\u00edpan\u00fd mramor.<\/p>\n<h2><span id=\"Rychla_pokladka_a_snadne_tvarovani\">Rychl\u00e1 pokl\u00e1dka a snadn\u00e9 tvarov\u00e1n\u00ed<\/span><\/h2>\n<p>Sm\u011bs kamenn\u00e9ho koberce je p\u0159ipravena i k aplikaci sv\u00e9pomoc\u00ed. Sta\u010d\u00ed z\u00e1kladn\u00ed n\u00e1\u0159ad\u00ed a trocha \u0161ikovnosti. Zru\u010dn\u00fd kutil nebude m\u00edt s instalac\u00ed podlahov\u00e9 krytiny sebemen\u0161\u00ed probl\u00e9m. K v\u011bt\u0161\u00edm a \u010dlenit\u011bj\u0161\u00edm ploch\u00e1m se doporu\u010duje p\u0159izvat profesion\u00e1ln\u00edho poklada\u010de.<\/p>\n<p>Sm\u011bs je p\u0159i aplikaci m\u011bkk\u00e1 a tv\u00e1rn\u00e1, snadno se p\u0159izp\u016fsob\u00ed nerovnostem podkladu. Kamenn\u00fd koberec m\u016f\u017eete polo\u017eit na d\u0159evo, beton, asfalt i dla\u017edice. Jednotliv\u00e9 barevn\u00e9 proveden\u00ed sm\u011bs\u00ed je mo\u017en\u00e9 i kombinovat mezi sebou. T\u00edm vytvo\u0159\u00edte zaj\u00edmav\u00e9 aplikace a dekorace.<\/p>\n<hr \/>\n<p><a href=\"https:\/\/cerama.cz\/info\/kamenny-koberec-na-balkon\/\"><img decoding=\"async\" loading=\"lazy\" class=\"alignnone\" title=\"Kamenn\u00fd koberec na balkon\" src=\"https:\/\/cerama.cz\/info\/wp-content\/uploads\/2023\/09\/cz.png\" alt=\"Kamenn\u00fd koberec na balkon\" width=\"30\" height=\"20\" \/><\/a> <a href=\"https:\/\/cerama.sk\/informacie\/kamenny-koberec-na-balkon\/\"><img decoding=\"async\" loading=\"lazy\" class=\"alignnone\" title=\"Kamenn\u00fd koberec na balk\u00f3n\" src=\"https:\/\/cerama.cz\/info\/wp-content\/uploads\/2023\/09\/sk.png\" alt=\"Kamenn\u00fd koberec na balk\u00f3n\" width=\"32\" height=\"21\" \/><\/a><\/p>\n","protected":false},"excerpt":{"rendered":"<p>ObsahNejkr\u00e1sn\u011bj\u0161\u00ed balkony maj\u00ed dotek p\u0159\u00edrodyBalkon s novou podlahouBalk\u00f3n, co h\u0159eje a neklou\u017ee\u0158\u00ed\u010dn\u00ed kam\u00ednky v \u0161irok\u00e9m sortimentuRychl\u00e1 pokl\u00e1dka a snadn\u00e9 tvarov\u00e1n\u00ed Nejkr\u00e1sn\u011bj\u0161\u00ed balkony maj\u00ed dotek p\u0159\u00edrody Balkon je m\u00edstem, kde tou\u017e\u00edme po pohodl\u00ed a p\u0159\u00edjemn\u00e9m posezen\u00ed. Je to p\u0159irozen\u00fd p\u0159echod mezi interi\u00e9rem a venkovn\u00edm prostranstv\u00edm. Sna\u017e\u00edme se jej os\u00e1zet kv\u011btinami, p\u011bstujeme<span class=\"more-link\"><a href=\"https:\/\/cerama.cz\/info\/kamenny-koberec-na-balkon\/\">Continue Reading<\/a><\/span><\/p>\n","protected":false},"author":2,"featured_media":1192,"comment_status":"closed","ping_status":"open","sticky":false,"template":"","format":"standard","meta":[],"categories":[9],"tags":[],"aioseo_notices":[],"_links":{"self":[{"href":"https:\/\/cerama.cz\/info\/wp-json\/wp\/v2\/posts\/1191"}],"collection":[{"href":"https:\/\/cerama.cz\/info\/wp-json\/wp\/v2\/posts"}],"about":[{"href":"https:\/\/cerama.cz\/info\/wp-json\/wp\/v2\/types\/post"}],"author":[{"embeddable":true,"href":"https:\/\/cerama.cz\/info\/wp-json\/wp\/v2\/users\/2"}],"replies":[{"embeddable":true,"href":"https:\/\/cerama.cz\/info\/wp-json\/wp\/v2\/comments?post=1191"}],"version-history":[{"count":4,"href":"https:\/\/cerama.cz\/info\/wp-json\/wp\/v2\/posts\/1191\/revisions"}],"predecessor-version":[{"id":1441,"href":"https:\/\/cerama.cz\/info\/wp-json\/wp\/v2\/posts\/1191\/revisions\/1441"}],"wp:featuredmedia":[{"embeddable":true,"href":"https:\/\/cerama.cz\/info\/wp-json\/wp\/v2\/media\/1192"}],"wp:attachment":[{"href":"https:\/\/cerama.cz\/info\/wp-json\/wp\/v2\/media?parent=1191"}],"wp:term":[{"taxonomy":"category","embeddable":true,"href":"https:\/\/cerama.cz\/info\/wp-json\/wp\/v2\/categories?post=1191"},{"taxonomy":"post_tag","embeddable":true,"href":"https:\/\/cerama.cz\/info\/wp-json\/wp\/v2\/tags?post=1191"}],"curies":[{"name":"wp","href":"https:\/\/api.w.org\/{rel}","templated":true}]}}