{"id":1196,"date":"2024-03-14T09:41:59","date_gmt":"2024-03-14T08:41:59","guid":{"rendered":"https:\/\/cerama.cz\/info\/?p=1196"},"modified":"2024-04-03T16:24:51","modified_gmt":"2024-04-03T14:24:51","slug":"kamenny-koberec-na-svisle-plochy","status":"publish","type":"post","link":"https:\/\/cerama.cz\/info\/kamenny-koberec-na-svisle-plochy\/","title":{"rendered":"Kamenn\u00fd koberec na svisl\u00e9 plochy"},"content":{"rendered":"<div id=\"toc_container\" class=\"have_bullets\"><p class=\"toc_title\">Obsah<\/p><ul class=\"toc_list\"><li><a href=\"#3_mistnosti_kterym_chybi_kamenny_koberec\">3 m\u00edstnosti, kter\u00fdm chyb\u00ed kamenn\u00fd koberec<\/a><\/li><li><a href=\"#Kouzla_za_kuchynskou_linkou\">Kouzla za kuchy\u0148skou linkou<\/a><\/li><li><a href=\"#Je_tu_kamenny_koberec_na_svisle_plochy\">Je tu kamenn\u00fd koberec na svisl\u00e9 plochy.<\/a><\/li><li><a href=\"#Snadna_aplikace_kamenneho_koberce_v_koupelne\">Snadn\u00e1 aplikace kamenn\u00e9ho koberce v koupeln\u011b<\/a><\/li><li><a href=\"#Obyvaci_pokoj_s_tisicem_kaminku\">Ob\u00fdvac\u00ed pokoj s tis\u00edcem kam\u00ednk\u016f<\/a><\/li><\/ul><\/div>\n<h2><span id=\"3_mistnosti_kterym_chybi_kamenny_koberec\">3 m\u00edstnosti, kter\u00fdm chyb\u00ed kamenn\u00fd koberec<\/span><\/h2>\n<p>S kamenn\u00fdm kobercem se \u010dasto potk\u00e1v\u00e1me v zahrad\u00e1ch okolo rodinn\u00fdch dom\u016f. Cestu si na\u0161el i na ve\u0159ejn\u00e1 prostranstv\u00ed a st\u00e1le \u010dast\u011bji jej pou\u0161t\u00edme do interi\u00e9r\u016f. M\u00e9n\u011b \u010dast\u00e1 je aplikace kamenn\u00e9ho koberce na svisl\u00e9 plochy. Zjist\u011bte, jak jej m\u016f\u017eete vyu\u017e\u00edt.<\/p>\n<h2><span id=\"Kouzla_za_kuchynskou_linkou\">Kouzla za kuchy\u0148skou linkou<\/span><\/h2>\n<p>St\u00e1le pat\u0159\u00edte mezi ty, kte\u0159\u00ed maj\u00ed za kuchy\u0148skou linkou nevzhledn\u00e9 dla\u017edi\u010dky? Jejich dekor u\u017e d\u00e1vno vy\u0161el z m\u00f3dy a \u0159ada z nich je popraskan\u00e1? Nebo se chyst\u00e1te na instalaci nov\u00e9 kuchyn\u011b a nev\u00edte si rady, jak vy\u0159e\u0161it prostor za kuchy\u0148skou linkou?<\/p>\n<h2><span id=\"Je_tu_kamenny_koberec_na_svisle_plochy\">Je tu kamenn\u00fd koberec na svisl\u00e9 plochy.<\/span><\/h2>\n<p>Za kuchy\u0148skou linkou je velmi praktick\u00fd, proto\u017ee nem\u00e1 jedinou sp\u00e1ru, ve kter\u00e9 by se usazovaly ne\u010distoty. Odol\u00e1v\u00e1 mastnot\u00e1m a m\u016f\u017eete na jeho \u010di\u0161t\u011bn\u00ed pou\u017e\u00edt desinfek\u010dn\u00ed prost\u0159edky. Nemus\u00edte m\u00edt sebemen\u0161\u00ed obavu um\u00edstit jej v bl\u00edzkosti d\u0159ezu nebo za varnou desku.<\/p>\n<p>&nbsp;<\/p>\n<h2><span id=\"Snadna_aplikace_kamenneho_koberce_v_koupelne\">Snadn\u00e1 aplikace kamenn\u00e9ho koberce v koupeln\u011b<\/span><\/h2>\n<p>Do nov\u00e9 koupelny se obklad st\u011bn vyb\u00edr\u00e1 pom\u011brn\u011b snadno. Sta\u010d\u00ed zvolit povrch, kter\u00fd bude odoln\u00fd vlhkosti a nebude m\u00edt \u017e\u00e1dn\u00e9 sp\u00e1ry, aby byla \u00fadr\u017eba co nejsnadn\u011bj\u0161\u00ed. Z\u00e1rove\u0148 bychom si p\u0159\u00e1li modern\u00ed vzhled a p\u0159\u00edrodn\u00ed materi\u00e1l, kter\u00fd nezat\u011b\u017euje \u017eivotn\u00ed prost\u0159ed\u00ed. V\u00edt\u011bzem je kamenn\u00fd koberec.<\/p>\n<p>Star\u0161\u00ed koupelna vy\u017eaduje nam\u00e1havou rekonstrukci a st\u011bhov\u00e1n\u00ed z bytu na n\u011bkolik t\u00fddn\u016f. Je t\u0159eba odstranit star\u00fd obklad i dla\u017edice. \u010casto pak n\u00e1sleduje vybrou\u0161en\u00ed a nov\u00e1 om\u00edtka, kter\u00e1 mus\u00ed zaschnout. Opravdu nen\u00ed mo\u017en\u00e9 naj\u00edt snadn\u011bj\u0161\u00ed postup? Ale ano.<\/p>\n<p>Rozhl\u00e9dn\u011bte se po nab\u00eddce modern\u00edch materi\u00e1l\u016f a jist\u011b zv\u00edt\u011bz\u00ed kamenn\u00fd koberec. V koupeln\u011b jej m\u016f\u017eete aplikovat p\u0159\u00edmo na p\u016fvodn\u00ed obklady. Sta\u010d\u00ed jen vym\u011bnit krabice na z\u00e1suvky za hlub\u0161\u00ed. Nov\u00fd vzhled koupelny bude hotov za jeden v\u00edkend.<\/p>\n<h2><span id=\"Obyvaci_pokoj_s_tisicem_kaminku\">Ob\u00fdvac\u00ed pokoj s tis\u00edcem kam\u00ednk\u016f<\/span><\/h2>\n<p>Navazuje v\u00e1\u0161 ob\u00fdvac\u00ed pokoj p\u0159\u00edmo na terasu, a je\u0161t\u011b se m\u016f\u017eete py\u0161nit krbov\u00fdmi kamny? Pak na terasu zvolte kamenn\u00fd koberec a pokra\u010dujte a\u017e do ob\u00fdvac\u00edho pokoje. Vytvo\u0159\u00ed se jednotn\u00e1 z\u00f3na, n\u00e1dhern\u00e9 propojen\u00ed vnit\u0159n\u00edho a venkovn\u00edho prostoru. Ve stejn\u00e9m dekoru pak oblo\u017ete st\u011bnu za krbov\u00fdmi kamny.<\/p>\n<hr \/>\n<p><a href=\"https:\/\/cerama.cz\/info\/kamenny-koberec-na-svisle-plochy\/\"><img decoding=\"async\" loading=\"lazy\" class=\"alignnone\" title=\"Kamenn\u00fd koberec na svisl\u00e9 plochy\" src=\"https:\/\/cerama.cz\/info\/wp-content\/uploads\/2023\/09\/cz.png\" alt=\"Kamenn\u00fd koberec na svisl\u00e9 plochy\" width=\"30\" height=\"20\" \/><\/a> <a href=\"https:\/\/cerama.sk\/informacie\/kamenny-koberec-na-zvisle-plochy\/\"><img decoding=\"async\" loading=\"lazy\" class=\"alignnone\" title=\"Kamenn\u00fd koberec na zvisl\u00e9 plochy\" src=\"https:\/\/cerama.cz\/info\/wp-content\/uploads\/2023\/09\/sk.png\" alt=\"Kamenn\u00fd koberec na zvisl\u00e9 plochy\" width=\"32\" height=\"21\" \/><\/a><\/p>\n","protected":false},"excerpt":{"rendered":"<p>Obsah3 m\u00edstnosti, kter\u00fdm chyb\u00ed kamenn\u00fd koberecKouzla za kuchy\u0148skou linkouJe tu kamenn\u00fd koberec na svisl\u00e9 plochy.Snadn\u00e1 aplikace kamenn\u00e9ho koberce v koupeln\u011bOb\u00fdvac\u00ed pokoj s tis\u00edcem kam\u00ednk\u016f 3 m\u00edstnosti, kter\u00fdm chyb\u00ed kamenn\u00fd koberec S kamenn\u00fdm kobercem se \u010dasto potk\u00e1v\u00e1me v zahrad\u00e1ch okolo rodinn\u00fdch dom\u016f. Cestu si na\u0161el i na ve\u0159ejn\u00e1 prostranstv\u00ed a st\u00e1le<span class=\"more-link\"><a href=\"https:\/\/cerama.cz\/info\/kamenny-koberec-na-svisle-plochy\/\">Continue Reading<\/a><\/span><\/p>\n","protected":false},"author":2,"featured_media":1198,"comment_status":"closed","ping_status":"open","sticky":false,"template":"","format":"standard","meta":[],"categories":[9],"tags":[],"aioseo_notices":[],"_links":{"self":[{"href":"https:\/\/cerama.cz\/info\/wp-json\/wp\/v2\/posts\/1196"}],"collection":[{"href":"https:\/\/cerama.cz\/info\/wp-json\/wp\/v2\/posts"}],"about":[{"href":"https:\/\/cerama.cz\/info\/wp-json\/wp\/v2\/types\/post"}],"author":[{"embeddable":true,"href":"https:\/\/cerama.cz\/info\/wp-json\/wp\/v2\/users\/2"}],"replies":[{"embeddable":true,"href":"https:\/\/cerama.cz\/info\/wp-json\/wp\/v2\/comments?post=1196"}],"version-history":[{"count":5,"href":"https:\/\/cerama.cz\/info\/wp-json\/wp\/v2\/posts\/1196\/revisions"}],"predecessor-version":[{"id":1442,"href":"https:\/\/cerama.cz\/info\/wp-json\/wp\/v2\/posts\/1196\/revisions\/1442"}],"wp:featuredmedia":[{"embeddable":true,"href":"https:\/\/cerama.cz\/info\/wp-json\/wp\/v2\/media\/1198"}],"wp:attachment":[{"href":"https:\/\/cerama.cz\/info\/wp-json\/wp\/v2\/media?parent=1196"}],"wp:term":[{"taxonomy":"category","embeddable":true,"href":"https:\/\/cerama.cz\/info\/wp-json\/wp\/v2\/categories?post=1196"},{"taxonomy":"post_tag","embeddable":true,"href":"https:\/\/cerama.cz\/info\/wp-json\/wp\/v2\/tags?post=1196"}],"curies":[{"name":"wp","href":"https:\/\/api.w.org\/{rel}","templated":true}]}}