{"id":1202,"date":"2024-03-14T11:36:10","date_gmt":"2024-03-14T10:36:10","guid":{"rendered":"https:\/\/cerama.cz\/info\/?p=1202"},"modified":"2024-04-03T16:24:55","modified_gmt":"2024-04-03T14:24:55","slug":"kamenny-koberec-udrzba","status":"publish","type":"post","link":"https:\/\/cerama.cz\/info\/kamenny-koberec-udrzba\/","title":{"rendered":"Kamenn\u00fd koberec \u00fadr\u017eba"},"content":{"rendered":"<div id=\"toc_container\" class=\"have_bullets\"><p class=\"toc_title\">Obsah<\/p><ul class=\"toc_list\"><li><a href=\"#Nejkrasnejsi_podlaha_na_terasu_a_zimni_zahradu\">Nejkr\u00e1sn\u011bj\u0161\u00ed podlaha na terasu a zimn\u00ed zahradu<\/a><\/li><li><a href=\"#Kamenny_koberec_do_zimni_zahrady_i_na_terasu\">Kamenn\u00fd koberec do zimn\u00ed zahrady i na terasu<\/a><\/li><li><a href=\"#Jednoducha_pokladka_snadne_tvarovani\">Jednoduch\u00e1 pokl\u00e1dka, snadn\u00e9 tvarov\u00e1n\u00ed<\/a><\/li><\/ul><\/div>\n<h2><span id=\"Nejkrasnejsi_podlaha_na_terasu_a_zimni_zahradu\">Nejkr\u00e1sn\u011bj\u0161\u00ed podlaha na terasu a zimn\u00ed zahradu<\/span><\/h2>\n<p>Terasu a zimn\u00ed zahradu vn\u00edm\u00e1me jako kouzeln\u00e9 m\u00edsto, vyhrazen\u00e9 jen pro odpo\u010dinek a relaxaci. Zp\u0159\u00edjemn\u00ed n\u00e1m ji pokojov\u00e9 kv\u011btiny, bylinky, zelenina a t\u0159eba i font\u00e1nka. Pou\u017eit\u00ed p\u0159\u00edrodn\u00edch materi\u00e1l\u016f na podlahu se p\u0159\u00edmo nab\u00edz\u00ed. Zkuste kamenn\u00fd koberec.<\/p>\n<h2><span id=\"Kamenny_koberec_do_zimni_zahrady_i_na_terasu\">Kamenn\u00fd koberec do zimn\u00ed zahrady i na terasu<\/span><\/h2>\n<p>Zimn\u00ed zahrady jsou tolik obl\u00edben\u00e9 proto, \u017ee n\u00e1m poskytnou mal\u00fd kousek p\u0159\u00edrody v m\u00edstech, kde nem\u00e1me mo\u017enost venkovn\u00ed zahrady. N\u011bkdy z d\u016fvodu bydlen\u00ed v byt\u011b jindy z d\u016fvodu nep\u0159\u00edzn\u011b po\u010das\u00ed.<\/p>\n<p>Podle velikosti zimn\u00ed zahrady n\u00e1m prostor umo\u017en\u00ed p\u011bstov\u00e1n\u00ed nejr\u016fzn\u011bj\u0161\u00edch men\u0161\u00edch druh\u016f zeleniny, bylinek i okrasn\u00fdch pokojov\u00fdch kv\u011btin. P\u0159i za\u0159izov\u00e1n\u00ed zimn\u00ed zahrady mysl\u00edme ur\u010dit\u011b na posezen\u00ed a vyb\u00edr\u00e1me d\u0159ev\u011bn\u00e9 proveden\u00ed stolku a \u017eidli\u010dek. Kr\u00e1sn\u011b vypad\u00e1 i ratanov\u00e1 pohovka. Jak ale vy\u0159e\u0161it podlahu?<\/p>\n<p>&nbsp;<\/p>\n<p>Nab\u00edz\u00ed se p\u0159\u00edrodn\u00ed materi\u00e1ly, abychom doladili celkovou atmosf\u00e9ru m\u00edsta. Na v\u00fdb\u011br je n\u011bkolik dekor\u016f kamenn\u00e9ho koberce. \u0158\u00ed\u010dn\u00ed kam\u00ednky rozsypan\u00e9 do pevn\u00e9 plochy bez jedin\u00e9 sp\u00e1ry vypadaj\u00ed opravdu \u00fa\u017easn\u011b. A co kamenn\u00fd koberec \u00fadr\u017eba? I ta v\u00e1s p\u0159\u00edjemn\u011b p\u0159ekvap\u00ed. Na b\u011b\u017en\u00e9 \u010di\u0161t\u011bn\u00ed sta\u010d\u00ed smet\u00e1k nebo mop.<\/p>\n<p>Na terase si m\u016f\u017eete dovolit \u010di\u0161t\u011bn\u00ed zahradn\u00ed hadic\u00ed nebo vysokotlak\u00fdm \u010disti\u010dem. Kamenn\u00fd koberec snadno udr\u017e\u00edte hygienicky \u010dist\u00fd. A zkuste se proj\u00edt bosou nohou! Dotek tepl\u00fdch, hladk\u00fdch obl\u00e1zk\u016f si zamilujete.<\/p>\n<h2><span id=\"Jednoducha_pokladka_snadne_tvarovani\">Jednoduch\u00e1 pokl\u00e1dka, snadn\u00e9 tvarov\u00e1n\u00ed<\/span><\/h2>\n<p>Kamenn\u00fd koberec je k dost\u00e1n\u00ed jako sypk\u00e1 sm\u011bs. Celistvou hmotu p\u0159ipravenou k aplikac\u00ed z\u00edsk\u00e1te sm\u00edch\u00e1n\u00edm s prysky\u0159ic\u00ed a dal\u0161\u00edmi slo\u017ekami. Kam\u00ednky se jednotliv\u011b obal\u00ed. Sta\u010d\u00ed vysypat na ur\u010denou plochu a pomalu upravit hlad\u00edtkem. Vytvrdnut\u00ed je dostate\u010dn\u011b pomal\u00e9 na to, abyste stihli hmotu pohodln\u011b rozm\u00edstit kam pot\u0159ebujete, v\u010detn\u011b tvarov\u00e1n\u00ed okraj\u016f a p\u0159echod\u016f. Po skon\u010den\u00ed pr\u00e1ce se m\u016f\u017eete proj\u00edt po povrchu u\u017e za jeden den. Jestli\u017ee chcete vod\u011bodoln\u00fd povrch, sta\u010d\u00ed kamenn\u00fd koberec uzav\u0159\u00edt interi\u00e9rov\u00fdm gelem.<\/p>\n<hr \/>\n<p><a href=\"https:\/\/cerama.cz\/info\/kamenny-koberec-udrzba\/\"><img decoding=\"async\" loading=\"lazy\" class=\"alignnone\" title=\"Kamenn\u00fd koberec \u00fadr\u017eba\" src=\"https:\/\/cerama.cz\/info\/wp-content\/uploads\/2023\/09\/cz.png\" alt=\"Kamenn\u00fd koberec \u00fadr\u017eba\" width=\"30\" height=\"20\" \/><\/a> <a href=\"https:\/\/cerama.sk\/informacie\/kamenny-koberec-udrzba\/\"><img decoding=\"async\" loading=\"lazy\" class=\"alignnone\" title=\"Kamenn\u00fd koberec \u00fadr\u017eba\" src=\"https:\/\/cerama.cz\/info\/wp-content\/uploads\/2023\/09\/sk.png\" alt=\"Kamenn\u00fd koberec \u00fadr\u017eba\" width=\"32\" height=\"21\" \/><\/a><\/p>\n","protected":false},"excerpt":{"rendered":"<p>ObsahNejkr\u00e1sn\u011bj\u0161\u00ed podlaha na terasu a zimn\u00ed zahraduKamenn\u00fd koberec do zimn\u00ed zahrady i na terasuJednoduch\u00e1 pokl\u00e1dka, snadn\u00e9 tvarov\u00e1n\u00ed Nejkr\u00e1sn\u011bj\u0161\u00ed podlaha na terasu a zimn\u00ed zahradu Terasu a zimn\u00ed zahradu vn\u00edm\u00e1me jako kouzeln\u00e9 m\u00edsto, vyhrazen\u00e9 jen pro odpo\u010dinek a relaxaci. Zp\u0159\u00edjemn\u00ed n\u00e1m ji pokojov\u00e9 kv\u011btiny, bylinky, zelenina a t\u0159eba i font\u00e1nka. Pou\u017eit\u00ed<span class=\"more-link\"><a href=\"https:\/\/cerama.cz\/info\/kamenny-koberec-udrzba\/\">Continue Reading<\/a><\/span><\/p>\n","protected":false},"author":2,"featured_media":1203,"comment_status":"closed","ping_status":"open","sticky":false,"template":"","format":"standard","meta":[],"categories":[9],"tags":[],"aioseo_notices":[],"_links":{"self":[{"href":"https:\/\/cerama.cz\/info\/wp-json\/wp\/v2\/posts\/1202"}],"collection":[{"href":"https:\/\/cerama.cz\/info\/wp-json\/wp\/v2\/posts"}],"about":[{"href":"https:\/\/cerama.cz\/info\/wp-json\/wp\/v2\/types\/post"}],"author":[{"embeddable":true,"href":"https:\/\/cerama.cz\/info\/wp-json\/wp\/v2\/users\/2"}],"replies":[{"embeddable":true,"href":"https:\/\/cerama.cz\/info\/wp-json\/wp\/v2\/comments?post=1202"}],"version-history":[{"count":4,"href":"https:\/\/cerama.cz\/info\/wp-json\/wp\/v2\/posts\/1202\/revisions"}],"predecessor-version":[{"id":1443,"href":"https:\/\/cerama.cz\/info\/wp-json\/wp\/v2\/posts\/1202\/revisions\/1443"}],"wp:featuredmedia":[{"embeddable":true,"href":"https:\/\/cerama.cz\/info\/wp-json\/wp\/v2\/media\/1203"}],"wp:attachment":[{"href":"https:\/\/cerama.cz\/info\/wp-json\/wp\/v2\/media?parent=1202"}],"wp:term":[{"taxonomy":"category","embeddable":true,"href":"https:\/\/cerama.cz\/info\/wp-json\/wp\/v2\/categories?post=1202"},{"taxonomy":"post_tag","embeddable":true,"href":"https:\/\/cerama.cz\/info\/wp-json\/wp\/v2\/tags?post=1202"}],"curies":[{"name":"wp","href":"https:\/\/api.w.org\/{rel}","templated":true}]}}