{"id":1208,"date":"2024-03-15T09:54:47","date_gmt":"2024-03-15T08:54:47","guid":{"rendered":"https:\/\/cerama.cz\/info\/?p=1208"},"modified":"2024-04-03T16:24:59","modified_gmt":"2024-04-03T14:24:59","slug":"kamenny-koberec-svepomoci","status":"publish","type":"post","link":"https:\/\/cerama.cz\/info\/kamenny-koberec-svepomoci\/","title":{"rendered":"Kamenn\u00fd koberec sv\u00e9pomoc\u00ed"},"content":{"rendered":"<h2>4 hlavn\u00ed v\u00fdhody kamenn\u00e9ho koberce<\/h2>\n<p>S kamenn\u00fdm kobercem z\u00edsk\u00e1v\u00e1te zpevn\u011bnou plochu pro venkovn\u00ed prostranstv\u00ed nebo n\u00e1dhern\u00e9 podlahy a obklady st\u011bn do interi\u00e9ru. Poj\u010fte se bl\u00ed\u017ee sezn\u00e1mit s v\u00fdhodami kamenn\u00e9ho koberce. Kam jej um\u00edstit a jak zvl\u00e1dnout kamenn\u00fd koberec sv\u00e9pomoc\u00ed?<\/p>\n<p><strong>V\u00fdhoda protiskluzn\u00e9ho povrchu<\/strong><\/p>\n<p>Ve venkovn\u00edm prostranstv\u00ed se kamenn\u00fd koberec um\u00eds\u0165uje nej\u010dast\u011bji v okol\u00ed baz\u00e9nu nebo do zahradn\u00edho alt\u00e1nu. Vyu\u017eit\u00ed nach\u00e1z\u00ed i jako p\u0159\u00edjezdov\u00e1 cesta, parkov\u00e1n\u00ed pro auta nebo chodn\u00edky. Struktura kamenn\u00e9ho koberce tvo\u0159\u00ed povrch s protiskluzn\u00fdmi vlastnostmi a p\u0159\u00edjemn\u00fd pro dotek bos\u00e9ho chodidla.<\/p>\n<p>&nbsp;<\/p>\n<p><strong>V\u00fdhoda samo-dren\u00e1\u017en\u00edho povrchu<\/strong><\/p>\n<p>U\u017eivatel\u00e9 si obl\u00edbili p\u0159edev\u0161\u00edm skute\u010dnost, \u017ee samo-dren\u00e1\u017en\u00ed kamenn\u00fd koberec propust\u00ed vodu do spodn\u00edch vrstev. Na povrchu se netvo\u0159\u00ed kalu\u017ee. Chodn\u00edky, p\u0159\u00edjezdov\u00e1 cesta i okol\u00ed baz\u00e9nu je proto mnohem bezpe\u010dn\u011bj\u0161\u00ed.<\/p>\n<p><strong>V\u00fdhoda jednoduch\u00e9ho vyrovn\u00e1n\u00ed povrchu<\/strong><\/p>\n<p>Kamenn\u00fd koberec je mo\u017en\u00e9 pou\u017e\u00edt i na p\u016fvodn\u00ed podklad. Nevad\u00ed star\u00fd beton, k\u00e1men, asfalt ani dla\u017edice. Hmota kamenn\u00e9ho koberce bude v jedin\u00e9m pohybu vyrovn\u00e1vat podklad i tvo\u0159it n\u00e1\u0161lapnou vrstvu. Opravy a rekonstrukce jsou mnohem rychlej\u0161\u00ed.<\/p>\n<p><strong>V\u00fdhoda instalace sv\u00e9pomoc\u00ed<\/strong><\/p>\n<p>S aplikac\u00ed kamenn\u00e9ho koberce u\u0161et\u0159\u00edte hned n\u011bkolikr\u00e1t. Nen\u00ed nutn\u00e9 odstranit p\u016fvodn\u00ed podklad nebo kupovat dal\u0161\u00ed materi\u00e1l pro vyrovn\u00e1n\u00ed povrchu. Z\u00e1rove\u0148 u\u0161et\u0159\u00edte za pokl\u00e1dku. Polo\u017eit kamenn\u00fd koberec sv\u00e9pomoc\u00ed je pom\u011brn\u011b snadn\u00e9, d\u00edky mo\u017enosti hmotu tvarovat.<\/p>\n<h2>Kam se nejl\u00e9pe hod\u00ed kamenn\u00fd koberec<\/h2>\n<p>Kamenn\u00fd koberec m\u016f\u017eete instalovat v okol\u00ed rodinn\u00e9ho domu, na zahrad\u011b nebo v interi\u00e9ru. V interi\u00e9ru se nej\u010dast\u011bji umis\u0165uje za kuchy\u0148skou linku, na podlahy v koupeln\u011b \u010di chodb\u011b a kuchyni nebo jako poutav\u00fd obklad koupelny.<\/p>\n<p>Venkovn\u00ed prostory se mohou py\u0161nit kr\u00e1snou podlahou na terase nebo pevnou a protiskluznou krytinou v okol\u00ed baz\u00e9nu. Hod\u00ed se i jako dekorace na sokly rodinn\u00e9ho domu nebo na op\u011brn\u00e9 z\u00eddky. U\u017e jste si vybrali dekor?<\/p>\n<hr \/>\n<p><a href=\"https:\/\/cerama.cz\/info\/kamenny-koberec-svepomoci\/\"><img decoding=\"async\" loading=\"lazy\" class=\"alignnone\" title=\"Kamenn\u00fd koberec sv\u00e9pomoc\u00ed\" src=\"https:\/\/cerama.cz\/info\/wp-content\/uploads\/2023\/09\/cz.png\" alt=\"Kamenn\u00fd koberec sv\u00e9pomoc\u00ed\" width=\"30\" height=\"20\" \/><\/a> <a href=\"https:\/\/cerama.sk\/informacie\/kamenny-koberec-svojpomocne\/\"><img decoding=\"async\" loading=\"lazy\" class=\"alignnone\" title=\"Kamenn\u00fd koberec svojpomocne\" src=\"https:\/\/cerama.cz\/info\/wp-content\/uploads\/2023\/09\/sk.png\" alt=\"Kamenn\u00fd koberec svojpomocne\" width=\"32\" height=\"21\" \/><\/a><\/p>\n","protected":false},"excerpt":{"rendered":"<p>4 hlavn\u00ed v\u00fdhody kamenn\u00e9ho koberce S kamenn\u00fdm kobercem z\u00edsk\u00e1v\u00e1te zpevn\u011bnou plochu pro venkovn\u00ed prostranstv\u00ed nebo n\u00e1dhern\u00e9 podlahy a obklady st\u011bn do interi\u00e9ru. Poj\u010fte se bl\u00ed\u017ee sezn\u00e1mit s v\u00fdhodami kamenn\u00e9ho koberce. Kam jej um\u00edstit a jak zvl\u00e1dnout kamenn\u00fd koberec sv\u00e9pomoc\u00ed? V\u00fdhoda protiskluzn\u00e9ho povrchu Ve venkovn\u00edm prostranstv\u00ed se kamenn\u00fd koberec um\u00eds\u0165uje nej\u010dast\u011bji<span class=\"more-link\"><a href=\"https:\/\/cerama.cz\/info\/kamenny-koberec-svepomoci\/\">Continue Reading<\/a><\/span><\/p>\n","protected":false},"author":2,"featured_media":1210,"comment_status":"closed","ping_status":"open","sticky":false,"template":"","format":"standard","meta":[],"categories":[9],"tags":[],"aioseo_notices":[],"_links":{"self":[{"href":"https:\/\/cerama.cz\/info\/wp-json\/wp\/v2\/posts\/1208"}],"collection":[{"href":"https:\/\/cerama.cz\/info\/wp-json\/wp\/v2\/posts"}],"about":[{"href":"https:\/\/cerama.cz\/info\/wp-json\/wp\/v2\/types\/post"}],"author":[{"embeddable":true,"href":"https:\/\/cerama.cz\/info\/wp-json\/wp\/v2\/users\/2"}],"replies":[{"embeddable":true,"href":"https:\/\/cerama.cz\/info\/wp-json\/wp\/v2\/comments?post=1208"}],"version-history":[{"count":5,"href":"https:\/\/cerama.cz\/info\/wp-json\/wp\/v2\/posts\/1208\/revisions"}],"predecessor-version":[{"id":1444,"href":"https:\/\/cerama.cz\/info\/wp-json\/wp\/v2\/posts\/1208\/revisions\/1444"}],"wp:featuredmedia":[{"embeddable":true,"href":"https:\/\/cerama.cz\/info\/wp-json\/wp\/v2\/media\/1210"}],"wp:attachment":[{"href":"https:\/\/cerama.cz\/info\/wp-json\/wp\/v2\/media?parent=1208"}],"wp:term":[{"taxonomy":"category","embeddable":true,"href":"https:\/\/cerama.cz\/info\/wp-json\/wp\/v2\/categories?post=1208"},{"taxonomy":"post_tag","embeddable":true,"href":"https:\/\/cerama.cz\/info\/wp-json\/wp\/v2\/tags?post=1208"}],"curies":[{"name":"wp","href":"https:\/\/api.w.org\/{rel}","templated":true}]}}