{"id":1244,"date":"2024-03-18T19:09:13","date_gmt":"2024-03-18T18:09:13","guid":{"rendered":"https:\/\/cerama.cz\/info\/?p=1244"},"modified":"2024-04-03T16:25:18","modified_gmt":"2024-04-03T14:25:18","slug":"jak-spravne-pouzivat-benatsky-stuk-v-koupelne","status":"publish","type":"post","link":"https:\/\/cerama.cz\/info\/jak-spravne-pouzivat-benatsky-stuk-v-koupelne\/","title":{"rendered":"Jak spr\u00e1vn\u011b pou\u017e\u00edvat ben\u00e1tsk\u00fd \u0161tuk v koupeln\u011b"},"content":{"rendered":"<p>Ben\u00e1tsk\u00fd \u0161tuk je specifick\u00fd druh om\u00edtky, kter\u00fd se aplikuje na ze\u010f nebo strop, lid\u00e9 si ho \u010dasto vyb\u00edraj\u00ed do r\u016fzn\u00fdch m\u00edstnost\u00ed sv\u00e9ho domova, n\u011bkdy i do v\u0161ech. Jeho aplikace je velice p\u0159\u00edzniv\u00e1, co\u017e alespo\u0148 \u010d\u00e1ste\u010dn\u011b vyv\u00e1\u017e\u00ed skute\u010dnost, \u017ee si v\u011bt\u0161ina z n\u00e1s mus\u00ed na pr\u00e1ci najmout profesion\u00e1ln\u00edho \u0159emesln\u00edka, p\u0159i\u010dem\u017e i jemu bude pr\u00e1ce trvat n\u011bkolik dn\u00ed, aby ben\u00e1tsk\u00fd \u0161tuk nanesl p\u0159esn\u011b tak, jak se m\u00e1 v n\u011bkolika vrstv\u00e1ch.<\/p>\n<p>Ben\u00e1tsk\u00fd \u0161tuk je velice \u010dast\u00fdm materi\u00e1lem pr\u00e1v\u011b do koupelny, vid\u011bt ho m\u016f\u017eete v hotelech, saun\u00e1ch nebo domovech. Do samotn\u00e9 sm\u011bsi se p\u0159id\u00e1v\u00e1 mramor, kter\u00fd m\u00edstnost osln\u00ed, vy se tak budete c\u00edtit v naprost\u00e9m luxusu poka\u017ed\u00e9, kdy\u017e do m\u00edstnosti vkro\u010d\u00edte. Alternativu ben\u00e1tsk\u00e9ho \u0161tuku v koupeln\u011b vyu\u017e\u00edvaj\u00ed p\u0159edev\u0161\u00edm lid\u00e9, kte\u0159\u00ed nejsou p\u0159\u00edli\u0161 velc\u00ed fanou\u0161ci obklad\u016f na zdi.<\/p>\n<p>&nbsp;<\/p>\n<h2>Specifikace pro aplikaci do koupelny<\/h2>\n<p>Ben\u00e1tsk\u00fd \u0161tuk je s vodou v\u0161eobecn\u011b \u00fazce spjat\u00fd, je v\u0161ak nutn\u00e9 dodr\u017eet n\u011bkolik z\u00e1sad. Pokud ho budete cht\u00edt aplikovat do koupelny na m\u00edsta, kde doch\u00e1z\u00ed k minim\u00e1ln\u00edmu kontaktu s vodou, ale vznik\u00e1 zde povrchov\u00e1 vlhkost z nedostatku v\u011btr\u00e1n\u00ed (okolo zrcadel, koupelnov\u00fdch sk\u0159\u00edn\u011bk apod.), nemus\u00edte se p\u0159\u00edli\u0161 b\u00e1t o \u017eivotnost.<\/p>\n<p>M\u00e1te-li ov\u0161em v pl\u00e1nu aplikovat ben\u00e1tsk\u00fd \u0161tuk okolo vany, umyvadla nebo p\u0159\u00edmo do sprchov\u00e9ho koutu, mus\u00edte db\u00e1t na speci\u00e1ln\u00ed ochrannou vrstvu, p\u0159i\u010dem\u017e cel\u00fd povrch ben\u00e1tsk\u00e9ho \u0161tuku p\u0159ekryjete vrstvou laku nebo vosku, kter\u00e1 je k tomuto \u00fa\u010delu p\u0159\u00edmo ur\u010den\u00e1. Prostor se tak stane vod\u011bodoln\u00fd a vy se nemus\u00edte b\u00e1t vznikaj\u00edc\u00edch pl\u00edsn\u00ed, i tak se doporu\u010duje v koupeln\u00e1ch dostate\u010dn\u011b v\u011btrat, aby v\u0161echna p\u0159ebyte\u010dn\u00e1 vlhkost z m\u00edstnosti odch\u00e1zela.<\/p>\n<p>Ben\u00e1tsk\u00fd \u0161tuk m\u016f\u017eete vyu\u017e\u00edt nejen na postrann\u00ed st\u011bny, ale tak\u00e9 na strop, vyu\u017e\u00edt m\u016f\u017eete i mo\u017enost vymalov\u00e1n\u00ed stropu, nebo\u0165 ben\u00e1tsk\u00fd \u0161tuk je k dost\u00e1n\u00ed v mnoha barevn\u00fdch kombinac\u00edch, kter\u00e9 v\u00e1m zajist\u00ed kompletn\u00ed slad\u011bn\u00ed m\u00edstnosti i s n\u00e1bytkem.<\/p>\n<hr \/>\n<p><a href=\"https:\/\/cerama.cz\/info\/jak-spravne-pouzivat-benatsky-stuk-v-koupelne\/\"><img decoding=\"async\" loading=\"lazy\" class=\"alignnone\" title=\"Jak spr\u00e1vn\u011b pou\u017e\u00edvat ben\u00e1tsk\u00fd \u0161tuk v koupeln\u011b\" src=\"https:\/\/cerama.cz\/info\/wp-content\/uploads\/2023\/09\/cz.png\" alt=\"Jak spr\u00e1vn\u011b pou\u017e\u00edvat ben\u00e1tsk\u00fd \u0161tuk v koupeln\u011b\" width=\"30\" height=\"20\" \/><\/a> <a href=\"https:\/\/cerama.sk\/informacie\/ako-spravne-pouzivat-benatsky-stuk-v-kupelni\/\"><img decoding=\"async\" loading=\"lazy\" class=\"alignnone\" title=\"Ako spr\u00e1vne pou\u017e\u00edva\u0165 ben\u00e1tsky \u0161\u0165uk v k\u00fape\u013eni\" src=\"https:\/\/cerama.cz\/info\/wp-content\/uploads\/2023\/09\/sk.png\" alt=\"Ako spr\u00e1vne pou\u017e\u00edva\u0165 ben\u00e1tsky \u0161\u0165uk v k\u00fape\u013eni\" width=\"32\" height=\"21\" \/><\/a><\/p>\n","protected":false},"excerpt":{"rendered":"<p>Ben\u00e1tsk\u00fd \u0161tuk je specifick\u00fd druh om\u00edtky, kter\u00fd se aplikuje na ze\u010f nebo strop, lid\u00e9 si ho \u010dasto vyb\u00edraj\u00ed do r\u016fzn\u00fdch m\u00edstnost\u00ed sv\u00e9ho domova, n\u011bkdy i do v\u0161ech. Jeho aplikace je velice p\u0159\u00edzniv\u00e1, co\u017e alespo\u0148 \u010d\u00e1ste\u010dn\u011b vyv\u00e1\u017e\u00ed skute\u010dnost, \u017ee si v\u011bt\u0161ina z n\u00e1s mus\u00ed na pr\u00e1ci najmout profesion\u00e1ln\u00edho \u0159emesln\u00edka, p\u0159i\u010dem\u017e i<span class=\"more-link\"><a href=\"https:\/\/cerama.cz\/info\/jak-spravne-pouzivat-benatsky-stuk-v-koupelne\/\">Continue Reading<\/a><\/span><\/p>\n","protected":false},"author":2,"featured_media":1240,"comment_status":"closed","ping_status":"open","sticky":false,"template":"","format":"standard","meta":[],"categories":[10],"tags":[],"aioseo_notices":[],"_links":{"self":[{"href":"https:\/\/cerama.cz\/info\/wp-json\/wp\/v2\/posts\/1244"}],"collection":[{"href":"https:\/\/cerama.cz\/info\/wp-json\/wp\/v2\/posts"}],"about":[{"href":"https:\/\/cerama.cz\/info\/wp-json\/wp\/v2\/types\/post"}],"author":[{"embeddable":true,"href":"https:\/\/cerama.cz\/info\/wp-json\/wp\/v2\/users\/2"}],"replies":[{"embeddable":true,"href":"https:\/\/cerama.cz\/info\/wp-json\/wp\/v2\/comments?post=1244"}],"version-history":[{"count":4,"href":"https:\/\/cerama.cz\/info\/wp-json\/wp\/v2\/posts\/1244\/revisions"}],"predecessor-version":[{"id":1450,"href":"https:\/\/cerama.cz\/info\/wp-json\/wp\/v2\/posts\/1244\/revisions\/1450"}],"wp:featuredmedia":[{"embeddable":true,"href":"https:\/\/cerama.cz\/info\/wp-json\/wp\/v2\/media\/1240"}],"wp:attachment":[{"href":"https:\/\/cerama.cz\/info\/wp-json\/wp\/v2\/media?parent=1244"}],"wp:term":[{"taxonomy":"category","embeddable":true,"href":"https:\/\/cerama.cz\/info\/wp-json\/wp\/v2\/categories?post=1244"},{"taxonomy":"post_tag","embeddable":true,"href":"https:\/\/cerama.cz\/info\/wp-json\/wp\/v2\/tags?post=1244"}],"curies":[{"name":"wp","href":"https:\/\/api.w.org\/{rel}","templated":true}]}}