{"id":1253,"date":"2024-03-19T08:24:06","date_gmt":"2024-03-19T07:24:06","guid":{"rendered":"https:\/\/cerama.cz\/info\/?p=1253"},"modified":"2024-04-03T16:25:25","modified_gmt":"2024-04-03T14:25:25","slug":"jak-zachazet-s-benatskym-stukem-v-kuchyni","status":"publish","type":"post","link":"https:\/\/cerama.cz\/info\/jak-zachazet-s-benatskym-stukem-v-kuchyni\/","title":{"rendered":"Jak zach\u00e1zet s ben\u00e1tsk\u00fdm \u0161tukem v kuchyni"},"content":{"rendered":"<p>Kuchyn\u011b je m\u00edstnost, kterou chce m\u00edt ka\u017ed\u00e1 \u017eena dokonalou, krom\u011b dostate\u010dn\u00e9ho prostoru je nutn\u00e1 tak\u00e9 snadn\u00e1 \u00fadr\u017eba a vzhled, aby se tam v\u0161ichni c\u00edtili dob\u0159e.<\/p>\n<p>Kuchy\u0148sk\u00e1 linka se nikdy neumis\u0165uje do prostoru m\u00edstnosti, pot\u0159ebujete neust\u00e1l\u00fd p\u0159\u00edstup k elektrick\u00fdm z\u00e1suvk\u00e1m, abyste mohli va\u0159it, co\u017e vede k ot\u00e1zce, jak vy\u0159e\u0161it voln\u00fd prostor, kter\u00fd vznik\u00e1 za pracovn\u00ed deskou mezi vrchn\u00ed a spodn\u00ed polic\u00ed. Tento prostor se nej\u010dast\u011bji vypl\u0148uje stejn\u00fdm materi\u00e1lem, kter\u00fd je vyu\u017eit na v\u00fdrobu kuchy\u0148sk\u00e9 linky.<\/p>\n<p>Na druhou stranu nejhor\u0161\u00ed alternativou b\u00fdv\u00e1 \u010dist\u00e1 ze\u010f, kter\u00e1 je v nejhor\u0161\u00edm p\u0159\u00edpad\u011b nat\u0159en\u00e1 b\u00edlou barvou. Jestli\u017ee chcete svoji kuchy\u0148 obohatit o eleganci a c\u00edtit se exoticky, vyu\u017eijte ben\u00e1tsk\u00fd \u0161tuk, kter\u00fd va\u0161i kuchyni dod\u00e1 \u0161mrnc.<\/p>\n<p>&nbsp;<\/p>\n<h2>\u010cist\u00e1 kuchy\u0148 = dokonal\u00e1 kuchy\u0148<\/h2>\n<p>Ben\u00e1tsk\u00fd \u0161tuk je do kuchyn\u011b ide\u00e1ln\u00ed alternativou, jej\u00ed\u017e nejv\u011bt\u0161\u00ed p\u0159ednost\u00ed je snadn\u00e1 \u00fadr\u017eba, po va\u0159en\u00ed v\u00e1m bude sta\u010dit jen vlhk\u00e1 houbi\u010dka, kterou snadno set\u0159ete v\u0161echny ne\u010distoty, kter\u00e9 se b\u011bhem va\u0159en\u00ed nahromadily. Nemus\u00edte se b\u00e1t ani v prostoru d\u0159ezu, je-li ben\u00e1tsk\u00fd \u0161tuk opat\u0159en ochrannou vrstvou vosku nebo laku, je materi\u00e1l zcela vod\u011bodoln\u00fd.<\/p>\n<p>Kuchyn\u011b b\u00fdvaj\u00ed \u010dasto do sv\u011btlej\u0161\u00edch barev, i \u0159pesto jde ben\u00e1tsk\u00fd \u0161tuk s trendy, vybrat si m\u016f\u017eete z dlouh\u00e9 \u0161k\u00e1ly barev, kter\u00e9 se p\u0159\u00edmo a snadno p\u0159izp\u016fsob\u00ed stylu va\u0161\u00ed kuchyn\u011b. Jste-li v kuchyni jako slon v porcel\u00e1nu, dbejte ben\u00e1tsk\u00e9mu \u0161tuku zv\u00fd\u0161en\u00e9 pozornosti, jedn\u00e1 se o pom\u011brn\u011b k\u0159ehk\u00fd materi\u00e1l.<\/p>\n<p>Ne\u017e vyraz\u00edte na n\u00e1kupy, dostate\u010dn\u011b dob\u0159e si zm\u011b\u0159te prostor, kam byste ben\u00e1tsk\u00fd \u0161tuk cht\u011bli aplikovat, je d\u016fle\u017eit\u00e9, abyste m\u011bli dostatek materi\u00e1lu, nebo\u0165 se nan\u00e1\u0161\u00ed po vrstv\u00e1ch, p\u0159i\u010dem\u017e ka\u017ed\u00e1 vrstva vy\u017eaduje dostatek preciznosti a zru\u010dnosti, pokud v\u00e1m tyto schopnosti chyb\u00ed, rad\u011bji se domluvte s profesion\u00e1lem.<\/p>\n<hr \/>\n<p><a href=\"https:\/\/cerama.cz\/info\/jak-zachazet-s-benatskym-stukem-v-kuchyni\/\"><img decoding=\"async\" loading=\"lazy\" class=\"alignnone\" title=\"Jak zach\u00e1zet s ben\u00e1tsk\u00fdm \u0161tukem v kuchyni\" src=\"https:\/\/cerama.cz\/info\/wp-content\/uploads\/2023\/09\/cz.png\" alt=\"Jak zach\u00e1zet s ben\u00e1tsk\u00fdm \u0161tukem v kuchyni\" width=\"30\" height=\"20\" \/><\/a> <a href=\"https:\/\/cerama.sk\/informacie\/ako-zaobchadzat-s-benatskym-stukom-v-kuchyni\/\"><img decoding=\"async\" loading=\"lazy\" class=\"alignnone\" title=\"Ako zaobch\u00e1dza\u0165 s ben\u00e1tskym \u0161tukom v kuchyni\" src=\"https:\/\/cerama.cz\/info\/wp-content\/uploads\/2023\/09\/sk.png\" alt=\"Ako zaobch\u00e1dza\u0165 s ben\u00e1tskym \u0161tukom v kuchyni\" width=\"32\" height=\"21\" \/><\/a><\/p>\n","protected":false},"excerpt":{"rendered":"<p>Kuchyn\u011b je m\u00edstnost, kterou chce m\u00edt ka\u017ed\u00e1 \u017eena dokonalou, krom\u011b dostate\u010dn\u00e9ho prostoru je nutn\u00e1 tak\u00e9 snadn\u00e1 \u00fadr\u017eba a vzhled, aby se tam v\u0161ichni c\u00edtili dob\u0159e. Kuchy\u0148sk\u00e1 linka se nikdy neumis\u0165uje do prostoru m\u00edstnosti, pot\u0159ebujete neust\u00e1l\u00fd p\u0159\u00edstup k elektrick\u00fdm z\u00e1suvk\u00e1m, abyste mohli va\u0159it, co\u017e vede k ot\u00e1zce, jak vy\u0159e\u0161it voln\u00fd prostor,<span class=\"more-link\"><a href=\"https:\/\/cerama.cz\/info\/jak-zachazet-s-benatskym-stukem-v-kuchyni\/\">Continue Reading<\/a><\/span><\/p>\n","protected":false},"author":2,"featured_media":1254,"comment_status":"closed","ping_status":"open","sticky":false,"template":"","format":"standard","meta":[],"categories":[10],"tags":[],"aioseo_notices":[],"_links":{"self":[{"href":"https:\/\/cerama.cz\/info\/wp-json\/wp\/v2\/posts\/1253"}],"collection":[{"href":"https:\/\/cerama.cz\/info\/wp-json\/wp\/v2\/posts"}],"about":[{"href":"https:\/\/cerama.cz\/info\/wp-json\/wp\/v2\/types\/post"}],"author":[{"embeddable":true,"href":"https:\/\/cerama.cz\/info\/wp-json\/wp\/v2\/users\/2"}],"replies":[{"embeddable":true,"href":"https:\/\/cerama.cz\/info\/wp-json\/wp\/v2\/comments?post=1253"}],"version-history":[{"count":6,"href":"https:\/\/cerama.cz\/info\/wp-json\/wp\/v2\/posts\/1253\/revisions"}],"predecessor-version":[{"id":1452,"href":"https:\/\/cerama.cz\/info\/wp-json\/wp\/v2\/posts\/1253\/revisions\/1452"}],"wp:featuredmedia":[{"embeddable":true,"href":"https:\/\/cerama.cz\/info\/wp-json\/wp\/v2\/media\/1254"}],"wp:attachment":[{"href":"https:\/\/cerama.cz\/info\/wp-json\/wp\/v2\/media?parent=1253"}],"wp:term":[{"taxonomy":"category","embeddable":true,"href":"https:\/\/cerama.cz\/info\/wp-json\/wp\/v2\/categories?post=1253"},{"taxonomy":"post_tag","embeddable":true,"href":"https:\/\/cerama.cz\/info\/wp-json\/wp\/v2\/tags?post=1253"}],"curies":[{"name":"wp","href":"https:\/\/api.w.org\/{rel}","templated":true}]}}