{"id":1265,"date":"2024-03-19T10:02:28","date_gmt":"2024-03-19T09:02:28","guid":{"rendered":"https:\/\/cerama.cz\/info\/?p=1265"},"modified":"2024-04-03T16:25:32","modified_gmt":"2024-04-03T14:25:32","slug":"3-zakladni-kroky-jak-pripravit-spravny-podklad-pod-benatsky-stuk","status":"publish","type":"post","link":"https:\/\/cerama.cz\/info\/3-zakladni-kroky-jak-pripravit-spravny-podklad-pod-benatsky-stuk\/","title":{"rendered":"3 z\u00e1kladn\u00ed kroky, jak p\u0159ipravit spr\u00e1vn\u00fd podklad pod ben\u00e1tsk\u00fd \u0161tuk"},"content":{"rendered":"<p>Stejn\u011b jako b\u00fdv\u00e1 pro z\u00e1vod d\u016fle\u017eit\u00fd tr\u00e9nink, pro \u0161tukov\u00e1n\u00ed je d\u016fle\u017eit\u00e1 p\u0159\u00edprava podkladu, kter\u00e9 b\u00fdv\u00e1 n\u011bkdy mnohem slo\u017eit\u011bj\u0161\u00ed, ne\u017e samotn\u00e9 proveden\u00ed \u00fakonu.<\/p>\n<p>Nejv\u011bt\u0161\u00ed p\u0159ednost\u00ed b\u00fdv\u00e1 skute\u010dnost, \u017ee ben\u00e1tsk\u00fd \u0161tuk m\u016f\u017eete aplikovat na n\u011bkolik druh\u016f povrchu, a\u0165 u\u017e m\u00e1te na zdi s\u00e1drokart\u00f3n, beton, d\u0159evot\u0159\u00edsku nebo jin\u00fd materi\u00e1l, m\u016f\u017eete si tak v klidu vybrat barevn\u00fd odst\u00edn a za\u010d\u00edt aplikovat na ze\u010f.<\/p>\n<p>&nbsp;<\/p>\n<h2>Podklady pro ben\u00e1tsk\u00fd \u0161tuk m\u016f\u017eete zajistit v n\u011bkolika kroc\u00edch<\/h2>\n<p><strong>Kvalitn\u00ed n\u00e1t\u011br<\/strong> &#8211; ne\u017e budete aplikovat n\u011bjak\u00fd n\u00e1t\u011br na st\u011bnu, budete muset zkontolovat ten p\u0159edchoz\u00ed, pokud jste nap\u0159\u00edklad p\u0159edt\u00edm malovali nebo m\u00e1te ji\u017e ud\u011blan\u00fd prvn\u00ed n\u00e1t\u011br ben\u00e1tsk\u00e9ho \u0161tuku, mus\u00ed b\u00fdt such\u00fd, aby se nepo\u0161kodil materi\u00e1l, z\u00e1rove\u0148 mus\u00ed b\u00fdt kvalitn\u00ed a omyvateln\u00fd.<\/p>\n<p><strong>Tmel a st\u011brka<\/strong> &#8211; abyste m\u011bli soudr\u017en\u00e9 jednotliv\u00e9 vrstvy podkladu, mus\u00edte nejprve vyspravit ve\u0161ker\u00e9 nerovnosti, pou\u017e\u00edt m\u016f\u017eete tlem, kter\u00fd m\u00e1 vysokou tvrdost. Nen\u00ed-li ani tak pr\u00e1ce dokonal\u00e1, povrch vyst\u011brkujte, m\u00e1te tak zaji\u0161t\u011bn\u00e9 neprokreslen\u00ed jednotliv\u00fdch spoj\u016f. Je-li ben\u00e1tsk\u00fd \u0161tuk aplikov\u00e1n na s\u00e1drokart\u00f3n, posta\u010d\u00ed prostor celoplo\u0161n\u011b p\u0159est\u011brkovat.<\/p>\n<p><strong>Perlinka<\/strong> &#8211; posledn\u00ed vrstva, kterou mus\u00edte nan\u00e9st, je perlinka a lepidlo, kter\u00e9 v\u00e1m zajist\u00ed, \u017ee se cel\u00fd prostor kompletn\u011b zpevn\u00ed, m\u00e1te tak jistotu, \u017ee je povrch opravdu kvalitn\u00ed a p\u0159ipraven\u00fd na aplikaci ben\u00e1tsk\u00e9ho \u0161tuku.<\/p>\n<p>A\u0165 u\u017e budete aplikovat ben\u00e1tsk\u00fd \u0161tuk na jak\u00fdkoli podklad, ujist\u011bte se, zda jste \u0159\u00e1dn\u011b dodr\u017eeli v\u0161echny kroky postupu, a m\u00e1te tak podklad dokonale vyrovnan\u00fd a hladk\u00fd, v opa\u010dn\u00e9m p\u0159\u00edpad\u011b se m\u017e\u016fe st\u00e1t, \u017ee bude aplikace ne\u00fasp\u011b\u0161n\u00e1.<\/p>\n<hr \/>\n<p><a href=\"https:\/\/cerama.cz\/info\/3-zakladni-kroky-jak-pripravit-spravny-podklad-pod-benatsky-stuk\/\"><img decoding=\"async\" loading=\"lazy\" class=\"alignnone\" title=\"3 z\u00e1kladn\u00ed kroky, jak p\u0159ipravit spr\u00e1vn\u00fd podklad pod ben\u00e1tsk\u00fd \u0161tuk\" src=\"https:\/\/cerama.cz\/info\/wp-content\/uploads\/2023\/09\/cz.png\" alt=\"3 z\u00e1kladn\u00ed kroky, jak p\u0159ipravit spr\u00e1vn\u00fd podklad pod ben\u00e1tsk\u00fd \u0161tuk\" width=\"30\" height=\"20\" \/><\/a> <a href=\"https:\/\/cerama.sk\/informacie\/3-zakladne-kroky-ako-pripravit-spravny-podklad-pod-benatsky-stuk\/\"><img decoding=\"async\" loading=\"lazy\" class=\"alignnone\" title=\"3 z\u00e1kladn\u00e9 kroky, ako pripravi\u0165 spr\u00e1vny podklad pod ben\u00e1tsky \u0161\u0165uk\" src=\"https:\/\/cerama.cz\/info\/wp-content\/uploads\/2023\/09\/sk.png\" alt=\"3 z\u00e1kladn\u00e9 kroky, ako pripravi\u0165 spr\u00e1vny podklad pod ben\u00e1tsky \u0161\u0165uk\" width=\"32\" height=\"21\" \/><\/a><\/p>\n","protected":false},"excerpt":{"rendered":"<p>Stejn\u011b jako b\u00fdv\u00e1 pro z\u00e1vod d\u016fle\u017eit\u00fd tr\u00e9nink, pro \u0161tukov\u00e1n\u00ed je d\u016fle\u017eit\u00e1 p\u0159\u00edprava podkladu, kter\u00e9 b\u00fdv\u00e1 n\u011bkdy mnohem slo\u017eit\u011bj\u0161\u00ed, ne\u017e samotn\u00e9 proveden\u00ed \u00fakonu. Nejv\u011bt\u0161\u00ed p\u0159ednost\u00ed b\u00fdv\u00e1 skute\u010dnost, \u017ee ben\u00e1tsk\u00fd \u0161tuk m\u016f\u017eete aplikovat na n\u011bkolik druh\u016f povrchu, a\u0165 u\u017e m\u00e1te na zdi s\u00e1drokart\u00f3n, beton, d\u0159evot\u0159\u00edsku nebo jin\u00fd materi\u00e1l, m\u016f\u017eete si tak v<span class=\"more-link\"><a href=\"https:\/\/cerama.cz\/info\/3-zakladni-kroky-jak-pripravit-spravny-podklad-pod-benatsky-stuk\/\">Continue Reading<\/a><\/span><\/p>\n","protected":false},"author":2,"featured_media":1268,"comment_status":"closed","ping_status":"open","sticky":false,"template":"","format":"standard","meta":[],"categories":[10],"tags":[],"aioseo_notices":[],"_links":{"self":[{"href":"https:\/\/cerama.cz\/info\/wp-json\/wp\/v2\/posts\/1265"}],"collection":[{"href":"https:\/\/cerama.cz\/info\/wp-json\/wp\/v2\/posts"}],"about":[{"href":"https:\/\/cerama.cz\/info\/wp-json\/wp\/v2\/types\/post"}],"author":[{"embeddable":true,"href":"https:\/\/cerama.cz\/info\/wp-json\/wp\/v2\/users\/2"}],"replies":[{"embeddable":true,"href":"https:\/\/cerama.cz\/info\/wp-json\/wp\/v2\/comments?post=1265"}],"version-history":[{"count":5,"href":"https:\/\/cerama.cz\/info\/wp-json\/wp\/v2\/posts\/1265\/revisions"}],"predecessor-version":[{"id":1454,"href":"https:\/\/cerama.cz\/info\/wp-json\/wp\/v2\/posts\/1265\/revisions\/1454"}],"wp:featuredmedia":[{"embeddable":true,"href":"https:\/\/cerama.cz\/info\/wp-json\/wp\/v2\/media\/1268"}],"wp:attachment":[{"href":"https:\/\/cerama.cz\/info\/wp-json\/wp\/v2\/media?parent=1265"}],"wp:term":[{"taxonomy":"category","embeddable":true,"href":"https:\/\/cerama.cz\/info\/wp-json\/wp\/v2\/categories?post=1265"},{"taxonomy":"post_tag","embeddable":true,"href":"https:\/\/cerama.cz\/info\/wp-json\/wp\/v2\/tags?post=1265"}],"curies":[{"name":"wp","href":"https:\/\/api.w.org\/{rel}","templated":true}]}}