{"id":146,"date":"2023-09-14T09:53:57","date_gmt":"2023-09-14T07:53:57","guid":{"rendered":"https:\/\/cerama.cz\/info\/?p=146"},"modified":"2023-10-06T14:49:54","modified_gmt":"2023-10-06T12:49:54","slug":"koberce-rohoze-zavesy","status":"publish","type":"post","link":"https:\/\/cerama.cz\/info\/koberce-rohoze-zavesy\/","title":{"rendered":"Koberce, roho\u017ee, z\u00e1v\u011bsy"},"content":{"rendered":"<div id=\"toc_container\" class=\"have_bullets\"><p class=\"toc_title\">Obsah<\/p><ul class=\"toc_list\"><li><a href=\"#Koupelnove_predlozky_a_dalsi_doplnky\">Koupelnov\u00e9 p\u0159edlo\u017eky a dal\u0161\u00ed dopl\u0148ky<\/a><\/li><li><a href=\"#Co_je_dulezite_pri_vyberu_koupelnovych_predlozek\">Co je d\u016fle\u017eit\u00e9 p\u0159i v\u00fdb\u011bru koupelnov\u00fdch p\u0159edlo\u017eek?<\/a><\/li><li><a href=\"#Z_ceho_jsou_vyrobene_koupelnove_predlozky\">Z \u010deho jsou vyroben\u00e9 koupelnov\u00e9 p\u0159edlo\u017eky?<\/a><\/li><li><a href=\"#Predstavujeme_vam_typy_koupelnovych_predlozek\">P\u0159edstavujeme v\u00e1m typy koupelnov\u00fdch p\u0159edlo\u017eek<\/a><\/li><li><a href=\"#Par_slov_o_sprchovych_zavesech\">P\u00e1r slov o sprchov\u00fdch z\u00e1v\u011bsech<\/a><\/li><li><a href=\"#Co_maji_vsechny_produkty_spolecne\">Co maj\u00ed v\u0161echny\u00a0 produkty spole\u010dn\u00e9?<\/a><\/li><\/ul><\/div>\n<h2><span id=\"Koupelnove_predlozky_a_dalsi_doplnky\">Koupelnov\u00e9 p\u0159edlo\u017eky a dal\u0161\u00ed dopl\u0148ky<\/span><\/h2>\n<p>Materi\u00e1ly jako chrom, sklo, keramika a kamenina, kter\u00e9 \u010dasto dominuj\u00ed v koupeln\u00e1ch, mohou vytv\u00e1\u0159et chladnou atmosf\u00e9ru. Nicm\u00e9n\u011b, tuto chladnou n\u00e1ladu je mo\u017en\u00e9 zm\u00edrnit a o\u017eivit pomoc\u00ed barevn\u00fdch dopl\u0148k\u016f jako jsou koupelnov\u00e9 p\u0159edlo\u017eky, roho\u017ee a sprchov\u00e9 z\u00e1v\u011bsy.<\/p>\n<p>Tyto dopl\u0148ky mohou v koupeln\u00e1ch plnit dv\u011b funkce &#8211; estetickou i praktickou. M\u016f\u017eete jimi toti\u017e p\u0159in\u00e9st do koupelny trochu tepla a energie, a\u0165 u\u017e je chladn\u00e1 nebo depresivn\u011b \u0161ed\u00e1. Barevn\u00e9 dopl\u0148ky se zaj\u00edmav\u00fdmi vzory se mohou st\u00e1t v\u00fdrazn\u00fdm designov\u00fdm prvkem, zejm\u00e9na v jednotn\u011b lad\u011bn\u00e9m interi\u00e9ru.<\/p>\n<p>Pokud je ale va\u0161e koupelna ji\u017e sama o sob\u011b barevn\u011b bohat\u00e1 a pln\u00e1 dekorativn\u00edch prvk\u016f, m\u016f\u017ee b\u00fdt vhodn\u011bj\u0161\u00ed zvolit decentn\u00ed, jednobarevn\u00e9 p\u0159edlo\u017eky, roho\u017ee a z\u00e1v\u011bsy. Ty budou koupelnu decentn\u011b dopl\u0148ovat, ani\u017e by na sebe strh\u00e1valy ve\u0161kerou pozornost.<\/p>\n<p>P\u0159i v\u00fdb\u011bru t\u011bchto koupelnov\u00fdch dopl\u0148k\u016f je d\u016fle\u017eit\u00e9 zv\u00e1\u017eit, zda je chcete vyu\u017e\u00edt jako v\u00fdrazn\u00e9 prvky, kter\u00e9 o\u017eiv\u00ed prostor, nebo rad\u011bji jako nen\u00e1padn\u00e9 dopl\u0148ky, kter\u00e9 podpo\u0159\u00ed celkov\u00fd vzhled interi\u00e9ru. Dal\u0161\u00edm aspektem k zv\u00e1\u017een\u00ed je, zda chcete dopl\u0148ky sladit s existuj\u00edc\u00edm stylem a barvami, nebo rad\u011bji s\u00e1hnout po kontrastech a v\u00fdrazn\u00fdch barevn\u00fdch akcentech.<\/p>\n<h2><span id=\"Co_je_dulezite_pri_vyberu_koupelnovych_predlozek\">Co je d\u016fle\u017eit\u00e9 p\u0159i v\u00fdb\u011bru koupelnov\u00fdch p\u0159edlo\u017eek?<\/span><\/h2>\n<p>P\u0159i v\u00fdb\u011bru koupelnov\u00fdch p\u0159edlo\u017eek byste m\u011bli vz\u00edt v \u00favahu nejen design va\u0161\u00ed koupelny, ale tak\u00e9 v\u00e1\u0161 osobn\u00ed vkus. Pokud se uk\u00e1\u017ee, \u017ee v\u00e1\u0161 v\u00fdb\u011br nebyl nej\u0161\u0165astn\u011bj\u0161\u00ed, nen\u00ed probl\u00e9m dopl\u0148ky vym\u011bnit &#8211; na\u0161t\u011bst\u00ed jsou dostupn\u00e9 za rozumn\u00e9 ceny.<\/p>\n<p>Krom\u011b estetick\u00e9ho hlediska byste m\u011bli p\u0159i v\u00fdb\u011bru rovn\u011b\u017e zohlednit prakti\u010dnost &#8211; sv\u011btl\u00fd koberec se m\u016f\u017ee rychle za\u0161pinit a st\u00e1t se nevzhledn\u00fdm. Proto je lep\u0161\u00ed volit barvy, kter\u00e9 lad\u00ed s interi\u00e9rem a z\u00e1rove\u0148 snadno odol\u00e1vaj\u00ed \u0161p\u00edn\u011b.<\/p>\n<p>Na trhu je k dispozici \u0161irok\u00e1 \u0161k\u00e1la koupelnov\u00fdch dopl\u0148k\u016f &#8211; od jednobarevn\u00fdch p\u0159es vzorovan\u00e9 a v\u00edcebarevn\u00e9, vyroben\u00e9 z p\u0159\u00edrodn\u00edch i um\u011bl\u00fdch materi\u00e1l\u016f. \u010casto je mo\u017en\u00e9 po\u0159\u00eddit tak\u00e9 sady, kter\u00e9 zahrnuj\u00ed kobere\u010dky r\u016fzn\u00fdch velikost\u00ed a tvar\u016f a sprchov\u00fd z\u00e1v\u011bs ve stejn\u00e9m designu a barevn\u00e9m proveden\u00ed.<\/p>\n<p><img decoding=\"async\" loading=\"lazy\" class=\"aligncenter wp-image-154 size-large\" title=\"Koupelnov\u00e9 p\u0159edlo\u017eky\" src=\"https:\/\/cerama.cz\/info\/wp-content\/uploads\/2023\/09\/kobercek-pri-vani-1024x683.jpg\" alt=\"Koupelnov\u00e9 p\u0159edlo\u017eky\" width=\"1024\" height=\"683\" srcset=\"https:\/\/cerama.cz\/info\/wp-content\/uploads\/2023\/09\/kobercek-pri-vani-1024x683.jpg 1024w, https:\/\/cerama.cz\/info\/wp-content\/uploads\/2023\/09\/kobercek-pri-vani-300x200.jpg 300w, https:\/\/cerama.cz\/info\/wp-content\/uploads\/2023\/09\/kobercek-pri-vani-768x512.jpg 768w, https:\/\/cerama.cz\/info\/wp-content\/uploads\/2023\/09\/kobercek-pri-vani-1536x1024.jpg 1536w, https:\/\/cerama.cz\/info\/wp-content\/uploads\/2023\/09\/kobercek-pri-vani-2048x1365.jpg 2048w, https:\/\/cerama.cz\/info\/wp-content\/uploads\/2023\/09\/kobercek-pri-vani-465x310.jpg 465w, https:\/\/cerama.cz\/info\/wp-content\/uploads\/2023\/09\/kobercek-pri-vani-695x463.jpg 695w\" sizes=\"(max-width: 1024px) 100vw, 1024px\" \/><\/p>\n<h2><span id=\"Z_ceho_jsou_vyrobene_koupelnove_predlozky\">Z \u010deho jsou vyroben\u00e9 koupelnov\u00e9 p\u0159edlo\u017eky?<\/span><\/h2>\n<p>Koupelnov\u00e9 p\u0159edlo\u017eky se vyr\u00e1b\u011bj\u00ed z r\u016fzn\u00fdch materi\u00e1l\u016f &#8211; polyesteru s mikrovl\u00e1knem, akrylu nebo bavlny. Na trhu lze nal\u00e9zt tak\u00e9 ru\u010dn\u011b v\u00e1zan\u00e9 bavln\u011bn\u00e9 kobere\u010dky, certifikovan\u00e9 jako \u0159emesln\u00e9 v\u00fdrobky, kter\u00e9 mohou b\u00fdt origin\u00e1ln\u00edm a vkusn\u00fdm dopl\u0148kem va\u0161\u00ed koupelny. V\u011bt\u0161ina koupelnov\u00fdch p\u0159edlo\u017eek je vybavena protiskluzov\u00fdm podkladem, p\u0159\u00edpadn\u011b si m\u016f\u017eete zakoupit speci\u00e1ln\u00ed protiskluzovou s\u00ed\u0165ovou podlo\u017eku.<\/p>\n<p>Koupelnov\u00e9 p\u0159edlo\u017eky jsou p\u0159\u00edjemn\u011b tepl\u00e9 a m\u011bkk\u00e9 na dotek, ale jejich \u00fadr\u017eba m\u016f\u017ee b\u00fdt n\u00e1ro\u010dn\u011bj\u0161\u00ed. Proto je vhodn\u00e9 vyb\u00edrat takov\u00e9, kter\u00e9 lze pr\u00e1t v pra\u010dce. Pokud m\u00e1te v koupeln\u011b podlahov\u00e9 vyt\u00e1p\u011bn\u00ed, je d\u016fle\u017eit\u00e9 si p\u0159ed koup\u00ed ov\u011b\u0159it, zda je koberec vhodn\u00fd pro tuto formu vyt\u00e1p\u011bn\u00ed.<\/p>\n<p>Vzhledem k tomu, \u017ee koupelnov\u00e9 p\u0159edlo\u017eky \u010dasto absorbuj\u00ed vlhkost a mohou se namo\u010dit, je vhodn\u00e9 je pravideln\u011b zvedat a kontrolovat, zda pod nimi nen\u00ed mokro. Pokud by z\u016fstaly dlouho mokr\u00e9, mohly by se st\u00e1t zdrojem bakteri\u00ed a pod nimi by se mohly tvo\u0159it nebezpe\u010dn\u00e9 pl\u00edsn\u011b. Koberce je tedy vhodn\u00e9 pravideln\u011b v\u011btrat a pr\u00e1t &#8211; tak budou v\u017edy \u010dist\u00e9 a esteticky vypadaj\u00edc\u00ed.<\/p>\n<h2><span id=\"Predstavujeme_vam_typy_koupelnovych_predlozek\">P\u0159edstavujeme v\u00e1m typy koupelnov\u00fdch p\u0159edlo\u017eek<\/span><\/h2>\n<p>Koupelnov\u00e9 p\u0159edlo\u017eky \u010dasto vyr\u00e1b\u011bj\u00ed z PVC (p\u011bny), gumy a kau\u010duku, aby byly protiskluzov\u00e9 a zaji\u0161\u0165ovaly va\u0161i bezpe\u010dnost. Pokud preferujete dopl\u0148ky z p\u0159\u00edrodn\u00edch materi\u00e1l\u016f, rozhodn\u011b si obl\u00edb\u00edte roho\u017ee z bambusu, korku nebo t\u0159eba s imitac\u00ed kamene. Tyto p\u0159edlo\u017eky um\u00eds\u0165ujeme hlavn\u011b na podlahu, v bl\u00edzkosti sprchov\u00e9ho koutu a vany, a tak\u00e9 do vany a sprchov\u00e9 vani\u010dky pro zv\u00fd\u0161en\u00ed bezpe\u010dnosti p\u0159i koup\u00e1n\u00ed.<\/p>\n<p>Roho\u017ee a p\u0159edlo\u017eky pro koupelny nab\u00edzej\u00ed \u0161irok\u00fd v\u00fdb\u011br velikost\u00ed a tvar\u016f. Nejobl\u00edben\u011bj\u0161\u00ed jsou obd\u00e9ln\u00edkov\u00e9 a kulat\u00e9, ale pro ty, kte\u0159\u00ed hledaj\u00ed n\u011bco netradi\u010dn\u00edho, v\u00fdrobci nab\u00edzej\u00ed ov\u00e1ln\u00e9, troj\u00faheln\u00edkov\u00e9 nebo roho\u017ee a p\u0159edlo\u017eky ve tvaru nohou. Pro d\u011btsk\u00e9 koupelny jsou na v\u00fdb\u011br roho\u017ee ve tvaru aut\u00ed\u010dka, kachni\u010dky nebo pl\u00e1\u017eov\u00e9ho m\u00ed\u010de. P\u0159i v\u00fdb\u011bru nezapome\u0148te zohlednit velikost &#8211; p\u0159edlo\u017eky by nem\u011bly zab\u00edrat celou plochu podlahy, ale m\u00edt roli ozdobn\u00e9ho dopl\u0148ku, kter\u00fd dotv\u00e1\u0159\u00ed celkov\u00fd vzhled koupelny.<\/p>\n<h2><span id=\"Par_slov_o_sprchovych_zavesech\">P\u00e1r slov o sprchov\u00fdch z\u00e1v\u011bsech<\/span><\/h2>\n<p>Sprchov\u00e9 z\u00e1v\u011bsy jsou z polyesteru nebo PVC, co\u017e zaji\u0161\u0165uje, \u017ee jsou vzduchot\u011bsn\u00e9 a zabra\u0148uj\u00ed \u00faniku vody ze sprchov\u00e9ho koutu nebo vany. Maj\u00ed otvory v horn\u00ed \u010d\u00e1sti vyztu\u017een\u00e9 akrylem a na spodn\u00ed stran\u011b z\u00e1va\u017e\u00ed nebo olov\u011bnou stuhu pro lep\u0161\u00ed p\u0159ilnavost, ani\u017e by se p\u0159il\u00e9haly na t\u011blo. Polyesterov\u00e9 z\u00e1v\u011bsy lze pr\u00e1t v pra\u010dce, co\u017e usnad\u0148uje jejich \u00fadr\u017ebu.<\/p>\n<p><img decoding=\"async\" loading=\"lazy\" class=\"aligncenter wp-image-153 size-large\" title=\"Sprchov\u00fd z\u00e1v\u011bs\" src=\"https:\/\/cerama.cz\/info\/wp-content\/uploads\/2023\/09\/zaves-vana-1024x572.jpg\" alt=\"Sprchov\u00fd z\u00e1v\u011bs\" width=\"1024\" height=\"572\" srcset=\"https:\/\/cerama.cz\/info\/wp-content\/uploads\/2023\/09\/zaves-vana-1024x572.jpg 1024w, https:\/\/cerama.cz\/info\/wp-content\/uploads\/2023\/09\/zaves-vana-300x168.jpg 300w, https:\/\/cerama.cz\/info\/wp-content\/uploads\/2023\/09\/zaves-vana-768x429.jpg 768w, https:\/\/cerama.cz\/info\/wp-content\/uploads\/2023\/09\/zaves-vana-1536x858.jpg 1536w, https:\/\/cerama.cz\/info\/wp-content\/uploads\/2023\/09\/zaves-vana-2048x1143.jpg 2048w, https:\/\/cerama.cz\/info\/wp-content\/uploads\/2023\/09\/zaves-vana-465x260.jpg 465w, https:\/\/cerama.cz\/info\/wp-content\/uploads\/2023\/09\/zaves-vana-695x388.jpg 695w\" sizes=\"(max-width: 1024px) 100vw, 1024px\" \/><\/p>\n<p>Po koup\u00e1n\u00ed je vhodn\u00e9 z\u00e1v\u011bs nechat otev\u0159en\u00fd, aby dob\u0159e uschl. Vlhk\u00fd z\u00e1v\u011bs m\u016f\u017ee toti\u017e zap\u00e1chat a st\u00e1t se m\u00edstem pro bakterie a pl\u00edsn\u011b. Z\u00e1v\u011bsy se obvykle prod\u00e1vaj\u00ed samostatn\u011b a je t\u0159eba je doplnit o ty\u010d a kole\u010dka. Ty\u010de mohou b\u00fdt rovn\u00e9, zahnut\u00e9 nebo \u0161ikm\u00e9 &#8211; vyb\u00edrat m\u016f\u017eete podle sv\u00fdch pot\u0159eb. Kole\u010dka jsou k dispozici v r\u016fzn\u00fdch barv\u00e1ch (b\u00edl\u00e1, zlat\u00e1, sat\u00e9nov\u00e1 atd.) a tvar\u016f (kulat\u00e1, ov\u00e1ln\u00e1), tak\u017ee mohou b\u00fdt dal\u0161\u00ed ozdobou koupelny.<\/p>\n<h2><span id=\"Co_maji_vsechny_produkty_spolecne\">Co maj\u00ed v\u0161echny\u00a0 produkty spole\u010dn\u00e9?<\/span><\/h2>\n<p>Je to jejich funk\u010dnost. Nejde jen o to, aby byly &#8222;hezk\u00e9 na pohled&#8220;, jako kv\u011btin\u00e1\u010de nebo sv\u00ed\u010dky v koupeln\u011b. Samoz\u0159ejm\u011b, jejich estetick\u00e1 a designov\u00e1 hodnota je velmi d\u016fle\u017eit\u00e1, ale jejich nejv\u011bt\u0161\u00ed p\u0159\u00ednos je v jejich prakti\u010dnosti. Koupelnov\u00e9 p\u0159edlo\u017eky chr\u00e1n\u00ed na\u0161e bos\u00e9 nohy p\u0159ed studenou podlahou.<\/p>\n<p>P\u0159i vystupov\u00e1n\u00ed z vany nebo sprchy n\u00e1m pom\u00e1haj\u00ed zabr\u00e1nit uklouznut\u00ed na kluzk\u00fdch dla\u017edic\u00edch. Krom\u011b toho p\u0159edlo\u017eky, \u010dasto vyroben\u00e9 z p\u0159\u00edrodn\u00edch materi\u00e1l\u016f, opticky zatepluj\u00ed interi\u00e9r. Pokud se na podlaze objev\u00ed nevzhledn\u00e1 prasklina v dla\u017edic\u00edch, p\u0159edlo\u017eky ji \u00fa\u010dinn\u011b a esteticky zakryj\u00ed.<\/p>\n<p>Sprchov\u00e9 z\u00e1v\u011bsy zase chr\u00e1n\u00ed interi\u00e9r koupelny p\u0159ed st\u0159\u00edkaj\u00edc\u00ed vodou ze sprchy. M\u016f\u017eete je pou\u017e\u00edt jak pro sprchov\u00e9 vani\u010dky, kde zab\u00edraj\u00ed m\u00e9n\u011b m\u00edsta ne\u017e standardn\u00ed sprchov\u00e9 kouty, tak i pro vany, kde z\u00e1v\u011bs pln\u00ed dvojitou funkci: umo\u017e\u0148uje si dop\u0159\u00e1t relaxa\u010dn\u00ed koupel nebo energii dod\u00e1vaj\u00edc\u00ed sprchu. D\u016fle\u017eit\u00e9 je pamatovat na to, \u017ee z\u00e1v\u011bs by nem\u011bl viset mimo sprchovou vani\u010dku nebo vanu, proto\u017ee voda z n\u011bj bude kapat na podlahu. Jakmile z\u00e1v\u011bs p\u0159estane kapat, m\u011bl by b\u00fdt zav\u011b\u0161en p\u0159es okraj vany, aby mohl \u0159\u00e1dn\u011b vyschnout.<\/p>\n<p>Je tedy v\u00fdhodn\u00e9 vybavit koupelnu kobere\u010dky, roho\u017ekami a z\u00e1v\u011bsy &#8211; nejenom, \u017ee pot\u011b\u0161\u00ed oko, ale tak\u00e9 zv\u00fd\u0161\u00ed bezpe\u010dnost a pohodl\u00ed ve va\u0161\u00ed koupeln\u011b. Jen je nezapome\u0148te udr\u017eovat v \u010distot\u011b, abyste p\u0159ede\u0161li vlhkosti a r\u016fstu bakteri\u00ed a pl\u00edsn\u00ed.<\/p>\n<hr \/>\n<p><a href=\"https:\/\/cerama.cz\/info\/koberce-rohoze-zavesy\/\"><img decoding=\"async\" loading=\"lazy\" class=\"alignnone\" title=\"Koberce, roho\u017ee, z\u00e1v\u011bsy\" src=\"https:\/\/cerama.cz\/info\/wp-content\/uploads\/2023\/09\/cz.png\" alt=\"Koberce, roho\u017ee, z\u00e1v\u011bsy\" width=\"32\" height=\"21\" \/><\/a> <a href=\"https:\/\/cerama.sk\/informacie\/koberce-rohoze-zavesy\/\"><img decoding=\"async\" loading=\"lazy\" class=\"alignnone\" title=\"Koberce, roho\u017ee, z\u00e1vesy\" src=\"https:\/\/cerama.cz\/info\/wp-content\/uploads\/2023\/09\/sk.png\" alt=\"TKoberce, roho\u017ee, z\u00e1vesy\" width=\"32\" height=\"21\" \/><\/a><\/p>\n","protected":false},"excerpt":{"rendered":"<p>ObsahKoupelnov\u00e9 p\u0159edlo\u017eky a dal\u0161\u00ed dopl\u0148kyCo je d\u016fle\u017eit\u00e9 p\u0159i v\u00fdb\u011bru koupelnov\u00fdch p\u0159edlo\u017eek?Z \u010deho jsou vyroben\u00e9 koupelnov\u00e9 p\u0159edlo\u017eky?P\u0159edstavujeme v\u00e1m typy koupelnov\u00fdch p\u0159edlo\u017eekP\u00e1r slov o sprchov\u00fdch z\u00e1v\u011bsechCo maj\u00ed v\u0161echny\u00a0 produkty spole\u010dn\u00e9? Koupelnov\u00e9 p\u0159edlo\u017eky a dal\u0161\u00ed dopl\u0148ky Materi\u00e1ly jako chrom, sklo, keramika a kamenina, kter\u00e9 \u010dasto dominuj\u00ed v koupeln\u00e1ch, mohou vytv\u00e1\u0159et chladnou atmosf\u00e9ru. Nicm\u00e9n\u011b,<span class=\"more-link\"><a href=\"https:\/\/cerama.cz\/info\/koberce-rohoze-zavesy\/\">Continue Reading<\/a><\/span><\/p>\n","protected":false},"author":2,"featured_media":152,"comment_status":"closed","ping_status":"open","sticky":false,"template":"","format":"standard","meta":[],"categories":[2],"tags":[],"aioseo_notices":[],"_links":{"self":[{"href":"https:\/\/cerama.cz\/info\/wp-json\/wp\/v2\/posts\/146"}],"collection":[{"href":"https:\/\/cerama.cz\/info\/wp-json\/wp\/v2\/posts"}],"about":[{"href":"https:\/\/cerama.cz\/info\/wp-json\/wp\/v2\/types\/post"}],"author":[{"embeddable":true,"href":"https:\/\/cerama.cz\/info\/wp-json\/wp\/v2\/users\/2"}],"replies":[{"embeddable":true,"href":"https:\/\/cerama.cz\/info\/wp-json\/wp\/v2\/comments?post=146"}],"version-history":[{"count":7,"href":"https:\/\/cerama.cz\/info\/wp-json\/wp\/v2\/posts\/146\/revisions"}],"predecessor-version":[{"id":333,"href":"https:\/\/cerama.cz\/info\/wp-json\/wp\/v2\/posts\/146\/revisions\/333"}],"wp:featuredmedia":[{"embeddable":true,"href":"https:\/\/cerama.cz\/info\/wp-json\/wp\/v2\/media\/152"}],"wp:attachment":[{"href":"https:\/\/cerama.cz\/info\/wp-json\/wp\/v2\/media?parent=146"}],"wp:term":[{"taxonomy":"category","embeddable":true,"href":"https:\/\/cerama.cz\/info\/wp-json\/wp\/v2\/categories?post=146"},{"taxonomy":"post_tag","embeddable":true,"href":"https:\/\/cerama.cz\/info\/wp-json\/wp\/v2\/tags?post=146"}],"curies":[{"name":"wp","href":"https:\/\/api.w.org\/{rel}","templated":true}]}}