{"id":156,"date":"2023-09-15T10:48:16","date_gmt":"2023-09-15T08:48:16","guid":{"rendered":"https:\/\/cerama.cz\/info\/?p=156"},"modified":"2023-10-06T15:02:35","modified_gmt":"2023-10-06T13:02:35","slug":"drevo-v-koupelne","status":"publish","type":"post","link":"https:\/\/cerama.cz\/info\/drevo-v-koupelne\/","title":{"rendered":"D\u0159evo v koupeln\u011b"},"content":{"rendered":"<div id=\"toc_container\" class=\"have_bullets\"><p class=\"toc_title\">Obsah<\/p><ul class=\"toc_list\"><li><a href=\"#Drevo_v_koupelne_Kombinace_elegance_a_prirozenosti\">D\u0159evo v koupeln\u011b: Kombinace elegance a p\u0159irozenosti<\/a><\/li><li><a href=\"#Drevo_v_koupelne_Co_byste_meli_vedet\">D\u0159evo v koupeln\u011b: Co byste m\u011bli v\u011bd\u011bt?<\/a><\/li><li><a href=\"#Pece_o_drevo_v_koupelne\">P\u00e9\u010de o d\u0159evo v koupeln\u011b<\/a><\/li><li><a href=\"#Drevena_podlaha_v_koupelne_Pro_a_proti\">D\u0159ev\u011bn\u00e1 podlaha v koupeln\u011b: Pro a proti<\/a><\/li><li><a href=\"#Drevo_jako_alternativa_keramicke_dlazby_v_koupelne\">D\u0159evo jako alternativa keramick\u00e9 dla\u017eby v koupeln\u011b<\/a><\/li><li><a href=\"#Drevene_prvky_a_nabytek_v_koupelne\">D\u0159ev\u011bn\u00e9 prvky a n\u00e1bytek v koupeln\u011b<\/a><ul><li><a href=\"#Bily_mramor_a_drevo_v_koupelne\">B\u00edl\u00fd mramor a d\u0159evo v koupeln\u011b<\/a><\/li><li><a href=\"#Koupelnovy_beton_a_drevo\">Koupelnov\u00fd beton a d\u0159evo<\/a><\/li><li><a href=\"#Tmava_koupelna_s_drevem\">Tmav\u00e1 koupelna s d\u0159evem<\/a><\/li><\/ul><\/li><\/ul><\/div>\n<h2><span id=\"Drevo_v_koupelne_Kombinace_elegance_a_prirozenosti\">D\u0159evo v koupeln\u011b: Kombinace elegance a p\u0159irozenosti<\/span><\/h2>\n<p>Vyu\u017eit\u00ed d\u0159eva v koupeln\u011b se st\u00e1v\u00e1 st\u00e1le obl\u00edben\u011bj\u0161\u00ed trendem, kter\u00fd sv\u00fdm jedine\u010dn\u00fdm zp\u016fsobem o\u017eivuje interi\u00e9r a p\u0159in\u00e1\u0161\u00ed do prostoru p\u0159irozen\u00fd p\u016fvab. Jeho kombinace s chladem keramiky, skla a chromu vede k vytvo\u0159en\u00ed harmonick\u00e9 rovnov\u00e1hy mezi modern\u00edm a klasick\u00fdm stylem.<\/p>\n<h2><span id=\"Drevo_v_koupelne_Co_byste_meli_vedet\">D\u0159evo v koupeln\u011b: Co byste m\u011bli v\u011bd\u011bt?<\/span><\/h2>\n<p>I p\u0159es obavy n\u011bkter\u00fdch lid\u00ed je vyu\u017eit\u00ed d\u0159eva v prostoru jako je koupelna naprosto bezpe\u010dn\u00e9 a praktick\u00e9, pokud jsou dodr\u017eeny ur\u010dit\u00e9 podm\u00ednky. D\u016fle\u017eit\u00e9 je vybrat spr\u00e1vn\u00fd typ d\u0159eva a pravideln\u011b se o n\u011bj starat, aby bylo odoln\u00e9 v\u016f\u010di vlhkosti a pl\u00edsn\u00edm.<\/p>\n<p>D\u0159evo je skv\u011bl\u00fdm univerz\u00e1ln\u00edm materi\u00e1lem, kter\u00fd lze kombinovat s jakoukoli barvou a designem koupelny. Je ide\u00e1ln\u00ed pro interi\u00e9ry s \u017eiv\u00fdmi rostlinami a m\u016f\u017ee b\u00fdt pou\u017eito v r\u016fzn\u00fdch form\u00e1ch &#8211; a\u0165 u\u017e jako mal\u00e9 dopl\u0148ky, r\u00e1my zrcadel nebo jako hlavn\u00ed designov\u00fd prvek cel\u00e9 koupelny, jako je obklad vany, n\u00e1bytek nebo podlaha.<\/p>\n<h2><span id=\"Pece_o_drevo_v_koupelne\">P\u00e9\u010de o d\u0159evo v koupeln\u011b<\/span><\/h2>\n<p>P\u0159i v\u00fdb\u011bru d\u0159ev\u011bn\u00fdch prvk\u016f do koupelny je t\u0159eba pe\u010dliv\u011b zv\u00e1\u017eit typ d\u0159eva. Vzhledem k vy\u0161\u0161\u00ed teplot\u011b a vlhkosti v koupeln\u011b jsou nejvhodn\u011bj\u0161\u00ed odoln\u00e9 a tvrd\u00e9 druhy d\u0159eva, jako jsou exotick\u00e9 d\u0159eviny teak, jatobe, cedr, doussie, marbau, iroko, lapacho, badi a wenge. Tyto druhy lze pou\u017e\u00edt na m\u00edstech, kter\u00e1 jsou nejv\u00edce vystavena vlhkosti, jako je oblast kolem umyvadla, vany nebo sprchy.<\/p>\n<p>M\u00e9n\u011b odoln\u00e9 proti vlhkosti jsou kempas, guatambu, zebrano a africk\u00fd o\u0159ech (bibola). V\u0161echny tyto d\u0159eviny jsou dostupn\u00e9 v \u0161irok\u00e9 \u0161k\u00e1le barev, tak\u017ee si ka\u017ed\u00fd m\u016f\u017ee vybrat ten spr\u00e1vn\u00fd odst\u00edn pro svou koupelnu. Doporu\u010dujeme pravideln\u00e9 pou\u017e\u00edv\u00e1n\u00ed impregna\u010dn\u00edch materi\u00e1l\u016f s UV filtry, kter\u00e9 zabra\u0148uj\u00ed tmavnut\u00ed d\u0159eva, zejm\u00e9na u teakov\u00e9ho d\u0159eva.<\/p>\n<p><img decoding=\"async\" loading=\"lazy\" class=\"aligncenter wp-image-162 size-large\" title=\"D\u0159evo v koupeln\u011b\" src=\"https:\/\/cerama.cz\/info\/wp-content\/uploads\/2023\/09\/drevo-v-kupelni1-1024x668.jpg\" alt=\"D\u0159evo v koupeln\u011b\" width=\"1024\" height=\"668\" srcset=\"https:\/\/cerama.cz\/info\/wp-content\/uploads\/2023\/09\/drevo-v-kupelni1-1024x668.jpg 1024w, https:\/\/cerama.cz\/info\/wp-content\/uploads\/2023\/09\/drevo-v-kupelni1-300x196.jpg 300w, https:\/\/cerama.cz\/info\/wp-content\/uploads\/2023\/09\/drevo-v-kupelni1-768x501.jpg 768w, https:\/\/cerama.cz\/info\/wp-content\/uploads\/2023\/09\/drevo-v-kupelni1-1536x1003.jpg 1536w, https:\/\/cerama.cz\/info\/wp-content\/uploads\/2023\/09\/drevo-v-kupelni1-2048x1337.jpg 2048w, https:\/\/cerama.cz\/info\/wp-content\/uploads\/2023\/09\/drevo-v-kupelni1-465x304.jpg 465w, https:\/\/cerama.cz\/info\/wp-content\/uploads\/2023\/09\/drevo-v-kupelni1-695x454.jpg 695w\" sizes=\"(max-width: 1024px) 100vw, 1024px\" \/><\/p>\n<h2><span id=\"Drevena_podlaha_v_koupelne_Pro_a_proti\">D\u0159ev\u011bn\u00e1 podlaha v koupeln\u011b: Pro a proti<\/span><\/h2>\n<p>D\u0159ev\u011bn\u00e1 podlaha v koupeln\u011b m\u016f\u017ee p\u0159in\u00e9st pocit bl\u00edzkosti p\u0159\u00edrody a p\u0159\u00edjemn\u00fd pocit tepla pod bos\u00fdmi nohami. Nicm\u00e9n\u011b je t\u0159eba zva\u017eovat ur\u010dit\u00e9 aspekty, jako je vysok\u00e1 vlhkost a zm\u011bny teplot, kter\u00e9 mohou ovlivnit strukturu a stav podlahy. Je proto d\u016fle\u017eit\u00e9 vybrat vhodn\u00fd typ d\u0159eva, kter\u00fd je odoln\u00fd v\u016f\u010di t\u011bmto podm\u00ednk\u00e1m.<\/p>\n<p>Alternativou k d\u0159ev\u011bn\u00e9 podlaze m\u016f\u017ee b\u00fdt dla\u017eba s d\u0159ev\u011bn\u00fdm vzhledem, nebo vyu\u017eit\u00ed d\u0159ev\u011bn\u00fdch prvk\u016f pro \u00falo\u017en\u00e9 prostory v koupeln\u011b.<\/p>\n<p>I m\u00edstn\u00ed druhy d\u0159eva, jako dub, jilm, jasan, buk, mod\u0159\u00edn a v su\u0161\u0161\u00edch oblastech borovice, smrk, t\u0159e\u0161e\u0148 a hru\u0161ka, mohou b\u00fdt vhodn\u00fdm \u0159e\u0161en\u00edm pro koupelnu, pokud jsou \u0159\u00e1dn\u011b o\u0161et\u0159eny a pravideln\u011b impregnov\u00e1ny.<\/p>\n<h2><span id=\"Drevo_jako_alternativa_keramicke_dlazby_v_koupelne\">D\u0159evo jako alternativa keramick\u00e9 dla\u017eby v koupeln\u011b<\/span><\/h2>\n<p>D\u0159evo se st\u00e1le \u010dast\u011bji objevuje jako n\u00e1hrada za keramickou dla\u017ebu \u010di porcel\u00e1novou kameninu. Nejen\u017ee d\u0159ev\u011bn\u00e1 podlaha exceluje estetickou str\u00e1nkou, ale sou\u010dasn\u011b poskytuje p\u0159\u00edjemn\u00fd pocit, zvl\u00e1\u0161t\u011b pokud jste pr\u00e1v\u011b vystoupili z koupele nebo sprchy s mokr\u00fdmi nohama. Pro koupelnu doporu\u010dujeme zvolit masivn\u00ed d\u0159evo v podob\u011b parket nebo t\u0159\u00edvrstv\u00fdch panel\u016f, p\u0159\u00edpadn\u011b pr\u016fmyslov\u00fdch parket.<\/p>\n<p>Av\u0161ak prkna z masivn\u00edho d\u0159eva nen\u00ed vhodn\u00e9 pou\u017e\u00edvat, jeliko\u017e jsou n\u00e1chyln\u00e9 k deformac\u00edm. Pro udr\u017een\u00ed kvality podlahy by m\u011bly b\u00fdt sp\u00e1ry vypln\u011bny syntetick\u00fdm kau\u010dukem, aby se zamezilo vlhkosti pronikaj\u00edc\u00ed pod povrch, co\u017e by mohlo v\u00e9st ke zkreslen\u00ed a zm\u011bn\u011b barvy d\u00edky vzniku pl\u00edsn\u00ed. Rovn\u011b\u017e doporu\u010dujeme, aby podlaha, i pokud je vyrobena z exotick\u00e9ho d\u0159eva, byla co nejd\u0159\u00edve o\u0161et\u0159ena speci\u00e1ln\u00edm olejem nebo lakem ur\u010den\u00fdm k tomuto \u00fa\u010delu.<\/p>\n<p>Jedn\u00edm z omezen\u00ed d\u0159ev\u011bn\u00e9 podlahy je v\u0161ak nemo\u017enost instalace podlahov\u00e9ho vyt\u00e1p\u011bn\u00ed, proto\u017ee d\u0159evo nerezistuje vysok\u00fdm teplot\u00e1m a v\u00fdrazn\u00fdm teplotn\u00edm zm\u011bn\u00e1m.<\/p>\n<p><img decoding=\"async\" loading=\"lazy\" class=\"aligncenter wp-image-163 size-large\" title=\"D\u0159ev\u011bn\u00fd n\u00e1bytek v koupeln\u011b\" src=\"https:\/\/cerama.cz\/info\/wp-content\/uploads\/2023\/09\/drev-v-kupel-2-1024x683.jpg\" alt=\"D\u0159ev\u011bn\u00fd n\u00e1bytek v koupeln\u011b\" width=\"1024\" height=\"683\" srcset=\"https:\/\/cerama.cz\/info\/wp-content\/uploads\/2023\/09\/drev-v-kupel-2-1024x683.jpg 1024w, https:\/\/cerama.cz\/info\/wp-content\/uploads\/2023\/09\/drev-v-kupel-2-300x200.jpg 300w, https:\/\/cerama.cz\/info\/wp-content\/uploads\/2023\/09\/drev-v-kupel-2-768x512.jpg 768w, https:\/\/cerama.cz\/info\/wp-content\/uploads\/2023\/09\/drev-v-kupel-2-1536x1024.jpg 1536w, https:\/\/cerama.cz\/info\/wp-content\/uploads\/2023\/09\/drev-v-kupel-2-2048x1365.jpg 2048w, https:\/\/cerama.cz\/info\/wp-content\/uploads\/2023\/09\/drev-v-kupel-2-465x310.jpg 465w, https:\/\/cerama.cz\/info\/wp-content\/uploads\/2023\/09\/drev-v-kupel-2-695x463.jpg 695w\" sizes=\"(max-width: 1024px) 100vw, 1024px\" \/><\/p>\n<h2><span id=\"Drevene_prvky_a_nabytek_v_koupelne\">D\u0159ev\u011bn\u00e9 prvky a n\u00e1bytek v koupeln\u011b<\/span><\/h2>\n<p>D\u0159evo m\u016f\u017eete aplikovat i na st\u011bny, p\u0159i\u010dem\u017e m\u016f\u017eete u\u017e\u00edt stejn\u00e9 druhy a materi\u00e1ly jako na podlahu. D\u0159ev\u011bn\u00e9 obklady dodaj\u00ed koupeln\u011b atmosf\u00e9ru finsk\u00e9 sauny, co\u017e p\u016fsob\u00ed velmi p\u0159irozen\u011b, av\u0161ak mohou opticky zmen\u0161it prostor.<\/p>\n<p>Dal\u0161\u00edm obl\u00edben\u00fdm d\u0159ev\u011bn\u00fdm dopl\u0148kem v koupeln\u011b je n\u00e1bytek, kter\u00fd pln\u00ed jak estetickou, tak praktickou funkci. Pokud zvol\u00edte kvalitn\u00ed n\u00e1bytek z vhodn\u00fdch materi\u00e1l\u016f, m\u016f\u017ee v\u00e1m slou\u017eit mnoho let a z\u00e1rove\u0148 kr\u00e1sn\u011b ozdobit va\u0161i koupelnu. Alternativou m\u016f\u017ee b\u00fdt n\u00e1bytek s d\u0159ev\u011bn\u00fdm dekorem, kter\u00fd vizu\u00e1ln\u011b napodobuje skute\u010dn\u00e9 d\u0159evo, ale je n\u00e1kladov\u011b efektivn\u011bj\u0161\u00ed.<\/p>\n<p>Za\u0159izov\u00e1n\u00edm koupelny p\u0159\u00edrodn\u00edmi materi\u00e1ly, zejm\u00e9na d\u0159evem, a jej\u00edm obohacen\u00edm o \u017eiv\u00e9 rostliny, vytvo\u0159\u00edte dom\u00e1c\u00ed o\u00e1zu pro relaxaci. D\u0159evo toti\u017e poskytuje p\u0159\u00edjemn\u00fd vizu\u00e1ln\u00ed a haptick\u00fd z\u00e1\u017eitek, kter\u00fd pozitivn\u011b ovliv\u0148uje na\u0161i n\u00e1ladu a napom\u00e1h\u00e1 relaxaci.<\/p>\n<h3><span id=\"Bily_mramor_a_drevo_v_koupelne\">B\u00edl\u00fd mramor a d\u0159evo v koupeln\u011b<\/span><\/h3>\n<p>Kombinace b\u00edl\u00e9 a d\u0159eva je univerz\u00e1ln\u00ed, nad\u010dasov\u00e1, elegantn\u00ed a stylov\u00e1 &#8211; a v\u017edy v m\u00f3d\u011b. Samotn\u00e1 tato kombinace vytv\u00e1\u0159\u00ed \u00fachvatn\u00fd interi\u00e9rov\u00fd design, ale m\u016f\u017ee tak\u00e9 slou\u017eit jako z\u00e1klad pro rustik\u00e1ln\u00ed, skandin\u00e1vsk\u00fd nebo minimalistick\u00fd styl. Sta\u010d\u00ed jen spr\u00e1vn\u011b zvolit koupelnov\u00e9 dopl\u0148ky.<\/p>\n<p>Kombinace b\u00edl\u00e9ho mramoru a d\u0159eva vn\u00e1\u0161\u00ed do interi\u00e9ru atmosf\u00e9ru luxusu. Tato velmi elegantn\u00ed kombinace pracuje na principu kontrastu. Tepl\u00e9 t\u00f3ny d\u0159eva jsou dokonalou protiv\u00e1hou pro chladn\u00fd mramor.<\/p>\n<h3><span id=\"Koupelnovy_beton_a_drevo\">Koupelnov\u00fd beton a d\u0159evo<\/span><\/h3>\n<p>Beton v interi\u00e9ru vytv\u00e1\u0159\u00ed zaj\u00edmav\u00e9 a n\u011bkdy a\u017e p\u0159ekvapuj\u00edc\u00ed efekty. Surov\u00fd materi\u00e1l, kter\u00fd je \u010dasto spojov\u00e1n s industri\u00e1ln\u00edm a loftov\u00fdm stylem, m\u016f\u017ee v kombinaci s b\u00edlou, cihlou a d\u0159evem vytvo\u0159it \u00fatulnou atmosf\u00e9ru, kter\u00e1 se hod\u00ed do t\u00e9m\u011b\u0159 jak\u00e9hokoli stylu.<\/p>\n<p>Nej\u010dast\u011bji se beton a d\u0159evo kombinuj\u00ed s \u010dern\u00fdm loftov\u00fdm n\u00e1bytkem. Typick\u00fdm p\u0159\u00edkladem je koupelna se sprchov\u00fdm koutem, betonov\u00fdmi st\u011bnami, d\u0159ev\u011bnou podlahou a matn\u00fdmi \u010dern\u00fdmi dopl\u0148ky.<\/p>\n<p><img decoding=\"async\" loading=\"lazy\" class=\"aligncenter wp-image-164 size-large\" title=\"Tmav\u00e1 koupelna s d\u0159evem\" src=\"https:\/\/cerama.cz\/info\/wp-content\/uploads\/2023\/09\/cierna-s-drevom-1024x683.jpg\" alt=\"Tmav\u00e1 koupelna s d\u0159evem\" width=\"1024\" height=\"683\" srcset=\"https:\/\/cerama.cz\/info\/wp-content\/uploads\/2023\/09\/cierna-s-drevom-1024x683.jpg 1024w, https:\/\/cerama.cz\/info\/wp-content\/uploads\/2023\/09\/cierna-s-drevom-300x200.jpg 300w, https:\/\/cerama.cz\/info\/wp-content\/uploads\/2023\/09\/cierna-s-drevom-768x512.jpg 768w, https:\/\/cerama.cz\/info\/wp-content\/uploads\/2023\/09\/cierna-s-drevom-1536x1024.jpg 1536w, https:\/\/cerama.cz\/info\/wp-content\/uploads\/2023\/09\/cierna-s-drevom-2048x1365.jpg 2048w, https:\/\/cerama.cz\/info\/wp-content\/uploads\/2023\/09\/cierna-s-drevom-465x310.jpg 465w, https:\/\/cerama.cz\/info\/wp-content\/uploads\/2023\/09\/cierna-s-drevom-695x463.jpg 695w\" sizes=\"(max-width: 1024px) 100vw, 1024px\" \/><\/p>\n<h3><span id=\"Tmava_koupelna_s_drevem\">Tmav\u00e1 koupelna s d\u0159evem<\/span><\/h3>\n<p>Je d\u0159evo vhodn\u00e9 pro neosv\u011btlenou koupelnu? Ano, za p\u0159edpokladu, \u017ee spr\u00e1vn\u011b vy\u0159e\u0161\u00edme osv\u011btlen\u00ed koupelny. Sv\u011btl\u00e9 druhy d\u0159eva jsou pro takov\u00fd interi\u00e9r ide\u00e1ln\u00ed volbou. Dob\u0159e osv\u011btlen\u00e9 prostory v koupeln\u011b nav\u00edc mohou opticky zv\u011bt\u0161it interi\u00e9r.<\/p>\n<hr \/>\n<p><a href=\"https:\/\/cerama.cz\/info\/drevo-v-koupelne\/\"><img decoding=\"async\" loading=\"lazy\" class=\"alignnone\" title=\"D\u0159evo v koupeln\u011b\" src=\"https:\/\/cerama.cz\/info\/wp-content\/uploads\/2023\/09\/cz.png\" alt=\"D\u0159evo v koupeln\u011b\" width=\"32\" height=\"21\" \/><\/a> <a href=\"https:\/\/cerama.sk\/informacie\/drevo-v-kupelni\/\"><img decoding=\"async\" loading=\"lazy\" class=\"alignnone\" title=\"Drevo v k\u00fape\u013eni\" src=\"https:\/\/cerama.cz\/info\/wp-content\/uploads\/2023\/09\/sk.png\" alt=\"Drevo v k\u00fape\u013eni\" width=\"32\" height=\"21\" \/><\/a><\/p>\n","protected":false},"excerpt":{"rendered":"<p>ObsahD\u0159evo v koupeln\u011b: Kombinace elegance a p\u0159irozenostiD\u0159evo v koupeln\u011b: Co byste m\u011bli v\u011bd\u011bt?P\u00e9\u010de o d\u0159evo v koupeln\u011bD\u0159ev\u011bn\u00e1 podlaha v koupeln\u011b: Pro a protiD\u0159evo jako alternativa keramick\u00e9 dla\u017eby v koupeln\u011bD\u0159ev\u011bn\u00e9 prvky a n\u00e1bytek v koupeln\u011bB\u00edl\u00fd mramor a d\u0159evo v koupeln\u011bKoupelnov\u00fd beton a d\u0159evoTmav\u00e1 koupelna s d\u0159evem D\u0159evo v koupeln\u011b: Kombinace elegance<span class=\"more-link\"><a href=\"https:\/\/cerama.cz\/info\/drevo-v-koupelne\/\">Continue Reading<\/a><\/span><\/p>\n","protected":false},"author":2,"featured_media":161,"comment_status":"closed","ping_status":"open","sticky":false,"template":"","format":"standard","meta":[],"categories":[2],"tags":[],"aioseo_notices":[],"_links":{"self":[{"href":"https:\/\/cerama.cz\/info\/wp-json\/wp\/v2\/posts\/156"}],"collection":[{"href":"https:\/\/cerama.cz\/info\/wp-json\/wp\/v2\/posts"}],"about":[{"href":"https:\/\/cerama.cz\/info\/wp-json\/wp\/v2\/types\/post"}],"author":[{"embeddable":true,"href":"https:\/\/cerama.cz\/info\/wp-json\/wp\/v2\/users\/2"}],"replies":[{"embeddable":true,"href":"https:\/\/cerama.cz\/info\/wp-json\/wp\/v2\/comments?post=156"}],"version-history":[{"count":6,"href":"https:\/\/cerama.cz\/info\/wp-json\/wp\/v2\/posts\/156\/revisions"}],"predecessor-version":[{"id":334,"href":"https:\/\/cerama.cz\/info\/wp-json\/wp\/v2\/posts\/156\/revisions\/334"}],"wp:featuredmedia":[{"embeddable":true,"href":"https:\/\/cerama.cz\/info\/wp-json\/wp\/v2\/media\/161"}],"wp:attachment":[{"href":"https:\/\/cerama.cz\/info\/wp-json\/wp\/v2\/media?parent=156"}],"wp:term":[{"taxonomy":"category","embeddable":true,"href":"https:\/\/cerama.cz\/info\/wp-json\/wp\/v2\/categories?post=156"},{"taxonomy":"post_tag","embeddable":true,"href":"https:\/\/cerama.cz\/info\/wp-json\/wp\/v2\/tags?post=156"}],"curies":[{"name":"wp","href":"https:\/\/api.w.org\/{rel}","templated":true}]}}