{"id":180,"date":"2023-09-20T14:00:43","date_gmt":"2023-09-20T12:00:43","guid":{"rendered":"https:\/\/cerama.cz\/info\/?p=180"},"modified":"2023-10-06T15:11:07","modified_gmt":"2023-10-06T13:11:07","slug":"typy-van-pro-vasi-koupelnu","status":"publish","type":"post","link":"https:\/\/cerama.cz\/info\/typy-van-pro-vasi-koupelnu\/","title":{"rendered":"Typy van pro va\u0161i koupelnu"},"content":{"rendered":"<div id=\"toc_container\" class=\"have_bullets\"><p class=\"toc_title\">Obsah<\/p><ul class=\"toc_list\"><li><a href=\"#Materialy_pro_vyrobu_van\">Materi\u00e1ly pro v\u00fdrobu van:<\/a><ul><li><a href=\"#Akrylatove_vany\">Akryl\u00e1tov\u00e9 vany<\/a><\/li><li><a href=\"#Smaltovane_litinove_vany\">Smaltovan\u00e9 litinov\u00e9 vany<\/a><\/li><li><a href=\"#Smaltovane_ocelove_vany\">Smaltovan\u00e9 ocelov\u00e9 vany<\/a><\/li><li><a href=\"#Vany_z_umeleho_mramoru\">Vany z um\u011bl\u00e9ho mramoru<\/a><\/li><\/ul><\/li><li><a href=\"#Typy_van\">Typy van:<\/a><ul><li><a href=\"#Obdelnikove_vany\">Obd\u00e9ln\u00edkov\u00e9 vany<\/a><\/li><li><a href=\"#Rohove_vany\">Rohov\u00e9 vany<\/a><\/li><li><a href=\"#Kulate_vany\">Kulat\u00e9 vany<\/a><\/li><li><a href=\"#Ovalne_vany\">Ov\u00e1ln\u00e9 vany<\/a><\/li><li><a href=\"#Virive_vany\">V\u00ed\u0159iv\u00e9 vany<\/a><\/li><\/ul><\/li><\/ul><\/div>\n<p>Rohov\u00e1 vana je nezbytnou sou\u010d\u00e1st\u00ed vybaven\u00ed koupelny, kter\u00e1 vytv\u00e1\u0159\u00ed p\u0159\u00edjemnou atmosf\u00e9ru uvoln\u011bn\u00ed a pohody. S hydromas\u00e1\u017en\u00ed funkc\u00ed se m\u016f\u017ee tato vana prom\u011bnit v osobn\u00ed dom\u00e1c\u00ed l\u00e1zn\u011b.<\/p>\n<p>Nab\u00eddka van na trhu je velice \u0161irok\u00e1, s velk\u00fdm rozp\u011bt\u00ed v materi\u00e1lech, velikostech a tvarech. Proto je d\u016fle\u017eit\u00e9 b\u00fdt sezn\u00e1men s nejd\u016fle\u017eit\u011bj\u0161\u00edmi aspekty p\u0159i v\u00fdb\u011bru vany do koupelny.<\/p>\n<h2><span id=\"Materialy_pro_vyrobu_van\">Materi\u00e1ly pro v\u00fdrobu van:<\/span><\/h2>\n<h3><span id=\"Akrylatove_vany\">Akryl\u00e1tov\u00e9 vany<\/span><\/h3>\n<p>Akryl\u00e1tov\u00e9 vany jsou obzvl\u00e1\u0161t\u011b obl\u00edben\u00e9 d\u00edky sv\u00e9mu vysok\u00e9mu kvalitn\u00edmu akryl\u00e1tu, pevn\u00e9mu akryl\u00e1tu nebo polyesterov\u00e9 prysky\u0159ici se sklen\u011bn\u00fdmi vl\u00e1kny, co\u017e je \u010din\u00ed odoln\u00fdmi v\u016f\u010di po\u0161kr\u00e1b\u00e1n\u00ed, n\u00e1raz\u016fm a \u0161kodliv\u00fdm \u00fa\u010dink\u016fm \u010dist\u00edc\u00edch chemik\u00e1li\u00ed.<\/p>\n<p>Tepeln\u00e1 a zvukov\u00e1 izolace jsou hlavn\u00edmi v\u00fdhodami akryl\u00e1tov\u00fdch van. D\u00edky dobr\u00e9 izolaci voda v takov\u00e9 van\u011b z\u016fst\u00e1v\u00e1 dlouho tepl\u00e1 a zvuk p\u0159i napou\u0161t\u011bn\u00ed vody nebo vstupu do vany je tlumen. Povrch vany je p\u0159\u00edjemn\u00fd na dotek &#8211; tepl\u00fd a hladk\u00fd, a nav\u00edc je tento materi\u00e1l odoln\u00fd v\u016f\u010di rzi a skvrn\u00e1m od v\u00e1pna.<\/p>\n<p>Akryl\u00e1tov\u00e9 vany jsou dostupn\u00e9 v r\u016fzn\u00fdch tvarech, velikostech a barv\u00e1ch, s tvarovan\u00fdmi op\u011brkami, sed\u00e1tkem nebo v\u00fdklenkem pro toaletn\u00ed pot\u0159eby. N\u011bkte\u0159\u00ed v\u00fdrobci nab\u00edzej\u00ed vany s antibakteri\u00e1ln\u00ed povrchovou \u00fapravou, co\u017e usnad\u0148uje jejich \u00fadr\u017ebu &#8211; bakterie, houby a pl\u00edsn\u011b se na nich mno\u017e\u00ed pomaleji a \u010dist\u00edc\u00ed \u00fa\u010dinek vydr\u017e\u00ed d\u00e9le.<\/p>\n<p>Mezi akryl\u00e1tov\u00fdmi vanami najdeme nejleh\u010d\u00ed modely na trhu, nap\u0159\u00edklad vanu o rozm\u011brech 150 x 100 cm v\u00e1\u017e\u00ed asi 20 kg. P\u0159i v\u00fdb\u011bru je d\u016fle\u017eit\u00e9 zvolit kvalitn\u00ed a dob\u0159e zn\u00e1mou zna\u010dku, aby byla zaji\u0161t\u011bna dostate\u010dn\u00e1 tlou\u0161\u0165ka akryl\u00e1tu, kter\u00e1 zabra\u0148uje prask\u00e1n\u00ed povrchu a deformac\u00ed st\u011bn.<\/p>\n<p><img decoding=\"async\" loading=\"lazy\" class=\"alignnone wp-image-186\" title=\"Vana s ozdobn\u00fdmi no\u017ei\u010dkami\" src=\"https:\/\/cerama.cz\/info\/wp-content\/uploads\/2023\/09\/vana-snozickami.jpg\" alt=\"Vana s ozdobn\u00fdmi no\u017ei\u010dkami\" width=\"995\" height=\"597\" \/><\/p>\n<h3><span id=\"Smaltovane_litinove_vany\">Smaltovan\u00e9 litinov\u00e9 vany<\/span><\/h3>\n<p>Litinov\u00e9 vany jsou mimo\u0159\u00e1dn\u011b odoln\u00e9 a mohou vydr\u017eet v t\u00e9m\u011b\u0159 nezm\u011bn\u011bn\u00e9m stavu des\u00edtky let. Jsou odoln\u00e9 v\u016f\u010di po\u0161kozen\u00ed, snadno se \u010dist\u00ed a udr\u017euj\u00ed teplotu vody po dlouhou dobu. M\u011bli bychom si v\u0161ak uv\u011bdomit, \u017ee pr\u00e1zdn\u00e1 litinov\u00e1 vana je na dotek studen\u00e1. Jsou odoln\u00e9 v\u016f\u010di sv\u011btlu a UV z\u00e1\u0159en\u00ed, tak\u017ee neblednou ani nematn\u00ed. Pro svou odolnost v\u016f\u010di ohni jsou rovn\u011b\u017e bezpe\u010dn\u00e9 p\u0159i nehod\u00e1ch s hor\u00edc\u00edmi sv\u00ed\u010dkami nebo cigaretami.<\/p>\n<p>Litinov\u00e9 vany jsou \u0161etrn\u00e9 k \u017eivotn\u00edmu prost\u0159ed\u00ed &#8211; smaltovan\u00e1 ocel je pln\u011b recyklovateln\u00fd materi\u00e1l, kter\u00fd lze znovu pou\u017e\u00edt p\u0159i v\u00fdrob\u011b oceli. Jejich nev\u00fdhodou je vysok\u00e1 hmotnost, kter\u00e1 komplikuje p\u0159epravu a instalaci.<\/p>\n<p>Kvalitn\u00ed litinov\u00e1 vana je vyrobena z jednoho pevn\u00e9ho ocelov\u00e9ho plechu bez sv\u00e1r\u016f, kter\u00e9 by mohly zp\u016fsobit rez a n\u00e1sledn\u00e9 \u00faniky vody. Ocel by m\u011bla b\u00fdt pota\u017eena tenkou vrstvou smaltu, \u010d\u00edm ten\u010d\u00ed vrstva, t\u00edm pru\u017en\u011bj\u0161\u00ed a odoln\u011bj\u0161\u00ed je vana v\u016f\u010di po\u0161kozen\u00ed.<\/p>\n<p>Litinov\u00e9 vany jsou obvykle dostupn\u00e9 v b\u00edl\u00e9 barv\u011b v klasick\u00fdch tvarech &#8211; obd\u00e9ln\u00edkov\u00e9 a ov\u00e1ln\u00e9, \u010dasto s ozdobn\u00fdmi no\u017ei\u010dkami (nap\u0159\u00edklad ve tvaru lv\u00edch tlapek). Je tak\u00e9 mo\u017en\u00e9 si objednat vany v jin\u00fdch barv\u00e1ch, ale s vy\u0161\u0161\u00edmi finan\u010dn\u00edmi n\u00e1klady. Tyto vany dod\u00e1vaj\u00ed interi\u00e9ru klasickou eleganci a skv\u011ble dopl\u0148uj\u00ed koupelny v retro stylu. V prostorn\u00fdch koupeln\u00e1ch nebo koupac\u00edch salonech se \u010dasto umis\u0165uj\u00ed do st\u0159edu m\u00edstnosti, co\u017e zd\u016fraz\u0148uje jejich v\u00fdznam.<\/p>\n<h3><span id=\"Smaltovane_ocelove_vany\">Smaltovan\u00e9 ocelov\u00e9 vany<\/span><\/h3>\n<p>Tyto vany jsou vysoce odoln\u00e9 proti po\u0161kr\u00e1b\u00e1n\u00ed, n\u00e1raz\u016fm a dom\u00e1c\u00edm chemik\u00e1li\u00edm. Jsou k dispozici v r\u016fzn\u00fdch tvarech, velikostech a barv\u00e1ch.<\/p>\n<p><img decoding=\"async\" loading=\"lazy\" class=\"aligncenter wp-image-192 size-large\" title=\"\u010cern\u00e1 vana\" src=\"https:\/\/cerama.cz\/info\/wp-content\/uploads\/2023\/09\/shutterstock_1080815537-1024x683.jpg\" alt=\"\u010cern\u00e1 vana\" width=\"1024\" height=\"683\" srcset=\"https:\/\/cerama.cz\/info\/wp-content\/uploads\/2023\/09\/shutterstock_1080815537-1024x683.jpg 1024w, https:\/\/cerama.cz\/info\/wp-content\/uploads\/2023\/09\/shutterstock_1080815537-300x200.jpg 300w, https:\/\/cerama.cz\/info\/wp-content\/uploads\/2023\/09\/shutterstock_1080815537-768x512.jpg 768w, https:\/\/cerama.cz\/info\/wp-content\/uploads\/2023\/09\/shutterstock_1080815537-1536x1024.jpg 1536w, https:\/\/cerama.cz\/info\/wp-content\/uploads\/2023\/09\/shutterstock_1080815537-2048x1365.jpg 2048w, https:\/\/cerama.cz\/info\/wp-content\/uploads\/2023\/09\/shutterstock_1080815537-465x310.jpg 465w, https:\/\/cerama.cz\/info\/wp-content\/uploads\/2023\/09\/shutterstock_1080815537-695x463.jpg 695w\" sizes=\"(max-width: 1024px) 100vw, 1024px\" \/><\/p>\n<h3><span id=\"Vany_z_umeleho_mramoru\">Vany z um\u011bl\u00e9ho mramoru<\/span><\/h3>\n<p>Vany z um\u011bl\u00e9ho mramoru mohou b\u00fdt nesm\u00edrn\u011b elegantn\u00ed a stylov\u00e9 a p\u0159itom velmi robustn\u00ed a odoln\u00e9 v\u016f\u010di mechanick\u00e9mu opot\u0159eben\u00ed. L\u00e1kaj\u00ed svou teplotou, kter\u00e1 je p\u0159\u00edjemn\u00e1 na dotek, schopnost\u00ed pohlcovat zvuk a udr\u017eovat teplotu vody po dlouhou dobu. Ale jejich v\u00e1ha (nap\u0159\u00edklad model o rozm\u011brech 182 x 125 cm m\u016f\u017ee v\u00e1\u017eit a\u017e 180 kg) a vysok\u00e1 cena mohou b\u00fdt pro n\u011bkter\u00e9 odraditeln\u00e9.<\/p>\n<h2><span id=\"Typy_van\">Typy van:<\/span><\/h2>\n<h3><span id=\"Obdelnikove_vany\">Obd\u00e9ln\u00edkov\u00e9 vany<\/span><\/h3>\n<p>Obd\u00e9ln\u00edkov\u00e9 vany jsou \u010dasto obl\u00edben\u00e9 volbou. Nab\u00edz\u00ed \u0161irok\u00fd v\u00fdb\u011br rozm\u011br\u016f, od d\u00e9lky 120 a\u017e 200 cm a \u0161\u00ed\u0159ky 70 a\u017e 100 cm. N\u011bkter\u00e9 modely maj\u00ed u\u017e\u0161\u00ed konec nohou pro \u00fasporn\u011bj\u0161\u00ed spot\u0159ebu vody.<\/p>\n<h3><span id=\"Rohove_vany\">Rohov\u00e9 vany<\/span><\/h3>\n<p>Rohov\u00e9 vany se nab\u00edz\u00ed v r\u016fzn\u00fdch tvarov\u00fdch variant\u00e1ch, v\u010detn\u011b troj\u00faheln\u00edkov\u00fdch, p\u011bti\u00faheln\u00edkov\u00fdch, \u0161estihrann\u00fdch a \u010deln\u011b zaoblen\u00fdch model\u016f. M\u016f\u017eete si vybrat symetrick\u00e9 nebo asymetrick\u00e9 modely s r\u016fznou d\u00e9lkou kolm\u00fdch stran, kter\u00e9 se d\u00e1le d\u011bl\u00ed na prav\u00e9 a lev\u00e9 vany.<\/p>\n<h3><span id=\"Kulate_vany\">Kulat\u00e9 vany<\/span><\/h3>\n<p>Kulat\u00e9 vany, obvykle o pr\u016fm\u011bru 150 cm, jsou ide\u00e1ln\u00ed pro velk\u00e9 koupelny nebo koupac\u00ed salony, kde mohou b\u00fdt instalov\u00e1ny jako st\u0159edobod m\u00edstnosti.<\/p>\n<h3><span id=\"Ovalne_vany\">Ov\u00e1ln\u00e9 vany<\/span><\/h3>\n<p>Ov\u00e1ln\u00e9 vany, s d\u00e9lkou 175-190 cm a \u0161\u00ed\u0159kou 85-121 cm, jsou obvykle voln\u011b stoj\u00edc\u00ed, a\u010dkoli se mohou hodit i do roh\u016f nebo n\u00e1st\u011bnn\u00fdch instalac\u00ed v\u011bt\u0161\u00edch koupelen.<\/p>\n<p><img decoding=\"async\" loading=\"lazy\" class=\"aligncenter wp-image-185 size-large\" title=\"V\u00ed\u0159iv\u00e9 vany\" src=\"https:\/\/cerama.cz\/info\/wp-content\/uploads\/2023\/09\/vana-v-rohu-1024x683.jpg\" alt=\"V\u00ed\u0159iv\u00e9 vany\" width=\"1024\" height=\"683\" srcset=\"https:\/\/cerama.cz\/info\/wp-content\/uploads\/2023\/09\/vana-v-rohu-1024x683.jpg 1024w, https:\/\/cerama.cz\/info\/wp-content\/uploads\/2023\/09\/vana-v-rohu-300x200.jpg 300w, https:\/\/cerama.cz\/info\/wp-content\/uploads\/2023\/09\/vana-v-rohu-768x512.jpg 768w, https:\/\/cerama.cz\/info\/wp-content\/uploads\/2023\/09\/vana-v-rohu-1536x1025.jpg 1536w, https:\/\/cerama.cz\/info\/wp-content\/uploads\/2023\/09\/vana-v-rohu-2048x1366.jpg 2048w, https:\/\/cerama.cz\/info\/wp-content\/uploads\/2023\/09\/vana-v-rohu-465x310.jpg 465w, https:\/\/cerama.cz\/info\/wp-content\/uploads\/2023\/09\/vana-v-rohu-695x464.jpg 695w\" sizes=\"(max-width: 1024px) 100vw, 1024px\" \/><\/p>\n<h3><span id=\"Virive_vany\">V\u00ed\u0159iv\u00e9 vany<\/span><\/h3>\n<p>V\u00ed\u0159iv\u00e9 vany mohou prom\u011bnit va\u0161i koupelnu v dom\u00e1c\u00ed wellness o\u00e1zu. Voda a jej\u00ed mas\u00e1\u017ee nejen\u017ee nab\u00edzej\u00ed relaxaci po dlouh\u00e9m dni, ale tak\u00e9 pozitivn\u011b ovliv\u0148uj\u00ed t\u011blo a zdrav\u00ed, pom\u00e1haj\u00ed posilovat svaly a klouby, regulovat metabolismus a zm\u00edr\u0148ovat bolesti zad \u010di revmatick\u00e9 bolesti.<\/p>\n<p>V\u00ed\u0159iv\u00e9 vany jsou obvykle vyrobeny z akryl\u00e1tu a mohou b\u00fdt vybaveny vodn\u00edm mas\u00e1\u017en\u00edm syst\u00e9mem, a\u0165 u\u017e jde o jednoduch\u00e9 modely s ru\u010dn\u00edm ovl\u00e1d\u00e1n\u00edm, nebo pokro\u010dil\u00e9 verze s sofistikovanou elektronikou. Tyto pokro\u010dil\u00e9 modely nab\u00edzej\u00ed dal\u0161\u00ed funkce, jako je aromaterapie, ozonizace vody, podvodn\u00ed osv\u011btlen\u00ed, mo\u017enost p\u0159ehr\u00e1v\u00e1n\u00ed hudby nebo vodn\u00ed kask\u00e1dy pro uklid\u0148uj\u00edc\u00ed zvuk podobn\u00fd vodop\u00e1du.<\/p>\n<hr \/>\n<p><a href=\"https:\/\/cerama.cz\/info\/typy-van-pro-vasi-koupelnu\/\"><img decoding=\"async\" loading=\"lazy\" class=\"alignnone\" title=\"Typy van pro va\u0161i koupelnu\" src=\"https:\/\/cerama.cz\/info\/wp-content\/uploads\/2023\/09\/cz.png\" alt=\"Typy van pro va\u0161i koupelnu\" width=\"32\" height=\"21\" \/><\/a> <a href=\"https:\/\/cerama.sk\/informacie\/typy-vani-pre-vasu-kupelnu\/\"><img decoding=\"async\" loading=\"lazy\" class=\"alignnone\" title=\"Typy van\u00ed pre va\u0161u k\u00fape\u013e\u0148u\" src=\"https:\/\/cerama.cz\/info\/wp-content\/uploads\/2023\/09\/sk.png\" alt=\"Typy van\u00ed pre va\u0161u k\u00fape\u013e\u0148u\" width=\"32\" height=\"21\" \/><\/a><\/p>\n","protected":false},"excerpt":{"rendered":"<p>ObsahMateri\u00e1ly pro v\u00fdrobu van:Akryl\u00e1tov\u00e9 vanySmaltovan\u00e9 litinov\u00e9 vanySmaltovan\u00e9 ocelov\u00e9 vanyVany z um\u011bl\u00e9ho mramoruTypy van:Obd\u00e9ln\u00edkov\u00e9 vanyRohov\u00e9 vanyKulat\u00e9 vanyOv\u00e1ln\u00e9 vanyV\u00ed\u0159iv\u00e9 vany Rohov\u00e1 vana je nezbytnou sou\u010d\u00e1st\u00ed vybaven\u00ed koupelny, kter\u00e1 vytv\u00e1\u0159\u00ed p\u0159\u00edjemnou atmosf\u00e9ru uvoln\u011bn\u00ed a pohody. S hydromas\u00e1\u017en\u00ed funkc\u00ed se m\u016f\u017ee tato vana prom\u011bnit v osobn\u00ed dom\u00e1c\u00ed l\u00e1zn\u011b. Nab\u00eddka van na trhu je velice<span class=\"more-link\"><a href=\"https:\/\/cerama.cz\/info\/typy-van-pro-vasi-koupelnu\/\">Continue Reading<\/a><\/span><\/p>\n","protected":false},"author":2,"featured_media":189,"comment_status":"closed","ping_status":"open","sticky":false,"template":"","format":"standard","meta":[],"categories":[2],"tags":[],"aioseo_notices":[],"_links":{"self":[{"href":"https:\/\/cerama.cz\/info\/wp-json\/wp\/v2\/posts\/180"}],"collection":[{"href":"https:\/\/cerama.cz\/info\/wp-json\/wp\/v2\/posts"}],"about":[{"href":"https:\/\/cerama.cz\/info\/wp-json\/wp\/v2\/types\/post"}],"author":[{"embeddable":true,"href":"https:\/\/cerama.cz\/info\/wp-json\/wp\/v2\/users\/2"}],"replies":[{"embeddable":true,"href":"https:\/\/cerama.cz\/info\/wp-json\/wp\/v2\/comments?post=180"}],"version-history":[{"count":10,"href":"https:\/\/cerama.cz\/info\/wp-json\/wp\/v2\/posts\/180\/revisions"}],"predecessor-version":[{"id":336,"href":"https:\/\/cerama.cz\/info\/wp-json\/wp\/v2\/posts\/180\/revisions\/336"}],"wp:featuredmedia":[{"embeddable":true,"href":"https:\/\/cerama.cz\/info\/wp-json\/wp\/v2\/media\/189"}],"wp:attachment":[{"href":"https:\/\/cerama.cz\/info\/wp-json\/wp\/v2\/media?parent=180"}],"wp:term":[{"taxonomy":"category","embeddable":true,"href":"https:\/\/cerama.cz\/info\/wp-json\/wp\/v2\/categories?post=180"},{"taxonomy":"post_tag","embeddable":true,"href":"https:\/\/cerama.cz\/info\/wp-json\/wp\/v2\/tags?post=180"}],"curies":[{"name":"wp","href":"https:\/\/api.w.org\/{rel}","templated":true}]}}