{"id":195,"date":"2023-09-22T15:15:34","date_gmt":"2023-09-22T13:15:34","guid":{"rendered":"https:\/\/cerama.cz\/info\/?p=195"},"modified":"2023-09-25T22:23:05","modified_gmt":"2023-09-25T20:23:05","slug":"jakou-barvu-koupelny-zvolit","status":"publish","type":"post","link":"https:\/\/cerama.cz\/info\/jakou-barvu-koupelny-zvolit\/","title":{"rendered":"Jakou barvu koupelny zvolit?"},"content":{"rendered":"<div id=\"toc_container\" class=\"have_bullets\"><p class=\"toc_title\">Obsah<\/p><ul class=\"toc_list\"><li><a href=\"#Optimalni_design_koupelny_Barevne_kombinace\">Optim\u00e1ln\u00ed design koupelny: Barevn\u00e9 kombinace<\/a><\/li><li><a href=\"#Vliv_barev_na_nas\">Vliv barev na n\u00e1s<\/a><\/li><li><a href=\"#Elegance_bile_koupelny\">Elegance b\u00edl\u00e9 koupelny<\/a><\/li><li><a href=\"#Cerna_jako_designovy_prvek_v_koupelne\">\u010cern\u00e1 jako designov\u00fd prvek v koupeln\u011b<\/a><\/li><li><a href=\"#Cervena_jako_dynamicky_doplnek\">\u010cerven\u00e1 jako dynamick\u00fd dopln\u011bk<\/a><\/li><li><a href=\"#Klidna_modra_koupelna\">Klidn\u00e1 modr\u00e1 koupelna<\/a><\/li><li><a href=\"#Zelena_jako_prirodni_prvek\">Zelen\u00e1 jako p\u0159\u00edrodn\u00ed prvek<\/a><\/li><li><a href=\"#Energizujici_zluta_koupelna\">Energizuj\u00edc\u00ed \u017elut\u00e1 koupelna<\/a><\/li><li><a href=\"#Zazijte_kouzlo_moderni_koupelny_v_odstinu_oranzove\">Za\u017eijte kouzlo modern\u00ed koupelny v odst\u00ednu oran\u017eov\u00e9<\/a><\/li><li><a href=\"#Vyber_nejnovejsich_trendu\">V\u00fdb\u011br nejnov\u011bj\u0161\u00edch trend\u016f<\/a><\/li><li><a href=\"#Zohlednete_velikost_koupelny_pri_vyberu_barvy\">Zohledn\u011bte velikost koupelny p\u0159i v\u00fdb\u011bru barvy<\/a><\/li><li><a href=\"#Ozivte_koupelnu_doplnky\">O\u017eivte koupelnu dopl\u0148ky<\/a><\/li><li><a href=\"#Zohlednete_sve_preference\">Zohledn\u011bte sv\u00e9 preference<\/a><\/li><\/ul><\/div>\n<h2><span id=\"Optimalni_design_koupelny_Barevne_kombinace\">Optim\u00e1ln\u00ed design koupelny: Barevn\u00e9 kombinace<\/span><\/h2>\n<p>Design koupelny je proces, kter\u00fd si vy\u017eaduje pe\u010dliv\u00e9 pl\u00e1nov\u00e1n\u00ed a uv\u00e1\u017elivou pr\u00e1ci, nebo\u0165 je d\u016fle\u017eit\u00e9 zajistit, \u017ee prostor nebude jen funk\u010dn\u00ed a pohodln\u00fd, ale i stylisticky p\u0159ita\u017eliv\u00fd. P\u0159i volb\u011b barevn\u00e9ho sch\u00e9matu je kl\u00ed\u010dov\u00e9 zohlednit nejen aktu\u00e1ln\u00ed trendy, ale i psychologick\u00fd vliv jednotliv\u00fdch barev, aby byla zachov\u00e1na vyv\u00e1\u017eenost a harmonie prostoru.<\/p>\n<h2><span id=\"Vliv_barev_na_nas\">Vliv barev na n\u00e1s<\/span><\/h2>\n<p>V\u011bdeck\u00e9 studie potvrzuj\u00ed, \u017ee barvy maj\u00ed na n\u00e1s specifick\u00fd vliv. Proto je d\u016fle\u017eit\u00e9 pochopit jejich symboliku a v\u00fdznam, aby byly spr\u00e1vn\u011b pou\u017eity p\u0159i za\u0159izov\u00e1n\u00ed interi\u00e9ru, a to v souladu s funkc\u00ed prostoru a na\u0161imi osobn\u00edmi preferencemi. V koupeln\u011b, kter\u00e1 je m\u00edstem jak pro aktivaci (zejm\u00e9na r\u00e1no), tak pro relaxaci (obvykle ve\u010der), hraje volba barev kl\u00ed\u010dovou roli.<\/p>\n<h2><span id=\"Elegance_bile_koupelny\">Elegance b\u00edl\u00e9 koupelny<\/span><\/h2>\n<p>B\u00edl\u00e1 se v koupeln\u00e1ch nej\u010dast\u011bji pou\u017e\u00edv\u00e1, \u010d\u00e1ste\u010dn\u011b z d\u016fvodu tradi\u010dn\u00edho pou\u017e\u00edv\u00e1n\u00ed b\u00edl\u00e9 keramiky. P\u0159esto\u017ee v\u00fdrobci nab\u00edzej\u00ed koupelnov\u00e9 vybaven\u00ed v r\u016fzn\u00fdch barv\u00e1ch, b\u00edl\u00e1 st\u00e1le dominuje. Tato univerz\u00e1ln\u00ed barva vyza\u0159uje \u010distotu a hygienu, opticky zv\u011bt\u0161uje prostor a zv\u00fdraz\u0148uje ostatn\u00ed barvy. Pokud je v\u0161ak pou\u017eita nadm\u011brn\u011b, m\u016f\u017ee p\u016fsobit chladn\u011b a nep\u0159\u00edjemn\u011b. Pro dosa\u017een\u00ed harmonick\u00e9ho vzhledu je doporu\u010deno kombinovat b\u00edlou s o\u017eivuj\u00edc\u00edmi prvky a dopl\u0148ky v barv\u00e1ch jako je \u010dern\u00e1, \u010derven\u00e1 nebo hn\u011bd\u00e1.<\/p>\n<p><img decoding=\"async\" loading=\"lazy\" class=\"aligncenter wp-image-200 size-large\" title=\"B\u00edl\u00e1 koupelna\" src=\"https:\/\/cerama.cz\/info\/wp-content\/uploads\/2023\/09\/biela-kupelna-1024x683.jpg\" alt=\"B\u00edl\u00e1 koupelna\" width=\"1024\" height=\"683\" srcset=\"https:\/\/cerama.cz\/info\/wp-content\/uploads\/2023\/09\/biela-kupelna-1024x683.jpg 1024w, https:\/\/cerama.cz\/info\/wp-content\/uploads\/2023\/09\/biela-kupelna-300x200.jpg 300w, https:\/\/cerama.cz\/info\/wp-content\/uploads\/2023\/09\/biela-kupelna-768x512.jpg 768w, https:\/\/cerama.cz\/info\/wp-content\/uploads\/2023\/09\/biela-kupelna-1536x1024.jpg 1536w, https:\/\/cerama.cz\/info\/wp-content\/uploads\/2023\/09\/biela-kupelna-2048x1365.jpg 2048w, https:\/\/cerama.cz\/info\/wp-content\/uploads\/2023\/09\/biela-kupelna-465x310.jpg 465w, https:\/\/cerama.cz\/info\/wp-content\/uploads\/2023\/09\/biela-kupelna-695x463.jpg 695w\" sizes=\"(max-width: 1024px) 100vw, 1024px\" \/><\/p>\n<h2><span id=\"Cerna_jako_designovy_prvek_v_koupelne\">\u010cern\u00e1 jako designov\u00fd prvek v koupeln\u011b<\/span><\/h2>\n<p>Ve v\u011bt\u0161in\u011b koupelen je \u010dern\u00e1 barva pou\u017e\u00edv\u00e1na p\u0159edev\u0161\u00edm jako dopl\u0148ek, proto\u017ee jej\u00ed p\u0159em\u00edra m\u016f\u017ee opticky zmen\u0161it prostor a p\u016fsobit depresivn\u011b. Naopak, jej\u00ed sv\u011btlej\u0161\u00ed odst\u00edny, jako je grafitov\u00e1 nebo \u0161ed\u00e1, mohou vytvo\u0159it elegantn\u00ed a modern\u00ed atmosf\u00e9ru, pokud jsou spr\u00e1vn\u011b kombinov\u00e1ny s kontrastn\u00edmi barvami jako \u010derven\u00e1, zelen\u00e1 nebo oran\u017eov\u00e1.<\/p>\n<p><img decoding=\"async\" loading=\"lazy\" class=\"aligncenter wp-image-201 size-large\" title=\"\u010cern\u00e1 koupelna\" src=\"https:\/\/cerama.cz\/info\/wp-content\/uploads\/2023\/09\/cierna-kupelna-1024x770.jpg\" alt=\"\u010cern\u00e1 koupelna\" width=\"1024\" height=\"770\" srcset=\"https:\/\/cerama.cz\/info\/wp-content\/uploads\/2023\/09\/cierna-kupelna-1024x770.jpg 1024w, https:\/\/cerama.cz\/info\/wp-content\/uploads\/2023\/09\/cierna-kupelna-300x225.jpg 300w, https:\/\/cerama.cz\/info\/wp-content\/uploads\/2023\/09\/cierna-kupelna-768x577.jpg 768w, https:\/\/cerama.cz\/info\/wp-content\/uploads\/2023\/09\/cierna-kupelna-465x349.jpg 465w, https:\/\/cerama.cz\/info\/wp-content\/uploads\/2023\/09\/cierna-kupelna-665x500.jpg 665w\" sizes=\"(max-width: 1024px) 100vw, 1024px\" \/><\/p>\n<h2><span id=\"Cervena_jako_dynamicky_doplnek\">\u010cerven\u00e1 jako dynamick\u00fd dopln\u011bk<\/span><\/h2>\n<p>\u010cerven\u00e1 barva povzbuzuje a o\u017eivuje, ale pokud je pou\u017eita nadm\u011brn\u011b, m\u016f\u017ee b\u00fdt \u00fanavn\u00e1 nebo dokonce dr\u00e1\u017ediv\u00e1. Proto je vhodn\u00e9 \u010dervenou pou\u017e\u00edvat zdr\u017eenliv\u011b, nap\u0159\u00edklad jako dopln\u011bk nebo dekor, kter\u00fd dod\u00e1 interi\u00e9ru elegantn\u00ed n\u00e1dech. Pokud chcete v koupeln\u011b pou\u017e\u00edt \u010derven\u00e9 obklady, je dobr\u00e9 je um\u00edstit jen na ur\u010dit\u00fdch m\u00edstech, nap\u0159\u00edklad v sprchov\u00e9m kout\u011b, kde \u010derven\u00e1 barva zv\u00fd\u0161\u00ed energii a vitalitu prostoru.<\/p>\n<p><img decoding=\"async\" loading=\"lazy\" class=\"aligncenter wp-image-202 size-large\" title=\"\u010cerven\u00e1 koupelna\" src=\"https:\/\/cerama.cz\/info\/wp-content\/uploads\/2023\/09\/cervena-kupelna-1024x683.jpg\" alt=\"\u010cerven\u00e1 koupelna\" width=\"1024\" height=\"683\" srcset=\"https:\/\/cerama.cz\/info\/wp-content\/uploads\/2023\/09\/cervena-kupelna-1024x683.jpg 1024w, https:\/\/cerama.cz\/info\/wp-content\/uploads\/2023\/09\/cervena-kupelna-300x200.jpg 300w, https:\/\/cerama.cz\/info\/wp-content\/uploads\/2023\/09\/cervena-kupelna-768x512.jpg 768w, https:\/\/cerama.cz\/info\/wp-content\/uploads\/2023\/09\/cervena-kupelna-1536x1025.jpg 1536w, https:\/\/cerama.cz\/info\/wp-content\/uploads\/2023\/09\/cervena-kupelna-2048x1366.jpg 2048w, https:\/\/cerama.cz\/info\/wp-content\/uploads\/2023\/09\/cervena-kupelna-465x310.jpg 465w, https:\/\/cerama.cz\/info\/wp-content\/uploads\/2023\/09\/cervena-kupelna-695x464.jpg 695w\" sizes=\"(max-width: 1024px) 100vw, 1024px\" \/><\/p>\n<h2><span id=\"Klidna_modra_koupelna\">Klidn\u00e1 modr\u00e1 koupelna<\/span><\/h2>\n<p>Modr\u00e1 je ide\u00e1ln\u00ed volbou pro koupelnu, proto\u017ee p\u016fsob\u00ed uklid\u0148uj\u00edc\u00edm a relaxa\u010dn\u00edm dojmem, podporuje tedy ve\u010dern\u00ed odpo\u010dinek. Je v\u0161ak d\u016fle\u017eit\u00e9 se vyhnout p\u0159\u00edli\u0161 tmav\u00fdm odst\u00edn\u016fm modr\u00e9, kter\u00e9 mohou p\u016fsobit chladn\u011b a depresivn\u011b. Modr\u00e1 barva je \u010dastou volbou pro baz\u00e9ny a kosmetick\u00e9 salony, a v kombinaci s b\u00edlou a d\u0159ev\u011bn\u00fdmi dopl\u0148ky m\u016f\u017ee vytvo\u0159it n\u00e1dhern\u00fd n\u00e1mo\u0159nick\u00fd styl. Pro dod\u00e1n\u00ed energie a rozmanitosti lze modrou kombinovat s tepl\u00fdmi barvami jako je \u017elut\u00e1, oran\u017eov\u00e1 nebo \u010derven\u00e1.<\/p>\n<p><img decoding=\"async\" loading=\"lazy\" class=\"aligncenter wp-image-203\" title=\"Modr\u00e1 koupelna\" src=\"https:\/\/cerama.cz\/info\/wp-content\/uploads\/2023\/09\/modra-kupelna.jpg\" alt=\"Modr\u00e1 koupelna\" width=\"995\" height=\"597\" \/><\/p>\n<h2><span id=\"Zelena_jako_prirodni_prvek\">Zelen\u00e1 jako p\u0159\u00edrodn\u00ed prvek<\/span><\/h2>\n<p>Zelen\u00e1 je dal\u0161\u00ed barvou, kter\u00e1 se d\u00edky sv\u00fdm osv\u011b\u017euj\u00edc\u00edm a uklid\u0148uj\u00edc\u00edm vlastnostem hod\u00ed do koupelny. Tmav\u0161\u00ed odst\u00edny zelen\u00e9 mohou o\u017eivit interi\u00e9r a kr\u00e1sn\u011b kontrastuj\u00ed s tlumen\u00fdmi barvami jako je b\u00edl\u00e1, b\u00e9\u017eov\u00e1 nebo sv\u011btle \u017elut\u00e1. Zelen\u00e1 je tak\u00e9 barvou p\u0159\u00edrody, co\u017e ji \u010din\u00ed obl\u00edbenou volbou pro interi\u00e9rov\u00e9 design\u00e9ry. V kombinaci s dopl\u0148ky v p\u0159\u00edrodn\u00edch barv\u00e1ch a d\u0159evem, a\u0165 u\u017e ve sv\u011btl\u00fdch nebo tmav\u00fdch odst\u00ednech, vytv\u00e1\u0159\u00ed zelen\u00e1 velmi p\u0159\u00edjemnou atmosf\u00e9ru.<\/p>\n<p><img decoding=\"async\" loading=\"lazy\" class=\"aligncenter wp-image-205 size-large\" title=\"Zelen\u00e1 koupelna\" src=\"https:\/\/cerama.cz\/info\/wp-content\/uploads\/2023\/09\/zelena-kupelna-1024x683.jpg\" alt=\"Zelen\u00e1 koupelna\" width=\"1024\" height=\"683\" srcset=\"https:\/\/cerama.cz\/info\/wp-content\/uploads\/2023\/09\/zelena-kupelna-1024x683.jpg 1024w, https:\/\/cerama.cz\/info\/wp-content\/uploads\/2023\/09\/zelena-kupelna-300x200.jpg 300w, https:\/\/cerama.cz\/info\/wp-content\/uploads\/2023\/09\/zelena-kupelna-768x512.jpg 768w, https:\/\/cerama.cz\/info\/wp-content\/uploads\/2023\/09\/zelena-kupelna-1536x1024.jpg 1536w, https:\/\/cerama.cz\/info\/wp-content\/uploads\/2023\/09\/zelena-kupelna-2048x1365.jpg 2048w, https:\/\/cerama.cz\/info\/wp-content\/uploads\/2023\/09\/zelena-kupelna-465x310.jpg 465w, https:\/\/cerama.cz\/info\/wp-content\/uploads\/2023\/09\/zelena-kupelna-695x463.jpg 695w\" sizes=\"(max-width: 1024px) 100vw, 1024px\" \/><\/p>\n<h2><span id=\"Energizujici_zluta_koupelna\">Energizuj\u00edc\u00ed \u017elut\u00e1 koupelna<\/span><\/h2>\n<p>\u017dlut\u00e1 barva opticky zv\u011bt\u0161uje prostor, dod\u00e1v\u00e1 mu sv\u011b\u017eest a p\u016fsob\u00ed na n\u00e1s pozitivn\u011b &#8211; o\u017eivuje n\u00e1s, pom\u00e1h\u00e1 n\u00e1m zbavit se \u00fanavy a zlep\u0161uje n\u00e1ladu. Proto je pro koupelnu ide\u00e1ln\u00ed &#8211; povzbud\u00ed n\u00e1s r\u00e1no a usnadn\u00ed ve\u010dern\u00ed relaxaci. Je to univerz\u00e1ln\u00ed a nad\u010dasov\u00e1 barva, kterou lze vyu\u017e\u00edt jak na obkladech, tak jako kontrastn\u00ed dopln\u011bk, kter\u00fd o\u017eiv\u00ed interi\u00e9r.<\/p>\n<h2><span id=\"Zazijte_kouzlo_moderni_koupelny_v_odstinu_oranzove\">Za\u017eijte kouzlo modern\u00ed koupelny v odst\u00ednu oran\u017eov\u00e9<\/span><\/h2>\n<p>Oran\u017eov\u00e1 barva dok\u00e1\u017ee va\u0161\u00ed koupeln\u011b prop\u016fj\u010dit z\u00e1rove\u0148 stimuluj\u00edc\u00ed a klidnou atmosf\u00e9ru, co\u017e ji \u010din\u00ed ide\u00e1ln\u00ed volbou pro modern\u00ed koupelnov\u00fd design. Oran\u017eov\u00e1 je skv\u011bl\u00e1 ve spojen\u00ed s barvou zelenou a \u010dernou, a jako dopl\u0148kov\u00e1 barva dok\u00e1\u017ee skv\u011ble o\u017eivit koupelny v zelen\u00fdch a b\u00e9\u017eovohn\u011bd\u00fdch odst\u00ednech.<\/p>\n<p><img decoding=\"async\" loading=\"lazy\" class=\"aligncenter wp-image-206 size-large\" title=\"Oran\u017eov\u00e1 koupelna\" src=\"https:\/\/cerama.cz\/info\/wp-content\/uploads\/2023\/09\/oranzova-kuplena-1024x683.jpg\" alt=\"Oran\u017eov\u00e1 koupelna\" width=\"1024\" height=\"683\" srcset=\"https:\/\/cerama.cz\/info\/wp-content\/uploads\/2023\/09\/oranzova-kuplena-1024x683.jpg 1024w, https:\/\/cerama.cz\/info\/wp-content\/uploads\/2023\/09\/oranzova-kuplena-300x200.jpg 300w, https:\/\/cerama.cz\/info\/wp-content\/uploads\/2023\/09\/oranzova-kuplena-768x512.jpg 768w, https:\/\/cerama.cz\/info\/wp-content\/uploads\/2023\/09\/oranzova-kuplena-1536x1024.jpg 1536w, https:\/\/cerama.cz\/info\/wp-content\/uploads\/2023\/09\/oranzova-kuplena-2048x1365.jpg 2048w, https:\/\/cerama.cz\/info\/wp-content\/uploads\/2023\/09\/oranzova-kuplena-465x310.jpg 465w, https:\/\/cerama.cz\/info\/wp-content\/uploads\/2023\/09\/oranzova-kuplena-695x463.jpg 695w\" sizes=\"(max-width: 1024px) 100vw, 1024px\" \/><\/p>\n<h2><span id=\"Vyber_nejnovejsich_trendu\">V\u00fdb\u011br nejnov\u011bj\u0161\u00edch trend\u016f<\/span><\/h2>\n<p>Posledn\u00ed dobu v koupelnov\u00e9m designu v\u00e9vod\u00ed hn\u011bd\u00e1 a fialov\u00e1 barva. Hn\u011bd\u00e1, jako\u017eto neutr\u00e1ln\u00ed barva, se skv\u011ble kombinuje s b\u00e9\u017eovou, zelenou, b\u00edlou a elegantn\u00edmi dopl\u0148ky z p\u0159\u00edrodn\u00edho d\u0159eva, co\u017e ji \u010din\u00ed univerz\u00e1ln\u00ed volbou pro jak velk\u00e9, tak mal\u00e9 koupelny. Hn\u011bd\u00e1 barva dok\u00e1\u017ee zm\u011bk\u010dit chlad b\u00edl\u00e9ho vybaven\u00ed a dod\u00e1 va\u0161\u00ed koupeln\u011b h\u0159ejiv\u00fd a uvol\u0148uj\u00edc\u00ed pocit.<\/p>\n<p>Na druhou stranu, fialov\u00e1 jako v\u00fdrazn\u00e1 barva v interi\u00e9ru zvl\u00e1\u0161t\u011b ve sv\u00fdch tmav\u0161\u00edch odst\u00ednech, dok\u00e1\u017ee b\u00fdt dominantn\u00ed. Ve velk\u00fdch koupeln\u00e1ch m\u016f\u017ee v kombinaci s b\u00edlou, grafitovou a sv\u011btlej\u0161\u00edmi odst\u00edny fialov\u00e9 &#8211; levandulovou a v\u0159esovou, vytvo\u0159it efekt elegance a \u0161ik. P\u0159esto design\u00e9\u0159i rad\u00ed s m\u00edrou &#8211; p\u0159em\u00edra fialov\u00e9 barvy m\u016f\u017ee p\u016fsobit deprimuj\u00edc\u00ed, nebo dokonce otravn\u011b.<\/p>\n<p><img decoding=\"async\" loading=\"lazy\" class=\"aligncenter wp-image-207\" title=\"Fialov\u00e1 koupelna\" src=\"https:\/\/cerama.cz\/info\/wp-content\/uploads\/2023\/09\/fialova-kup.jpg\" alt=\"Fialov\u00e1 koupelna\" width=\"993\" height=\"596\" \/><\/p>\n<h2><span id=\"Zohlednete_velikost_koupelny_pri_vyberu_barvy\">Zohledn\u011bte velikost koupelny p\u0159i v\u00fdb\u011bru barvy<\/span><\/h2>\n<p>Kdy\u017e se rozhodujete pro barvu, nezapome\u0148te na z\u00e1kladn\u00ed pravidlo &#8211; tmav\u00e9 barvy prostor vizu\u00e1ln\u011b zmen\u0161uj\u00ed, zat\u00edmco sv\u011btl\u00e9 ho roz\u0161i\u0159uj\u00ed. M\u00e1te-li malou koupelnu bez okna, sv\u011btlej\u0161\u00ed odst\u00edny va\u0161\u00ed obl\u00edben\u00e9 barvy budou lep\u0161\u00ed volbou, zat\u00edmco tmav\u00e9 odst\u00edny m\u016f\u017eete pou\u017e\u00edt na dopl\u0148ky. Pokud m\u00e1te naopak velkou koupelnu s dostatkem sv\u011btla, m\u016f\u017eete si dovolit tmav\u0161\u00ed barvy s dopl\u0148ky v odleh\u010den\u00fdch t\u00f3nech.<\/p>\n<h2><span id=\"Ozivte_koupelnu_doplnky\">O\u017eivte koupelnu dopl\u0148ky<\/span><\/h2>\n<p>Pokud preferujete univerz\u00e1ln\u00ed a nad\u010dasov\u00fd vzhled, m\u016f\u017eete va\u0161i koupelnu o\u017eivit pomoc\u00ed r\u016fzn\u00fdch dopl\u0148k\u016f: barevn\u00fdm n\u00e1bytkem, sv\u00ed\u010dkami, ru\u010dn\u00edky, \u010di tapetami. Pokud u\u017e v\u00e1s barva va\u0161\u00ed koupelny omrz\u00ed, m\u016f\u017eete ji snadno a levn\u011b zm\u011bnit v\u00fdm\u011bnou dopl\u0148k\u016f, ani\u017e byste museli prov\u00e1d\u011bt n\u00e1kladnou a \u010dasov\u011b n\u00e1ro\u010dnou rekonstrukci.<\/p>\n<h2><span id=\"Zohlednete_sve_preference\">Zohledn\u011bte sv\u00e9 preference<\/span><\/h2>\n<p>P\u0159i za\u0159izov\u00e1n\u00ed koupelny na n\u011bkolik p\u0159\u00ed\u0161t\u00edch let je d\u016fle\u017eit\u00e9 zohlednit nejen aktu\u00e1ln\u00ed m\u00f3du, ale tak\u00e9 va\u0161e osobn\u00ed preference a barevn\u00e9 preference. Design, kter\u00fd je nyn\u00ed v m\u00f3de, se za n\u011bkolik let m\u016f\u017ee zm\u011bnit, a vy byste mohli skon\u010dit s koupelnou, ve kter\u00e9 se nec\u00edt\u00edte dob\u0159e. Nejd\u016fle\u017eit\u011bj\u0161\u00ed je, aby barva, kterou si vyberete, odpov\u00eddala va\u0161im preferenc\u00edm a vkusu.<\/p>\n<hr \/>\n<p><a href=\"https:\/\/cerama.cz\/info\/jakou-barvu-koupelny-zvolit\/\"><img decoding=\"async\" loading=\"lazy\" class=\"alignnone\" title=\"jakou barvu koupelny zvolit\" src=\"https:\/\/cerama.sk\/informacie\/wp-content\/uploads\/2023\/09\/cz.png\" alt=\"jakou barvu koupelny zvolit\" width=\"32\" height=\"21\" \/><\/a> <a href=\"https:\/\/cerama.sk\/informacie\/aku-farbu-kupelne-si-vybrat\/\"><img decoding=\"async\" loading=\"lazy\" class=\"alignnone\" title=\"aku farbu kupelne si vybrat\" src=\"https:\/\/cerama.sk\/informacie\/wp-content\/uploads\/2023\/09\/sk.png\" alt=\"aku farbu kupelne si vybrat\" width=\"32\" height=\"21\" \/><\/a><\/p>\n","protected":false},"excerpt":{"rendered":"<p>ObsahOptim\u00e1ln\u00ed design koupelny: Barevn\u00e9 kombinaceVliv barev na n\u00e1sElegance b\u00edl\u00e9 koupelny\u010cern\u00e1 jako designov\u00fd prvek v koupeln\u011b\u010cerven\u00e1 jako dynamick\u00fd dopln\u011bkKlidn\u00e1 modr\u00e1 koupelnaZelen\u00e1 jako p\u0159\u00edrodn\u00ed prvekEnergizuj\u00edc\u00ed \u017elut\u00e1 koupelnaZa\u017eijte kouzlo modern\u00ed koupelny v odst\u00ednu oran\u017eov\u00e9V\u00fdb\u011br nejnov\u011bj\u0161\u00edch trend\u016fZohledn\u011bte velikost koupelny p\u0159i v\u00fdb\u011bru barvyO\u017eivte koupelnu dopl\u0148kyZohledn\u011bte sv\u00e9 preference Optim\u00e1ln\u00ed design koupelny: Barevn\u00e9 kombinace Design koupelny je<span class=\"more-link\"><a href=\"https:\/\/cerama.cz\/info\/jakou-barvu-koupelny-zvolit\/\">Continue Reading<\/a><\/span><\/p>\n","protected":false},"author":2,"featured_media":210,"comment_status":"closed","ping_status":"open","sticky":false,"template":"","format":"standard","meta":[],"categories":[2],"tags":[],"aioseo_notices":[],"_links":{"self":[{"href":"https:\/\/cerama.cz\/info\/wp-json\/wp\/v2\/posts\/195"}],"collection":[{"href":"https:\/\/cerama.cz\/info\/wp-json\/wp\/v2\/posts"}],"about":[{"href":"https:\/\/cerama.cz\/info\/wp-json\/wp\/v2\/types\/post"}],"author":[{"embeddable":true,"href":"https:\/\/cerama.cz\/info\/wp-json\/wp\/v2\/users\/2"}],"replies":[{"embeddable":true,"href":"https:\/\/cerama.cz\/info\/wp-json\/wp\/v2\/comments?post=195"}],"version-history":[{"count":9,"href":"https:\/\/cerama.cz\/info\/wp-json\/wp\/v2\/posts\/195\/revisions"}],"predecessor-version":[{"id":251,"href":"https:\/\/cerama.cz\/info\/wp-json\/wp\/v2\/posts\/195\/revisions\/251"}],"wp:featuredmedia":[{"embeddable":true,"href":"https:\/\/cerama.cz\/info\/wp-json\/wp\/v2\/media\/210"}],"wp:attachment":[{"href":"https:\/\/cerama.cz\/info\/wp-json\/wp\/v2\/media?parent=195"}],"wp:term":[{"taxonomy":"category","embeddable":true,"href":"https:\/\/cerama.cz\/info\/wp-json\/wp\/v2\/categories?post=195"},{"taxonomy":"post_tag","embeddable":true,"href":"https:\/\/cerama.cz\/info\/wp-json\/wp\/v2\/tags?post=195"}],"curies":[{"name":"wp","href":"https:\/\/api.w.org\/{rel}","templated":true}]}}