{"id":224,"date":"2023-09-25T12:36:37","date_gmt":"2023-09-25T10:36:37","guid":{"rendered":"https:\/\/cerama.cz\/info\/?p=224"},"modified":"2023-09-26T20:52:38","modified_gmt":"2023-09-26T18:52:38","slug":"jak-vybrat-topne-teleso-do-koupelny","status":"publish","type":"post","link":"https:\/\/cerama.cz\/info\/jak-vybrat-topne-teleso-do-koupelny\/","title":{"rendered":"Jak vybrat topn\u00e9 t\u011bleso do koupelny?"},"content":{"rendered":"<div id=\"toc_container\" class=\"have_bullets\"><p class=\"toc_title\">Obsah<\/p><ul class=\"toc_list\"><li><a href=\"#Koupelnovy_radiator\">Koupelnov\u00fd radi\u00e1tor<\/a><\/li><li><a href=\"#Koupelnove_vytapeni_8211_zakladni_udaje\">Koupelnov\u00e9 vyt\u00e1p\u011bn\u00ed &#8211; z\u00e1kladn\u00ed \u00fadaje<\/a><\/li><li><a href=\"#Podlahove_vytapeni_v_koupelne_8211_ktere_bude_vhodne\">Podlahov\u00e9 vyt\u00e1p\u011bn\u00ed v koupeln\u011b &#8211; kter\u00e9 bude vhodn\u00e9?<\/a><\/li><li><a href=\"#Bezpecnost_na_prvnim_miste\">Bezpe\u010dnost na prvn\u00edm m\u00edst\u011b!<\/a><\/li><\/ul><\/div>\n<h2><span id=\"Koupelnovy_radiator\">Koupelnov\u00fd radi\u00e1tor<\/span><\/h2>\n<p>Koupelna je jednou z nejd\u016fle\u017eit\u011bj\u0161\u00edch m\u00edstnost\u00ed v dom\u011b a to nejen kv\u016fli sv\u00e9 funk\u010dnosti, ale tak\u00e9 kv\u016fli sv\u00e9 estetice. Volba spr\u00e1vn\u00e9ho topn\u00e9ho syst\u00e9mu je kl\u00ed\u010dov\u00fdm prvkem, kter\u00fd v\u00fdrazn\u011b ovliv\u0148uje komfort a celkovou atmosf\u00e9ru koupelny. Tak\u017ee a\u0165 u\u017e pl\u00e1nujete novou koupelnu nebo rekonstruujete st\u00e1vaj\u00edc\u00ed, je zapot\u0159eb\u00ed se zam\u011b\u0159it nejen na typ vyt\u00e1p\u011bn\u00ed, ale tak\u00e9 na po\u010det ru\u010dn\u00edk\u016f, kter\u00e9 chcete v koupeln\u011b um\u00edstit.<\/p>\n<p>Pro malou koupelnu posta\u010duje jedin\u00fd radi\u00e1tor. Pokud je v\u0161ak vyt\u00e1p\u011bn\u00e1 plocha v\u011bt\u0161\u00ed ne\u017e 10 m2, m\u011bli byste zv\u00e1\u017eit dal\u0161\u00ed mo\u017enosti. V\u011bt\u0161\u00ed prostory vy\u017eaduj\u00ed v\u00edce ne\u017e jen jeden topn\u00fd zdroj &#8211; radi\u00e1tor by proto m\u011bl b\u00fdt dopln\u011bn o dal\u0161\u00ed typ vyt\u00e1p\u011bn\u00ed, jako je nap\u0159\u00edklad podlahov\u00e9 vyt\u00e1p\u011bn\u00ed.<\/p>\n<p><img decoding=\"async\" loading=\"lazy\" class=\"aligncenter wp-image-229 size-large\" title=\"Koupelnov\u00fd radi\u00e1tor\" src=\"https:\/\/cerama.cz\/info\/wp-content\/uploads\/2023\/09\/cierny-1024x683.jpg\" alt=\"Koupelnov\u00fd radi\u00e1tor\" width=\"1024\" height=\"683\" srcset=\"https:\/\/cerama.cz\/info\/wp-content\/uploads\/2023\/09\/cierny-1024x683.jpg 1024w, https:\/\/cerama.cz\/info\/wp-content\/uploads\/2023\/09\/cierny-300x200.jpg 300w, https:\/\/cerama.cz\/info\/wp-content\/uploads\/2023\/09\/cierny-768x512.jpg 768w, https:\/\/cerama.cz\/info\/wp-content\/uploads\/2023\/09\/cierny-1536x1024.jpg 1536w, https:\/\/cerama.cz\/info\/wp-content\/uploads\/2023\/09\/cierny-2048x1365.jpg 2048w, https:\/\/cerama.cz\/info\/wp-content\/uploads\/2023\/09\/cierny-465x310.jpg 465w, https:\/\/cerama.cz\/info\/wp-content\/uploads\/2023\/09\/cierny-695x463.jpg 695w\" sizes=\"(max-width: 1024px) 100vw, 1024px\" \/><\/p>\n<h2><span id=\"Koupelnove_vytapeni_8211_zakladni_udaje\">Koupelnov\u00e9 vyt\u00e1p\u011bn\u00ed &#8211; z\u00e1kladn\u00ed \u00fadaje<\/span><\/h2>\n<p>Vybrat si m\u016f\u017eete z \u0161irok\u00e9 \u0161k\u00e1ly radi\u00e1tor\u016f, kter\u00e9 nejen efektivn\u011b vyh\u0159ej\u00ed va\u0161i koupelnu, ale tak\u00e9 podtrhnou jej\u00ed styl a design. Proto byste m\u011bli p\u0159i v\u00fdb\u011bru vhodn\u00e9ho radi\u00e1toru kl\u00e1st d\u016fraz nejen na jeho technick\u00e9 specifikace, ale tak\u00e9 na jeho estetick\u00fd vzhled.<\/p>\n<p>P\u0159i rozhodov\u00e1n\u00ed o vhodn\u00e9m radi\u00e1toru je d\u016fle\u017eit\u00e9 se zam\u011b\u0159it na jeho v\u00fdkon. Ten je ud\u00e1v\u00e1n v\u00fdrobcem a je uveden pro instalaci o ur\u010dit\u00e9 teplot\u011b (75\/65\/20 \u00b0C). Pamatujte tak\u00e9 na fakt, \u017ee chromovan\u00e9 radi\u00e1tory m\u00e9n\u011b vyza\u0159uj\u00ed teplo ne\u017e ty, kter\u00e9 jsou b\u00edle nat\u0159en\u00e9. Proto by v\u00fdkon chromovan\u00e9ho radi\u00e1toru m\u011bl b\u00fdt alespo\u0148 o 30 % vy\u0161\u0161\u00ed ne\u017e v\u00fdkon radi\u00e1toru lakovan\u00e9ho.<\/p>\n<h2><span id=\"Podlahove_vytapeni_v_koupelne_8211_ktere_bude_vhodne\">Podlahov\u00e9 vyt\u00e1p\u011bn\u00ed v koupeln\u011b &#8211; kter\u00e9 bude vhodn\u00e9?<\/span><\/h2>\n<p>Pokud se rozhodnete pro podlahov\u00e9 vyt\u00e1p\u011bn\u00ed, m\u016f\u017eete si vybrat mezi elektrick\u00fdm nebo vodn\u00edm modelem. Elektrick\u00e9 podlahov\u00e9 vyt\u00e1p\u011bn\u00ed, polo\u017een\u00e9 pod tenkou vrstvou malty, oh\u0159eje podlahu velmi rychle. Na druhou stranu, vodn\u00ed podlahov\u00e9 vyt\u00e1p\u011bn\u00ed m\u016f\u017ee vy\u017eadovat vy\u0161\u0161\u00ed po\u010d\u00e1te\u010dn\u00ed investici, ale dlouhodob\u011b je ekonomi\u010dt\u011bj\u0161\u00ed.<\/p>\n<p>Aby podlahov\u00e9 vyt\u00e1p\u011bn\u00ed fungovalo co nejefektivn\u011bji, je d\u016fle\u017eit\u00e9 pamatovat na kvalitu materi\u00e1l\u016f. Terakota, mramor a kamenina jsou ide\u00e1ln\u00ed volbou pro podlahov\u00e9 vyt\u00e1p\u011bn\u00ed. D\u016fle\u017eit\u00fd je tak\u00e9 rozm\u011br dla\u017edic a \u0161\u00ed\u0159ka sp\u00e1r, aby se zabr\u00e1nilo prask\u00e1n\u00ed.<\/p>\n<p><img decoding=\"async\" loading=\"lazy\" class=\"aligncenter wp-image-230\" title=\"Podlahov\u00e9 vyt\u00e1p\u011bn\u00ed v koupeln\u011b\" src=\"https:\/\/cerama.cz\/info\/wp-content\/uploads\/2023\/09\/shutterstock_1244567938.jpg\" alt=\"Podlahov\u00e9 vyt\u00e1p\u011bn\u00ed v koupeln\u011b\" width=\"994\" height=\"795\" \/><\/p>\n<h2><span id=\"Bezpecnost_na_prvnim_miste\">Bezpe\u010dnost na prvn\u00edm m\u00edst\u011b!<\/span><\/h2>\n<p>A kone\u010dn\u011b, ale rozhodn\u011b ne v neposledn\u00ed \u0159ad\u011b, je bezpe\u010dnost. P\u0159i instalaci topn\u00e9ho syst\u00e9mu v koupeln\u011b se mus\u00edte obezn\u00e1mit s pravidly, kter\u00e1 plat\u00ed pro elektrick\u00e9 instalace. Pro ochranu t\u011bchto instalac\u00ed doporu\u010dujeme pou\u017e\u00edvat proudov\u00e9 chr\u00e1ni\u010de, kter\u00e9 zabra\u0148uj\u00ed \u00faraz\u016fm elektrick\u00fdm proudem a tak\u00e9 omezuj\u00ed n\u00e1sledky p\u0159\u00edpadn\u00fdch po\u0161kozen\u00ed za\u0159\u00edzen\u00ed.<\/p>\n<hr \/>\n<p><center><a href=\"https:\/\/cerama.cz\/info\/ladime-baterii-s-umyvadlem-znacky-deante\/\"><img decoding=\"async\" loading=\"lazy\" class=\"alignnone\" title=\"Jak vybrat topn\u00e9 t\u011bleso do koupelny?\" src=\"https:\/\/cerama.cz\/info\/wp-content\/uploads\/2023\/09\/cz.png\" alt=\"Jak vybrat topn\u00e9 t\u011bleso do koupelny?\" width=\"32\" height=\"21\" \/><\/a> <a href=\"https:\/\/cerama.sk\/informacie\/ako-si-vybrat-vykurovacie-teleso-do-kupelne\/\"><img decoding=\"async\" loading=\"lazy\" class=\"alignnone\" title=\"Ako si vybra\u0165 vykurovacie teleso do k\u00fape\u013ene?\" src=\"https:\/\/cerama.cz\/info\/wp-content\/uploads\/2023\/09\/sk.png\" alt=\"Ako si vybra\u0165 vykurovacie teleso do k\u00fape\u013ene?\" width=\"32\" height=\"21\" \/><\/a><\/center><\/p>\n","protected":false},"excerpt":{"rendered":"<p>ObsahKoupelnov\u00fd radi\u00e1torKoupelnov\u00e9 vyt\u00e1p\u011bn\u00ed &#8211; z\u00e1kladn\u00ed \u00fadajePodlahov\u00e9 vyt\u00e1p\u011bn\u00ed v koupeln\u011b &#8211; kter\u00e9 bude vhodn\u00e9?Bezpe\u010dnost na prvn\u00edm m\u00edst\u011b! Koupelnov\u00fd radi\u00e1tor Koupelna je jednou z nejd\u016fle\u017eit\u011bj\u0161\u00edch m\u00edstnost\u00ed v dom\u011b a to nejen kv\u016fli sv\u00e9 funk\u010dnosti, ale tak\u00e9 kv\u016fli sv\u00e9 estetice. Volba spr\u00e1vn\u00e9ho topn\u00e9ho syst\u00e9mu je kl\u00ed\u010dov\u00fdm prvkem, kter\u00fd v\u00fdrazn\u011b ovliv\u0148uje komfort a celkovou<span class=\"more-link\"><a href=\"https:\/\/cerama.cz\/info\/jak-vybrat-topne-teleso-do-koupelny\/\">Continue Reading<\/a><\/span><\/p>\n","protected":false},"author":2,"featured_media":228,"comment_status":"closed","ping_status":"open","sticky":false,"template":"","format":"standard","meta":[],"categories":[2],"tags":[],"aioseo_notices":[],"_links":{"self":[{"href":"https:\/\/cerama.cz\/info\/wp-json\/wp\/v2\/posts\/224"}],"collection":[{"href":"https:\/\/cerama.cz\/info\/wp-json\/wp\/v2\/posts"}],"about":[{"href":"https:\/\/cerama.cz\/info\/wp-json\/wp\/v2\/types\/post"}],"author":[{"embeddable":true,"href":"https:\/\/cerama.cz\/info\/wp-json\/wp\/v2\/users\/2"}],"replies":[{"embeddable":true,"href":"https:\/\/cerama.cz\/info\/wp-json\/wp\/v2\/comments?post=224"}],"version-history":[{"count":14,"href":"https:\/\/cerama.cz\/info\/wp-json\/wp\/v2\/posts\/224\/revisions"}],"predecessor-version":[{"id":264,"href":"https:\/\/cerama.cz\/info\/wp-json\/wp\/v2\/posts\/224\/revisions\/264"}],"wp:featuredmedia":[{"embeddable":true,"href":"https:\/\/cerama.cz\/info\/wp-json\/wp\/v2\/media\/228"}],"wp:attachment":[{"href":"https:\/\/cerama.cz\/info\/wp-json\/wp\/v2\/media?parent=224"}],"wp:term":[{"taxonomy":"category","embeddable":true,"href":"https:\/\/cerama.cz\/info\/wp-json\/wp\/v2\/categories?post=224"},{"taxonomy":"post_tag","embeddable":true,"href":"https:\/\/cerama.cz\/info\/wp-json\/wp\/v2\/tags?post=224"}],"curies":[{"name":"wp","href":"https:\/\/api.w.org\/{rel}","templated":true}]}}