{"id":257,"date":"2023-09-26T19:44:47","date_gmt":"2023-09-26T17:44:47","guid":{"rendered":"https:\/\/cerama.cz\/info\/?p=257"},"modified":"2023-09-26T21:37:36","modified_gmt":"2023-09-26T19:37:36","slug":"umyvadla-na-desku-jaky-model-zvolit","status":"publish","type":"post","link":"https:\/\/cerama.cz\/info\/umyvadla-na-desku-jaky-model-zvolit\/","title":{"rendered":"Umyvadla na desku &#8211; jak\u00fd model zvolit"},"content":{"rendered":"<div id=\"toc_container\" class=\"have_bullets\"><p class=\"toc_title\">Obsah<\/p><ul class=\"toc_list\"><li><a href=\"#Moderni_umyvadlo_na_desce\">Modern\u00ed umyvadlo na desce<\/a><\/li><li><a href=\"#Pro_vsechny_cestovatelske_nadsence\">Pro v\u0161echny cestovatelsk\u00e9 nad\u0161ence<\/a><\/li><li><a href=\"#Elegantni_ale_bez_prehnane_extravagance\">Elegantn\u00ed, ale bez p\u0159ehnan\u00e9 extravagance<\/a><\/li><li><a href=\"#Dbani_na_pravidla_feng-suej\">Db\u00e1n\u00ed na pravidla feng-\u0161uej<\/a><\/li><li><a href=\"#Umyvadla_na_desku_z_kamene_nebo_skla\">Umyvadla na desku z kamene nebo skla<\/a><\/li><\/ul><\/div>\n<h2><span id=\"Moderni_umyvadlo_na_desce\">Modern\u00ed umyvadlo na desce<\/span><\/h2>\n<p>Funk\u010dn\u00ed koupelnov\u00e9 vybaven\u00ed je zcela z\u00e1sadn\u00ed. Pokud v\u0161ak tou\u017e\u00edte po koupeln\u011b s nep\u0159ehl\u00e9dnutelnou originalitou, pultov\u00e1 umyvadla jsou tou pravou volbou pro v\u00e1s.<\/p>\n<p>St\u00e1le v\u00edce lid\u00ed preferuje pultov\u00e1 umyvadla. P\u0159i jejich v\u00fdb\u011bru m\u00e1me mo\u017enost rozhodnout se nejen pro jejich tvar a velikost, ale tak\u00e9 pro materi\u00e1l, ze kter\u00e9ho jsou vyrobeny. Pro v\u0161echny, kte\u0159\u00ed hledaj\u00ed to prav\u00e9 umyvadlo na desku, kter\u00e9 skv\u011ble zapadne do jejich jedine\u010dn\u00e9ho interi\u00e9r\u016f, v\u00fdrobci p\u0159in\u00e1\u0161ej\u00ed st\u00e1le nov\u011bj\u0161\u00ed modely.<\/p>\n<p><img decoding=\"async\" loading=\"lazy\" class=\"aligncenter wp-image-269 size-large\" title=\"Modern\u00ed umyvadlo na desce\" src=\"https:\/\/cerama.cz\/info\/wp-content\/uploads\/2023\/09\/umyvadlo-na-doske-1024x683.jpg\" alt=\"Modern\u00ed umyvadlo na desce\" width=\"1024\" height=\"683\" srcset=\"https:\/\/cerama.cz\/info\/wp-content\/uploads\/2023\/09\/umyvadlo-na-doske-1024x683.jpg 1024w, https:\/\/cerama.cz\/info\/wp-content\/uploads\/2023\/09\/umyvadlo-na-doske-300x200.jpg 300w, https:\/\/cerama.cz\/info\/wp-content\/uploads\/2023\/09\/umyvadlo-na-doske-768x512.jpg 768w, https:\/\/cerama.cz\/info\/wp-content\/uploads\/2023\/09\/umyvadlo-na-doske-1536x1024.jpg 1536w, https:\/\/cerama.cz\/info\/wp-content\/uploads\/2023\/09\/umyvadlo-na-doske-2048x1365.jpg 2048w, https:\/\/cerama.cz\/info\/wp-content\/uploads\/2023\/09\/umyvadlo-na-doske-465x310.jpg 465w, https:\/\/cerama.cz\/info\/wp-content\/uploads\/2023\/09\/umyvadlo-na-doske-695x463.jpg 695w\" sizes=\"(max-width: 1024px) 100vw, 1024px\" \/><\/p>\n<h2><span id=\"Pro_vsechny_cestovatelske_nadsence\">Pro v\u0161echny cestovatelsk\u00e9 nad\u0161ence<\/span><\/h2>\n<p>Milujete New York, Barcelonu nebo Berl\u00edn? Pak v\u00e1s jist\u011b nadchne s\u00e9rie umyvadel Roca. Jejich jednoduch\u00fd tvar ozdoben\u00fd obr\u00e1zky m\u011bst vytv\u00e1\u0159\u00ed modern\u00ed vzhled, kter\u00fd dod\u00e1 va\u0161emu interi\u00e9ru jedine\u010dn\u00fd charakter. D\u00edky nestandardn\u00ed grafice se tak\u00e9 odr\u00e1\u017e\u00ed vkus majitele koupelny.<\/p>\n<h2><span id=\"Elegantni_ale_bez_prehnane_extravagance\">Elegantn\u00ed, ale bez p\u0159ehnan\u00e9 extravagance<\/span><\/h2>\n<p>Jestli\u017ee hled\u00e1te netradi\u010dn\u00ed \u0159e\u0161en\u00ed, ale nechcete p\u0159itom p\u0159ekro\u010dit hranice vkusu, nab\u00edz\u00ed v\u00fdrobci tak\u00e9 klasick\u00e1 umyvadla na desku s decentn\u00edmi barevn\u00fdmi prvky. Pro jednodu\u0161\u0161\u00ed harmonii interi\u00e9ru vol\u00edme tvar umyvadla, kter\u00fd se nejl\u00e9pe hod\u00ed k vybran\u00e9 desce.<\/p>\n<p>M\u016f\u017eeme vyb\u00edrat mezi v\u00fdrazn\u00fdmi umyvadly ve tvaru m\u00edsy, obd\u00e9ln\u00edkov\u00fdmi modely do geometricky uspo\u0159\u00e1dan\u00fdch koupelen nebo zcela netradi\u010dn\u00edmi tvary. K dokonalosti v\u00e1m dopom\u016f\u017ee mramorov\u00e1 nebo mozaikov\u00e1 deska, kter\u00e1 skv\u011ble lad\u00ed s klasick\u00fdm modelem umyvadla.<\/p>\n<h2><span id=\"Dbani_na_pravidla_feng-suej\">Db\u00e1n\u00ed na pravidla feng-\u0161uej<\/span><\/h2>\n<p>Pro v\u0161echny, kte\u0159\u00ed cht\u011bj\u00ed v koupeln\u011b dos\u00e1hnout harmonie, je ide\u00e1ln\u00ed volbou keramick\u00e9 umyvadlo na desku Ying-Yang od spole\u010dnosti Bathco. Toto decentn\u00ed a nikterak p\u0159ehnan\u011b extravagantn\u00ed umyvadlo se bude skv\u011ble hodit do orient\u00e1ln\u011b za\u0159\u00edzen\u00e9 koupelny, nejl\u00e9pe v modern\u00edm, minimalistick\u00e9m stylu, a to v\u0161e v souladu s pravidly feng-\u0161uej.<\/p>\n<p><img decoding=\"async\" loading=\"lazy\" class=\"aligncenter wp-image-272 size-large\" title=\"Umyvadla z kamene\" src=\"https:\/\/cerama.cz\/info\/wp-content\/uploads\/2023\/09\/shutterstock_2104850153-1024x575.jpg\" alt=\"Umyvadla z kamene\" width=\"1024\" height=\"575\" srcset=\"https:\/\/cerama.cz\/info\/wp-content\/uploads\/2023\/09\/shutterstock_2104850153-1024x575.jpg 1024w, https:\/\/cerama.cz\/info\/wp-content\/uploads\/2023\/09\/shutterstock_2104850153-300x168.jpg 300w, https:\/\/cerama.cz\/info\/wp-content\/uploads\/2023\/09\/shutterstock_2104850153-768x431.jpg 768w, https:\/\/cerama.cz\/info\/wp-content\/uploads\/2023\/09\/shutterstock_2104850153-1536x862.jpg 1536w, https:\/\/cerama.cz\/info\/wp-content\/uploads\/2023\/09\/shutterstock_2104850153-2048x1150.jpg 2048w, https:\/\/cerama.cz\/info\/wp-content\/uploads\/2023\/09\/shutterstock_2104850153-465x261.jpg 465w, https:\/\/cerama.cz\/info\/wp-content\/uploads\/2023\/09\/shutterstock_2104850153-695x390.jpg 695w\" sizes=\"(max-width: 1024px) 100vw, 1024px\" \/><\/p>\n<h2><span id=\"Umyvadla_na_desku_z_kamene_nebo_skla\">Umyvadla na desku z kamene nebo skla<\/span><\/h2>\n<p>K\u00e1men dod\u00e1v\u00e1 umyvadl\u016fm sofistikovan\u00fd vzhled a elegance. K dispozici jsou v r\u016fzn\u00fdch barv\u00e1ch, tak\u017ee si je m\u016f\u017eete vybrat v souladu s barevn\u00fdm \u0159e\u0161en\u00edm va\u0161\u00ed koupelny. Mezi obl\u00edben\u00e9 pat\u0159\u00ed zejm\u00e9na \u017eula pro jej\u00ed jedine\u010dn\u00fd vzhled a mimo\u0159\u00e1dnou pevnost a odolnost.<\/p>\n<p>Sklo je dal\u0161\u00ed alternativou k b\u011b\u017en\u00e9 keramice. Umyvadla na desku z tohoto materi\u00e1lu jsou st\u00e1le obl\u00edben\u011bj\u0161\u00ed, zejm\u00e9na v modern\u011b za\u0159\u00edzen\u00fdch koupeln\u00e1ch. Sklo umo\u017e\u0148uje vytv\u00e1\u0159et zaj\u00edmav\u00e9 tvary a barvy, \u010d\u00edm\u017e se m\u016f\u017ee st\u00e1t umyvadlo efektn\u00edm dekora\u010dn\u00edm prvkem koupelny.<\/p>\n<hr \/>\n<p><a href=\"https:\/\/cerama.cz\/info\/umyvadla-na-desku-jaky-model-zvolit\/\"><img decoding=\"async\" loading=\"lazy\" class=\"alignnone\" title=\"Umyvadla na desku \u2013 jak\u00fd model zvolit\" src=\"https:\/\/cerama.cz\/info\/wp-content\/uploads\/2023\/09\/cz.png\" alt=\"Umyvadla na desku \u2013 jak\u00fd model zvolit\" width=\"32\" height=\"21\" \/><\/a> <a href=\"https:\/\/cerama.sk\/informacie\/umyvadla-na-dosku-aky-model-si-vybrat\/\"><img decoding=\"async\" loading=\"lazy\" class=\"alignnone\" title=\"Um\u00fdvadl\u00e1 na dosku \u2013 ak\u00fd model si vybra\u0165\" src=\"https:\/\/cerama.cz\/info\/wp-content\/uploads\/2023\/09\/sk.png\" alt=\"Um\u00fdvadl\u00e1 na dosku \u2013 ak\u00fd model si vybra\u0165\" width=\"32\" height=\"21\" \/><\/a><\/p>\n","protected":false},"excerpt":{"rendered":"<p>ObsahModern\u00ed umyvadlo na descePro v\u0161echny cestovatelsk\u00e9 nad\u0161enceElegantn\u00ed, ale bez p\u0159ehnan\u00e9 extravaganceDb\u00e1n\u00ed na pravidla feng-\u0161uejUmyvadla na desku z kamene nebo skla Modern\u00ed umyvadlo na desce Funk\u010dn\u00ed koupelnov\u00e9 vybaven\u00ed je zcela z\u00e1sadn\u00ed. Pokud v\u0161ak tou\u017e\u00edte po koupeln\u011b s nep\u0159ehl\u00e9dnutelnou originalitou, pultov\u00e1 umyvadla jsou tou pravou volbou pro v\u00e1s. St\u00e1le v\u00edce lid\u00ed preferuje<span class=\"more-link\"><a href=\"https:\/\/cerama.cz\/info\/umyvadla-na-desku-jaky-model-zvolit\/\">Continue Reading<\/a><\/span><\/p>\n","protected":false},"author":2,"featured_media":267,"comment_status":"closed","ping_status":"open","sticky":false,"template":"","format":"standard","meta":[],"categories":[2],"tags":[],"aioseo_notices":[],"_links":{"self":[{"href":"https:\/\/cerama.cz\/info\/wp-json\/wp\/v2\/posts\/257"}],"collection":[{"href":"https:\/\/cerama.cz\/info\/wp-json\/wp\/v2\/posts"}],"about":[{"href":"https:\/\/cerama.cz\/info\/wp-json\/wp\/v2\/types\/post"}],"author":[{"embeddable":true,"href":"https:\/\/cerama.cz\/info\/wp-json\/wp\/v2\/users\/2"}],"replies":[{"embeddable":true,"href":"https:\/\/cerama.cz\/info\/wp-json\/wp\/v2\/comments?post=257"}],"version-history":[{"count":10,"href":"https:\/\/cerama.cz\/info\/wp-json\/wp\/v2\/posts\/257\/revisions"}],"predecessor-version":[{"id":274,"href":"https:\/\/cerama.cz\/info\/wp-json\/wp\/v2\/posts\/257\/revisions\/274"}],"wp:featuredmedia":[{"embeddable":true,"href":"https:\/\/cerama.cz\/info\/wp-json\/wp\/v2\/media\/267"}],"wp:attachment":[{"href":"https:\/\/cerama.cz\/info\/wp-json\/wp\/v2\/media?parent=257"}],"wp:term":[{"taxonomy":"category","embeddable":true,"href":"https:\/\/cerama.cz\/info\/wp-json\/wp\/v2\/categories?post=257"},{"taxonomy":"post_tag","embeddable":true,"href":"https:\/\/cerama.cz\/info\/wp-json\/wp\/v2\/tags?post=257"}],"curies":[{"name":"wp","href":"https:\/\/api.w.org\/{rel}","templated":true}]}}