{"id":275,"date":"2023-09-27T12:09:07","date_gmt":"2023-09-27T10:09:07","guid":{"rendered":"https:\/\/cerama.cz\/info\/?p=275"},"modified":"2023-09-27T17:14:11","modified_gmt":"2023-09-27T15:14:11","slug":"jak-ozivit-interier-koupelny-doplnky","status":"publish","type":"post","link":"https:\/\/cerama.cz\/info\/jak-ozivit-interier-koupelny-doplnky\/","title":{"rendered":"Jak o\u017eivit interi\u00e9r koupelny dopl\u0148ky?"},"content":{"rendered":"<div id=\"toc_container\" class=\"have_bullets\"><p class=\"toc_title\">Obsah<\/p><ul class=\"toc_list\"><li><a href=\"#Sarmantni_koupelnove_doplnky_z_kamene\">\u0160armantn\u00ed koupelnov\u00e9 dopl\u0148ky z kamene<\/a><\/li><li><a href=\"#Zariva_zelen_v_klasickem_prostredi\">Z\u00e1\u0159iv\u00e1 zele\u0148 v klasick\u00e9m prost\u0159ed\u00ed<\/a><\/li><li><a href=\"#Kouzlo_kamene\">Kouzlo kamene<\/a><\/li><li><a href=\"#Komfort_a_funkcnost\">Komfort a funk\u010dnost<\/a><\/li><\/ul><\/div>\n<h2><span id=\"Sarmantni_koupelnove_doplnky_z_kamene\">\u0160armantn\u00ed koupelnov\u00e9 dopl\u0148ky z kamene<\/span><\/h2>\n<p>P\u0159i za\u0159izov\u00e1n\u00ed interi\u00e9ru hraj\u00ed dopl\u0148ky roli podobnou tomu, co p\u0159edstavuj\u00ed v m\u00f3dn\u00edm sv\u011bt\u011b. Harmonicky dokresluj\u00ed celkovou kompozici, dod\u00e1vaj\u00ed sv\u011b\u017eest klasick\u00fdm interi\u00e9r\u016fm a p\u0159id\u00e1vaj\u00ed \u0161mrnc jednoduch\u00fdm barevn\u00fdm a tvarov\u00fdm \u0159e\u0161en\u00edm. Jejich absence v koupeln\u011b by byla nep\u0159edstaviteln\u00e1.<\/p>\n<h2><span id=\"Zariva_zelen_v_klasickem_prostredi\">Z\u00e1\u0159iv\u00e1 zele\u0148 v klasick\u00e9m prost\u0159ed\u00ed<\/span><\/h2>\n<p>Koupelna by m\u011bla b\u00fdt o\u00e1zou klidu a odpo\u010dinku. Proto \u010dasto s\u00e1hneme po neutr\u00e1ln\u00edch barv\u00e1ch a tradi\u010dn\u00edch form\u00e1ch. I p\u0159esto stoj\u00ed za to p\u0159idat do t\u00e9to harmonie osv\u011b\u017euj\u00edc\u00ed n\u00e1dech barev. Toho lze dos\u00e1hnout vyu\u017eit\u00edm syt\u00e9 a sv\u011b\u017e\u00ed zelen\u00e9. Pro takto navrhovanou koupelnu jsou ide\u00e1ln\u00ed klasick\u00e9 dopl\u0148ky, kter\u00e9 podtrhnou celkov\u00fd vzhled m\u00edstnosti. Av\u0161ak pozor, p\u0159\u00edli\u0161n\u00e1 barevn\u00e1 pestrost m\u016f\u017ee cel\u00fd efekt pokazit.<\/p>\n<p>Koupelnov\u00e9 dopl\u0148ky jsou jedn\u00edm z kl\u00ed\u010dov\u00fdch prvk\u016f p\u0159i za\u0159izov\u00e1n\u00ed, nebo\u0165 pr\u00e1v\u011b ty dod\u00e1vaj\u00ed interi\u00e9ru ten spr\u00e1vn\u00fd charakter. Sv\u011btl\u00e9 barvy se staly v\u00fdrazn\u00fdm trendem a jsou skv\u011blou volbou pro koupelny s tradi\u010dn\u00edm a typick\u00fdm vybaven\u00edm, kter\u00fdm chceme dodat \u0161petku originality.<\/p>\n<p><img decoding=\"async\" loading=\"lazy\" class=\"alignnone wp-image-281\" title=\"zele\u0148 v koupelne\" src=\"https:\/\/cerama.cz\/info\/wp-content\/uploads\/2023\/09\/zeleene-deko-v-kupelke.jpg\" alt=\"zele\u0148 v koupelne\" width=\"993\" height=\"596\" \/><\/p>\n<h2><span id=\"Kouzlo_kamene\">Kouzlo kamene<\/span><\/h2>\n<p>B\u00e9\u017eov\u00e1 a hn\u011bd\u00e1 jsou univerz\u00e1ln\u00ed barvy, kter\u00e9 ji\u017e odprad\u00e1vna dod\u00e1vaj\u00ed interi\u00e9r\u016fm n\u00e1dech exkluzivity. Pastelov\u00e9 odst\u00edny dopln\u011bn\u00e9 ornamenty z p\u0159\u00edrodn\u00edho kamene jsou nej\u017e\u00e1dan\u011bj\u0161\u00ed kombinac\u00ed. Kameny m\u016f\u017eeme pou\u017e\u00edt i na dopl\u0148c\u00edch jako jsou d\u00e1vkova\u010de m\u00fddla nebo m\u00fddlenky. Tyto dopl\u0148ky s jemn\u00fdmi a hladk\u00fdmi tvary budou skute\u010dn\u00fdm klenotem va\u0161\u00ed koupelny. Tuto sez\u00f3nu jsou kamenn\u00e9 detaily v koupeln\u011b naprostou nutnost\u00ed!<\/p>\n<h2><span id=\"Komfort_a_funkcnost\">Komfort a funk\u010dnost<\/span><\/h2>\n<p>Modern\u00ed koupelna nepot\u0159ebuje zbyte\u010dn\u00e9 p\u0159epl\u00e1can\u00ed dopl\u0148ky. M\u00e9n\u011b je n\u011bkdy v\u00edce a dok\u00e1\u017ee vytvo\u0159it je\u0161t\u011b lep\u0161\u00ed celkov\u00fd dojem. Dopl\u0148ky by m\u011bly zvy\u0161ovat n\u00e1\u0161 komfort a plnit sv\u016fj \u00fa\u010del. Funk\u010dnost v koupeln\u011b v\u0161ak rozhodn\u011b nemus\u00ed b\u00fdt synonymem pro nudu. Nejl\u00e9pe se zde osv\u011bd\u010duj\u00ed elegantn\u00ed kovov\u00e9 dopl\u0148ky p\u0159ipevn\u011bn\u00e9 na st\u011bnu.<\/p>\n<p>Tyto dopl\u0148ky maj\u00ed t\u0159i z\u00e1sadn\u00ed v\u00fdhody: \u0161et\u0159\u00ed m\u00edsto, jsou snadno \u010distiteln\u00e9 a nedojde k jejich p\u00e1du z umyvadla. Elegantn\u00ed dopl\u0148ky tak mohou ide\u00e1ln\u011b nahradit plastov\u00e9 d\u00e1vkova\u010de, kter\u00e9 u\u017e d\u00e1vno vy\u0161ly z m\u00f3dy.<\/p>\n<p>Prostor v dom\u00e1cnosti je jako \u010dlov\u011bk: jeho kr\u00e1sa spo\u010d\u00edv\u00e1 nejen v oble\u010den\u00ed, ale tak\u00e9 v dopl\u0148c\u00edch. Pokud koupelnu vybav\u00edte spr\u00e1vn\u00fdmi dopl\u0148ky, stane se z n\u00ed harmonick\u00e1 celistvost. Detaily vytv\u00e1\u0159ej\u00ed atmosf\u00e9ru a dod\u00e1vaj\u00ed prostoru tu pravou t\u0159e\u0161inku na dortu. Stoj\u00ed za to na n\u011b pamatovat.<\/p>\n<hr \/>\n<p><a href=\"https:\/\/cerama.cz\/info\/jak-ozivit-interier-koupelny-doplnky\/\"><img decoding=\"async\" loading=\"lazy\" class=\"alignnone\" title=\"Jak o\u017eivit interi\u00e9r koupelny dopl\u0148ky?\" src=\"https:\/\/cerama.cz\/info\/wp-content\/uploads\/2023\/09\/cz.png\" alt=\"Jak o\u017eivit interi\u00e9r koupelny dopl\u0148ky?\" width=\"32\" height=\"21\" \/><\/a> <a href=\"https:\/\/cerama.sk\/informacie\/ako-ozivit-interier-kupelne-doplnkami\/\"><img decoding=\"async\" loading=\"lazy\" class=\"alignnone\" title=\"Ako o\u017eivi\u0165 interi\u00e9r k\u00fape\u013ene doplnkami?\" src=\"https:\/\/cerama.cz\/info\/wp-content\/uploads\/2023\/09\/sk.png\" alt=\"Ako o\u017eivi\u0165 interi\u00e9r k\u00fape\u013ene doplnkami?\" width=\"32\" height=\"21\" \/><\/a><\/p>\n","protected":false},"excerpt":{"rendered":"<p>Obsah\u0160armantn\u00ed koupelnov\u00e9 dopl\u0148ky z kameneZ\u00e1\u0159iv\u00e1 zele\u0148 v klasick\u00e9m prost\u0159ed\u00edKouzlo kameneKomfort a funk\u010dnost \u0160armantn\u00ed koupelnov\u00e9 dopl\u0148ky z kamene P\u0159i za\u0159izov\u00e1n\u00ed interi\u00e9ru hraj\u00ed dopl\u0148ky roli podobnou tomu, co p\u0159edstavuj\u00ed v m\u00f3dn\u00edm sv\u011bt\u011b. Harmonicky dokresluj\u00ed celkovou kompozici, dod\u00e1vaj\u00ed sv\u011b\u017eest klasick\u00fdm interi\u00e9r\u016fm a p\u0159id\u00e1vaj\u00ed \u0161mrnc jednoduch\u00fdm barevn\u00fdm a tvarov\u00fdm \u0159e\u0161en\u00edm. Jejich absence v koupeln\u011b<span class=\"more-link\"><a href=\"https:\/\/cerama.cz\/info\/jak-ozivit-interier-koupelny-doplnky\/\">Continue Reading<\/a><\/span><\/p>\n","protected":false},"author":2,"featured_media":280,"comment_status":"closed","ping_status":"open","sticky":false,"template":"","format":"standard","meta":[],"categories":[2],"tags":[],"aioseo_notices":[],"_links":{"self":[{"href":"https:\/\/cerama.cz\/info\/wp-json\/wp\/v2\/posts\/275"}],"collection":[{"href":"https:\/\/cerama.cz\/info\/wp-json\/wp\/v2\/posts"}],"about":[{"href":"https:\/\/cerama.cz\/info\/wp-json\/wp\/v2\/types\/post"}],"author":[{"embeddable":true,"href":"https:\/\/cerama.cz\/info\/wp-json\/wp\/v2\/users\/2"}],"replies":[{"embeddable":true,"href":"https:\/\/cerama.cz\/info\/wp-json\/wp\/v2\/comments?post=275"}],"version-history":[{"count":7,"href":"https:\/\/cerama.cz\/info\/wp-json\/wp\/v2\/posts\/275\/revisions"}],"predecessor-version":[{"id":284,"href":"https:\/\/cerama.cz\/info\/wp-json\/wp\/v2\/posts\/275\/revisions\/284"}],"wp:featuredmedia":[{"embeddable":true,"href":"https:\/\/cerama.cz\/info\/wp-json\/wp\/v2\/media\/280"}],"wp:attachment":[{"href":"https:\/\/cerama.cz\/info\/wp-json\/wp\/v2\/media?parent=275"}],"wp:term":[{"taxonomy":"category","embeddable":true,"href":"https:\/\/cerama.cz\/info\/wp-json\/wp\/v2\/categories?post=275"},{"taxonomy":"post_tag","embeddable":true,"href":"https:\/\/cerama.cz\/info\/wp-json\/wp\/v2\/tags?post=275"}],"curies":[{"name":"wp","href":"https:\/\/api.w.org\/{rel}","templated":true}]}}