{"id":286,"date":"2023-09-28T13:04:32","date_gmt":"2023-09-28T11:04:32","guid":{"rendered":"https:\/\/cerama.cz\/info\/?p=286"},"modified":"2023-09-28T15:45:12","modified_gmt":"2023-09-28T13:45:12","slug":"vyhody-vanovych-zasten","status":"publish","type":"post","link":"https:\/\/cerama.cz\/info\/vyhody-vanovych-zasten\/","title":{"rendered":"V\u00fdhody vanov\u00fdch z\u00e1st\u011bn"},"content":{"rendered":"<div id=\"toc_container\" class=\"have_bullets\"><p class=\"toc_title\">Obsah<\/p><ul class=\"toc_list\"><li><a href=\"#Multifunkcni_vanove_zasteny\">Multifunk\u010dn\u00ed vanov\u00e9 z\u00e1st\u011bny<\/a><\/li><li><a href=\"#Vanove_zasteny_dva_v_jednom\">Vanov\u00e9 z\u00e1st\u011bny: dva v jednom<\/a><\/li><li><a href=\"#Technologicke_mistrovstvi\">Technologick\u00e9 mistrovstv\u00ed<\/a><\/li><li><a href=\"#Estetika_na_objednavku\">Estetika na objedn\u00e1vku<\/a><\/li><li><a href=\"#Dvojita_relaxace\">Dvojit\u00e1 relaxace<\/a><\/li><\/ul><\/div>\n<h2><span id=\"Multifunkcni_vanove_zasteny\">Multifunk\u010dn\u00ed vanov\u00e9 z\u00e1st\u011bny<\/span><\/h2>\n<p>P\u0159em\u00fd\u0161l\u00edte o kombinaci vany a sprchy? Zjist\u011bte, pro\u010d jsou vanov\u00e9 z\u00e1st\u011bny tak praktick\u00e9 a st\u00e1le v\u00edce obl\u00edben\u00e9. A\u0165 u\u017e hled\u00e1te osv\u011b\u017euj\u00edc\u00ed sprchu v hork\u00fdch letn\u00edch dnech nebo tou\u017e\u00edte po tepl\u00e9 koupeli b\u011bhem mraziv\u00e9 zimy, d\u00edky vanov\u00e9 z\u00e1st\u011bn\u011b m\u016f\u017eete m\u00edt oboj\u00ed. Ale jak\u00e9 dal\u0161\u00ed v\u00fdhody tento u\u017eite\u010dn\u00fd v\u00fdrobek nab\u00edz\u00ed?<\/p>\n<h2><span id=\"Vanove_zasteny_dva_v_jednom\">Vanov\u00e9 z\u00e1st\u011bny: dva v jednom<\/span><\/h2>\n<p>Vanov\u00e9 z\u00e1st\u011bny zauj\u00edmaj\u00ed sv\u00e9 m\u00edsto na trhu d\u00edky sv\u00e9 v\u00fdjime\u010dn\u00e9 multifunk\u010dnosti. Pro mnoh\u00e9 p\u0159edstavuj\u00ed praktickou \u0159e\u0161en\u00ed pro vyu\u017eit\u00ed vany jako sprchy, a to v\u0161e s jednoduch\u00fdm a efektivn\u00edm \u0159e\u0161en\u00edm pro mal\u00e9 prostory.<\/p>\n<p>D\u00edky \u0161irok\u00e9 nab\u00eddce na trhu m\u016f\u017eete vyb\u00edrat mezi jedno- a dvoud\u00edln\u00fdmi modely a nav\u00edc si vybrat z\u00e1st\u011bnu, kter\u00e1 se dokonale hod\u00ed k rozm\u011br\u016fm va\u0161\u00ed vany a je snadno instalovateln\u00e1. T\u00edmto zp\u016fsobem m\u016f\u017eete efektivn\u011b vyu\u017e\u00edt prostor a maximalizovat funk\u010dnost sv\u00e9 koupelny.<\/p>\n<p>Volba vanov\u00e9 z\u00e1st\u011bny nav\u00edc vede ke zv\u011bt\u0161en\u00ed u\u017eitn\u00e9 plochy koupelny. Malou koupelnu lze pomoc\u00ed vanov\u00e9 z\u00e1st\u011bny prom\u011bnit v multifunk\u010dn\u00ed prostor, kter\u00fd poskytuje nejen m\u00edsto pro koup\u00e1n\u00ed, ale tak\u00e9 pro pran\u00ed a su\u0161en\u00ed pr\u00e1dla.<\/p>\n<p><img decoding=\"async\" loading=\"lazy\" class=\"aligncenter wp-image-294 size-large\" title=\"Vanov\u00e9 z\u00e1st\u011bny\" src=\"https:\/\/cerama.cz\/info\/wp-content\/uploads\/2023\/09\/shutterstock_222732973-1024x683.jpg\" alt=\"Vanov\u00e9 z\u00e1st\u011bny\" width=\"1024\" height=\"683\" srcset=\"https:\/\/cerama.cz\/info\/wp-content\/uploads\/2023\/09\/shutterstock_222732973-1024x683.jpg 1024w, https:\/\/cerama.cz\/info\/wp-content\/uploads\/2023\/09\/shutterstock_222732973-300x200.jpg 300w, https:\/\/cerama.cz\/info\/wp-content\/uploads\/2023\/09\/shutterstock_222732973-768x512.jpg 768w, https:\/\/cerama.cz\/info\/wp-content\/uploads\/2023\/09\/shutterstock_222732973-1536x1024.jpg 1536w, https:\/\/cerama.cz\/info\/wp-content\/uploads\/2023\/09\/shutterstock_222732973-2048x1365.jpg 2048w, https:\/\/cerama.cz\/info\/wp-content\/uploads\/2023\/09\/shutterstock_222732973-465x310.jpg 465w, https:\/\/cerama.cz\/info\/wp-content\/uploads\/2023\/09\/shutterstock_222732973-695x463.jpg 695w\" sizes=\"(max-width: 1024px) 100vw, 1024px\" \/><\/p>\n<h2><span id=\"Technologicke_mistrovstvi\">Technologick\u00e9 mistrovstv\u00ed<\/span><\/h2>\n<p>Rozmanitost model\u016f a velikost\u00ed vanov\u00fdch z\u00e1st\u011bn umo\u017e\u0148uje jejich dokonal\u00e9 p\u0159izp\u016fsoben\u00ed jak velikosti vany, tak celkov\u00e9mu prostoru koupelny. M\u016f\u017eete si vybrat mezi jedno- a dvoud\u00edln\u00fdmi modely s mo\u017enost\u00ed instalace na jakoukoliv stranu vany. D\u00edky lehk\u00e9 a estetick\u00e9 konstrukci a n\u00e1st\u011bnn\u00e9mu dr\u017e\u00e1ku jsou tyto z\u00e1st\u011bny mimo\u0159\u00e1dn\u011b stabiln\u00ed.<\/p>\n<p>Inteligentn\u00ed design z\u00e1st\u011bn umo\u017e\u0148uje jejich otev\u00edr\u00e1n\u00ed jak dovnit\u0159, tak ven, co\u017e usnad\u0148uje jejich \u00fadr\u017ebu. V\u011bt\u0161ina model\u016f je nav\u00edc vybavena speci\u00e1ln\u00ed povrchovou \u00fapravou, kter\u00e1 br\u00e1n\u00ed nadm\u011brn\u00e9mu usazov\u00e1n\u00ed ne\u010distot a umo\u017e\u0148uje snadn\u00e9 odstran\u011bn\u00ed dv\u00ed\u0159ek pro dezinfekci.<\/p>\n<p>V\u00fdb\u011br spr\u00e1vn\u00e9 sprchov\u00e9 z\u00e1st\u011bny z\u00e1vis\u00ed na n\u011bkolika faktorech. Mezi nejd\u016fle\u017eit\u011bj\u0161\u00ed pat\u0159\u00ed tvar vany a dostupn\u00fd prostor. Nej\u010dast\u011bji na\u0161i z\u00e1kazn\u00edci vol\u00ed jednok\u0159\u00eddl\u00e9 modely, kter\u00e9 jsou ide\u00e1ln\u00ed pro t\u00e9m\u011b\u0159 jakoukoliv obd\u00e9ln\u00edkovou vanu.<\/p>\n<h2><span id=\"Estetika_na_objednavku\">Estetika na objedn\u00e1vku<\/span><\/h2>\n<p>Ne v\u0161echny z\u00e1st\u011bny jsou stejn\u00e9 &#8211; tak bychom mohli shrnout rozmanitost nab\u00eddky na trhu z hlediska designu. T\u00e9m\u011b\u0159 v\u0161echny modely jsou vyrobeny z tvrzen\u00e9ho skla pro maxim\u00e1ln\u00ed bezpe\u010dnost. A to nen\u00ed v\u0161e &#8211; d\u00edky \u0161irok\u00e9 \u0161k\u00e1le tvar\u016f, atraktivn\u00edch design\u016f a elegantn\u00edch chromovan\u00fdch detail\u016f m\u016f\u017eete svou koupelnu vybavit podle sv\u00fdch p\u0159edstav. A nen\u00ed t\u0159eba se omezovat pouze na pr\u016fhledn\u00e9 sklo &#8211; matn\u00e9 povrchy mohou b\u00fdt rovn\u011b\u017e zaj\u00edmavou alternativou.<\/p>\n<p>\u0160irok\u00fd sortiment koupelnov\u00e9ho vybaven\u00ed n\u00e1m umo\u017e\u0148uje spojit estetiku s funk\u010dnost\u00ed. Mezi nejpopul\u00e1rn\u011bj\u0161\u00ed modely pat\u0159\u00ed ty od spole\u010dnost\u00ed jako Ko\u0142o, Ravak nebo Riho, kter\u00e9 se vyzna\u010duj\u00ed elegantn\u00edm designem, odolnost\u00ed a vysokou technickou kvalitou.<\/p>\n<h2><span id=\"Dvojita_relaxace\">Dvojit\u00e1 relaxace<\/span><\/h2>\n<p>Rozhodnut\u00ed pro vanovou z\u00e1st\u011bnu eliminuje dilema mezi v\u00fdb\u011brem vany nebo sprchy. Nav\u00edc se nemus\u00edte ob\u00e1vat o promo\u010denou podlahu kolem vany, jeliko\u017e vanov\u00e9 z\u00e1st\u011bny jsou vzduchot\u011bsn\u00e9. Tak\u00e9 u\u0161et\u0159\u00edte \u010das, kter\u00fd byste jinak str\u00e1vili \u00fadr\u017ebou podlahy. Forma, kvalita a bezpe\u010dnost pou\u017eit\u00ed jdou ruku v ruce s na\u0161\u00ed vnit\u0159n\u00ed harmoni\u00ed. \u010cas str\u00e1ven\u00fd v koupeln\u011b se tak st\u00e1v\u00e1 synonymem relaxace a p\u00e9\u010de o fyzickou i du\u0161evn\u00ed pohodu.<\/p>\n<hr \/>\n<p><a href=\"https:\/\/cerama.cz\/info\/vyhody-vanovych-zasten\/\"><img decoding=\"async\" loading=\"lazy\" class=\"alignnone\" title=\"V\u00fdhody vanov\u00fdch z\u00e1st\u011bn\" src=\"https:\/\/cerama.cz\/info\/wp-content\/uploads\/2023\/09\/cz.png\" alt=\"V\u00fdhody vanov\u00fdch z\u00e1st\u011bn\n\" width=\"32\" height=\"21\" \/><\/a> <a href=\"https:\/\/cerama.sk\/informacie\/vyhody-vanovych-zasten\/\"><img decoding=\"async\" loading=\"lazy\" class=\"alignnone\" title=\"V\u00fdhody va\u0148ov\u00fdch z\u00e1sten\" src=\"https:\/\/cerama.cz\/info\/wp-content\/uploads\/2023\/09\/sk.png\" alt=\"V\u00fdhody va\u0148ov\u00fdch z\u00e1sten\" width=\"32\" height=\"21\" \/><\/a><\/p>\n","protected":false},"excerpt":{"rendered":"<p>ObsahMultifunk\u010dn\u00ed vanov\u00e9 z\u00e1st\u011bnyVanov\u00e9 z\u00e1st\u011bny: dva v jednomTechnologick\u00e9 mistrovstv\u00edEstetika na objedn\u00e1vkuDvojit\u00e1 relaxace Multifunk\u010dn\u00ed vanov\u00e9 z\u00e1st\u011bny P\u0159em\u00fd\u0161l\u00edte o kombinaci vany a sprchy? Zjist\u011bte, pro\u010d jsou vanov\u00e9 z\u00e1st\u011bny tak praktick\u00e9 a st\u00e1le v\u00edce obl\u00edben\u00e9. A\u0165 u\u017e hled\u00e1te osv\u011b\u017euj\u00edc\u00ed sprchu v hork\u00fdch letn\u00edch dnech nebo tou\u017e\u00edte po tepl\u00e9 koupeli b\u011bhem mraziv\u00e9 zimy, d\u00edky vanov\u00e9<span class=\"more-link\"><a href=\"https:\/\/cerama.cz\/info\/vyhody-vanovych-zasten\/\">Continue Reading<\/a><\/span><\/p>\n","protected":false},"author":2,"featured_media":293,"comment_status":"closed","ping_status":"open","sticky":false,"template":"","format":"standard","meta":[],"categories":[2],"tags":[],"aioseo_notices":[],"_links":{"self":[{"href":"https:\/\/cerama.cz\/info\/wp-json\/wp\/v2\/posts\/286"}],"collection":[{"href":"https:\/\/cerama.cz\/info\/wp-json\/wp\/v2\/posts"}],"about":[{"href":"https:\/\/cerama.cz\/info\/wp-json\/wp\/v2\/types\/post"}],"author":[{"embeddable":true,"href":"https:\/\/cerama.cz\/info\/wp-json\/wp\/v2\/users\/2"}],"replies":[{"embeddable":true,"href":"https:\/\/cerama.cz\/info\/wp-json\/wp\/v2\/comments?post=286"}],"version-history":[{"count":7,"href":"https:\/\/cerama.cz\/info\/wp-json\/wp\/v2\/posts\/286\/revisions"}],"predecessor-version":[{"id":296,"href":"https:\/\/cerama.cz\/info\/wp-json\/wp\/v2\/posts\/286\/revisions\/296"}],"wp:featuredmedia":[{"embeddable":true,"href":"https:\/\/cerama.cz\/info\/wp-json\/wp\/v2\/media\/293"}],"wp:attachment":[{"href":"https:\/\/cerama.cz\/info\/wp-json\/wp\/v2\/media?parent=286"}],"wp:term":[{"taxonomy":"category","embeddable":true,"href":"https:\/\/cerama.cz\/info\/wp-json\/wp\/v2\/categories?post=286"},{"taxonomy":"post_tag","embeddable":true,"href":"https:\/\/cerama.cz\/info\/wp-json\/wp\/v2\/tags?post=286"}],"curies":[{"name":"wp","href":"https:\/\/api.w.org\/{rel}","templated":true}]}}