{"id":315,"date":"2023-10-04T15:47:44","date_gmt":"2023-10-04T13:47:44","guid":{"rendered":"https:\/\/cerama.cz\/info\/?p=315"},"modified":"2023-10-06T14:30:39","modified_gmt":"2023-10-06T12:30:39","slug":"vyber-osvetleni-do-koupelny","status":"publish","type":"post","link":"https:\/\/cerama.cz\/info\/vyber-osvetleni-do-koupelny\/","title":{"rendered":"V\u00fdb\u011br osv\u011btlen\u00ed do koupelny"},"content":{"rendered":"<div id=\"toc_container\" class=\"have_bullets\"><p class=\"toc_title\">Obsah<\/p><ul class=\"toc_list\"><li><a href=\"#Optimalizace_osvetleni_v_koupelne_Predstavujeme_zakladni_pravidla_a_uzitecne_tipy\">Optimalizace osv\u011btlen\u00ed v koupeln\u011b: P\u0159edstavujeme z\u00e1kladn\u00ed pravidla a u\u017eite\u010dn\u00e9 tipy<\/a><\/li><li><a href=\"#Technicke_specifikace\">Technick\u00e9 specifikace<\/a><\/li><li><a href=\"#Rozlozeni_svetel_v_koupelne\">Rozlo\u017een\u00ed sv\u011btel v koupeln\u011b<\/a><\/li><li><a href=\"#Osvetleni_nad_zrcadlem\">Osv\u011btlen\u00ed nad zrcadlem<\/a><\/li><li><a href=\"#Vecerni_osvetleni_koupelny\">Ve\u010dern\u00ed osv\u011btlen\u00ed koupelny<\/a><\/li><li><a href=\"#Prakticke_a_energeticky_ucinne_vypinace\">Praktick\u00e9 a energeticky \u00fa\u010dinn\u00e9 vyp\u00edna\u010de<\/a><\/li><li><a href=\"#Dalsi_svetla\">Dal\u0161\u00ed sv\u011btla<\/a><\/li><\/ul><\/div>\n<h2><span id=\"Optimalizace_osvetleni_v_koupelne_Predstavujeme_zakladni_pravidla_a_uzitecne_tipy\">Optimalizace osv\u011btlen\u00ed v koupeln\u011b: P\u0159edstavujeme z\u00e1kladn\u00ed pravidla a u\u017eite\u010dn\u00e9 tipy<\/span><\/h2>\n<p>P\u0159i za\u0159izov\u00e1n\u00ed koupelny je d\u016fle\u017eit\u00e9 se v\u011bnovat tak\u00e9 v\u00fdb\u011bru a um\u00eds\u0165ov\u00e1n\u00ed sv\u011btel. Tento proces je nejl\u00e9pe za\u010d\u00edt pl\u00e1novat je\u0161t\u011b p\u0159ed p\u0159istoupen\u00edm k renovaci \u010di v\u00fdzdob\u011b interi\u00e9ru. P\u0159edstavujeme V\u00e1m n\u011bkolik tip\u016f, jak na to.<\/p>\n<p>Z\u00e1kladem n\u00e1kupu sv\u011btel do koupelny by m\u011bla b\u00fdt nejen estetika a soulad se stylem interi\u00e9ru, ale zejm\u00e9na d\u016fraz na bezpe\u010dnost. Tak\u017ee, jak\u00e9 osv\u011btlen\u00ed je nejvhodn\u011bj\u0161\u00ed pro koupelnu?<\/p>\n<h2><span id=\"Technicke_specifikace\">Technick\u00e9 specifikace<\/span><\/h2>\n<p>Osv\u011btlen\u00ed do koupelny by m\u011blo b\u00fdt nap\u00e1jeno nap\u011bt\u00edm 12 V a m\u011blo by disponovat vysok\u00fdm stupn\u011bm kryt\u00ed &#8211; IP44 \u010di dokonce IP55. Toto zaji\u0161\u0165uje v\u00fdrazn\u011bj\u0161\u00ed bezpe\u010dnost a minimalizuje rizika p\u0159\u00edpadn\u00e9ho elektrick\u00e9ho \u00farazu. Nev\u00fdhodou takov\u00e9ho osv\u011btlen\u00ed je pot\u0159eba dal\u0161\u00edho vybaven\u00ed ve form\u011b nap\u00e1jec\u00edho zdroje.<\/p>\n<p>Podle platn\u00e9 normy PN-91\/E-05009\/701 by m\u011blo b\u00fdt osv\u011btlen\u00ed um\u00edst\u011bno minim\u00e1ln\u011b 60 cm od vany \u010di sprchov\u00e9ho koutu a minim\u00e1ln\u011b 2,25 m nad podlahou. Co se t\u00fd\u010de p\u0159\u00edkonu sv\u011btla, pro celkov\u00e9 osv\u011btlen\u00ed koupelny o velikosti zhruba 6 m2 by m\u011bla sta\u010dit 75W \u017e\u00e1rovka strategicky um\u00edst\u011bn\u00e1 na strop\u011b. P\u0159i v\u00fdb\u011bru p\u0159\u00edkonu \u017e\u00e1rovky v\u0161ak nezapome\u0148te zohlednit tak\u00e9 dominantn\u00ed barvu v koupeln\u011b. V p\u0159\u00edpad\u011b tmav\u0161\u00edch obklad\u016f by bylo vhodn\u00e9 zvolit \u017e\u00e1rovku s vy\u0161\u0161\u00edm p\u0159\u00edkonem.<\/p>\n<p><img decoding=\"async\" loading=\"lazy\" class=\"aligncenter wp-image-324 size-large\" title=\"Osv\u011btlen\u00ed zrcadlem\" src=\"https:\/\/cerama.cz\/info\/wp-content\/uploads\/2023\/10\/shutterstock_1850396851-1024x683.jpg\" alt=\"Osv\u011btlen\u00ed zrcadlem\" width=\"1024\" height=\"683\" srcset=\"https:\/\/cerama.cz\/info\/wp-content\/uploads\/2023\/10\/shutterstock_1850396851-1024x683.jpg 1024w, https:\/\/cerama.cz\/info\/wp-content\/uploads\/2023\/10\/shutterstock_1850396851-300x200.jpg 300w, https:\/\/cerama.cz\/info\/wp-content\/uploads\/2023\/10\/shutterstock_1850396851-768x513.jpg 768w, https:\/\/cerama.cz\/info\/wp-content\/uploads\/2023\/10\/shutterstock_1850396851-1536x1025.jpg 1536w, https:\/\/cerama.cz\/info\/wp-content\/uploads\/2023\/10\/shutterstock_1850396851-2048x1367.jpg 2048w, https:\/\/cerama.cz\/info\/wp-content\/uploads\/2023\/10\/shutterstock_1850396851-465x310.jpg 465w, https:\/\/cerama.cz\/info\/wp-content\/uploads\/2023\/10\/shutterstock_1850396851-695x464.jpg 695w\" sizes=\"(max-width: 1024px) 100vw, 1024px\" \/><\/p>\n<h2><span id=\"Rozlozeni_svetel_v_koupelne\">Rozlo\u017een\u00ed sv\u011btel v koupeln\u011b<\/span><\/h2>\n<p>S technick\u00fdmi specifikacemi ji\u017e m\u00e1me jasno, nyn\u00ed se poj\u010fme zamyslet nad rozm\u00edst\u011bn\u00edm osv\u011btlen\u00ed tak, aby bylo co nejefektivn\u011bj\u0161\u00ed. R\u00e1no \u010dasto pot\u0159ebujeme jasn\u011bj\u0161\u00ed sv\u011btlo, nap\u0159\u00edklad pro d\u016fkladn\u00e9 oholen\u00ed \u010di nal\u00ed\u010den\u00ed. Ve\u010der ov\u0161em preferujeme m\u011bk\u010d\u00ed, relaxa\u010dn\u00ed sv\u011btlo.<\/p>\n<p>Optim\u00e1ln\u00ed je vybrat n\u011bkolik bod\u016f osv\u011btlen\u00ed rozm\u00edst\u011bn\u00fdch v r\u016fzn\u00fdch \u010d\u00e1stech koupelny. V men\u0161\u00ed koupeln\u011b posta\u010d\u00ed stropn\u00ed sv\u011btlo a dopl\u0148kov\u00e9 lampy u zrcadla. Ve v\u011bt\u0161\u00ed koupeln\u011b m\u016f\u017eeme instalovat stropn\u00ed sv\u011btlo (nap\u0159\u00edklad dva plafony nebo n\u011bkolik halogen\u016f), osv\u011btlen\u00ed zrcadla a p\u0159\u00eddavn\u00e1 n\u00e1st\u011bnn\u00e1 sv\u011btla vedle vany \u010di sprchov\u00e9ho koutu.<\/p>\n<h2><span id=\"Osvetleni_nad_zrcadlem\">Osv\u011btlen\u00ed nad zrcadlem<\/span><\/h2>\n<p>Osv\u011btlen\u00ed nad zrcadlem hraje v koupeln\u011b kl\u00ed\u010dovou roli. Oblast umyvadla se zrcadlem by m\u011bla m\u00edt mo\u017enost dopl\u0148kov\u00e9ho osv\u011btlen\u00ed, krom\u011b sv\u011btla ze stropn\u00edho sv\u00edtidla. Sv\u011btlo kolem zrcadla by m\u011blo b\u00fdt nastaveno tak, aby rovnom\u011brn\u011b osv\u011btlovalo obli\u010dej a nevytv\u00e1\u0159elo st\u00edny.<\/p>\n<p>Nejlep\u0161\u00ed je instalovat osv\u011btlen\u00ed se sklen\u011bn\u00fdmi st\u00ednidly po obou stran\u00e1ch zrcadla (nap\u0159\u00edklad n\u00e1st\u011bnn\u00e1 sv\u011btla s uzav\u0159en\u00fdmi st\u00ednidly a 60W \u017e\u00e1rovkami nebo \u00fasporn\u00e9 z\u00e1\u0159ivky). Takov\u00e9 osv\u011btlen\u00ed m\u016f\u017eete um\u00edstit i nad zrcadlo.<\/p>\n<p><img decoding=\"async\" loading=\"lazy\" class=\"aligncenter wp-image-323\" title=\"Osv\u011btlen\u00ed nad zrcadlem\" src=\"https:\/\/cerama.cz\/info\/wp-content\/uploads\/2023\/10\/shutterstock_1816250159.jpg\" alt=\"Osv\u011btlen\u00ed nad zrcadlem\" width=\"994\" height=\"795\" \/><\/p>\n<h2><span id=\"Vecerni_osvetleni_koupelny\">Ve\u010dern\u00ed osv\u011btlen\u00ed koupelny<\/span><\/h2>\n<p>Sv\u011btlo kolem zrcadla je nej\u010dast\u011bji vyu\u017e\u00edv\u00e1no b\u011bhem aktivn\u00edho dne. Ale co pro relaxa\u010dn\u00ed ve\u010dery? Pro ty je nejlep\u0161\u00ed m\u011bkk\u00e9, atmosf\u00e9rick\u00e9 osv\u011btlen\u00ed koupelny. Mohou to b\u00fdt n\u00e1st\u011bnn\u00e9 lampy s \u00fasporn\u00fdmi ml\u00e9\u010dn\u00fdmi \u017e\u00e1rovkami, um\u00edst\u011bn\u00e9 v bezpe\u010dn\u00e9 vzd\u00e1lenosti od vany nebo sprchy.<\/p>\n<p>V posledn\u00edch letech je tak\u00e9 velmi obl\u00edben\u00e9 instalovat osv\u011btlen\u00ed &#8211; bu\u010f LED, nebo pomoc\u00ed speci\u00e1ln\u00edch z\u00e1\u0159ivek &#8211; pod vanu nebo sprchu. Takov\u00e9 sv\u011btlo, dopln\u011bn\u00e9 t\u0159eba sv\u011btlem sv\u00ed\u010dek, n\u00e1m jist\u011b pom\u016f\u017ee uvolnit se po n\u00e1ro\u010dn\u00e9m dni.<\/p>\n<h2><span id=\"Prakticke_a_energeticky_ucinne_vypinace\">Praktick\u00e9 a energeticky \u00fa\u010dinn\u00e9 vyp\u00edna\u010de<\/span><\/h2>\n<p>Jakmile si vyberete vhodn\u00e9 sv\u011btla do koupelny, nezapome\u0148te se postarat o jejich samostatn\u00e9 vyp\u00edna\u010de. Nejuniverz\u00e1ln\u011bj\u0161\u00ed a nejpou\u017e\u00edvan\u011bj\u0161\u00ed stropn\u00ed sv\u011btlo je nejl\u00e9pe p\u0159ipojit k vyp\u00edna\u010di na st\u011bn\u011b u dve\u0159\u00ed koupelny.<\/p>\n<h2><span id=\"Dalsi_svetla\">Dal\u0161\u00ed sv\u011btla<\/span><\/h2>\n<p>Doporu\u010duji, aby jste zv\u00e1\u017eili samostatn\u00e9 p\u0159ipojen\u00ed dal\u0161\u00edch sv\u011btel, jako jsou z\u00e1\u0159iv\u00e1 sv\u011btla u zrcadla a n\u00e1ladov\u00e1 sv\u011btla u vany \u010di sprchy, k samostatn\u00fdm vyp\u00edna\u010d\u016fm. Toto \u0159e\u0161en\u00ed nab\u00edz\u00ed mo\u017enost zap\u00ednat sv\u011btla pouze v p\u0159\u00edpad\u011b pot\u0159eby, co\u017e je jak praktick\u00e9, tak energeticky \u00fasporn\u00e9.<\/p>\n<hr \/>\n<p><a href=\"https:\/\/cerama.cz\/info\/vyber-osvetleni-do-koupelny\/\"><img decoding=\"async\" loading=\"lazy\" class=\"alignnone\" title=\"V\u00fdb\u011br osv\u011btlen\u00ed do koupelny\" src=\"https:\/\/cerama.cz\/info\/wp-content\/uploads\/2023\/09\/cz.png\" alt=\"V\u00fdb\u011br osv\u011btlen\u00ed do koupelny\" width=\"32\" height=\"21\" \/><\/a> <a href=\"https:\/\/cerama.sk\/informacie\/vyber-osvetlenia-do-kupelne\/\"><img decoding=\"async\" loading=\"lazy\" class=\"alignnone\" title=\"V\u00fdber osvetlenia do k\u00fape\u013ene\" src=\"https:\/\/cerama.cz\/info\/wp-content\/uploads\/2023\/09\/sk.png\" alt=\"V\u00fdber osvetlenia do k\u00fape\u013ene\" width=\"32\" height=\"21\" \/><\/a><\/p>\n","protected":false},"excerpt":{"rendered":"<p>ObsahOptimalizace osv\u011btlen\u00ed v koupeln\u011b: P\u0159edstavujeme z\u00e1kladn\u00ed pravidla a u\u017eite\u010dn\u00e9 tipyTechnick\u00e9 specifikaceRozlo\u017een\u00ed sv\u011btel v koupeln\u011bOsv\u011btlen\u00ed nad zrcadlemVe\u010dern\u00ed osv\u011btlen\u00ed koupelnyPraktick\u00e9 a energeticky \u00fa\u010dinn\u00e9 vyp\u00edna\u010deDal\u0161\u00ed sv\u011btla Optimalizace osv\u011btlen\u00ed v koupeln\u011b: P\u0159edstavujeme z\u00e1kladn\u00ed pravidla a u\u017eite\u010dn\u00e9 tipy P\u0159i za\u0159izov\u00e1n\u00ed koupelny je d\u016fle\u017eit\u00e9 se v\u011bnovat tak\u00e9 v\u00fdb\u011bru a um\u00eds\u0165ov\u00e1n\u00ed sv\u011btel. Tento proces je nejl\u00e9pe za\u010d\u00edt<span class=\"more-link\"><a href=\"https:\/\/cerama.cz\/info\/vyber-osvetleni-do-koupelny\/\">Continue Reading<\/a><\/span><\/p>\n","protected":false},"author":2,"featured_media":325,"comment_status":"closed","ping_status":"open","sticky":false,"template":"","format":"standard","meta":[],"categories":[2],"tags":[],"aioseo_notices":[],"_links":{"self":[{"href":"https:\/\/cerama.cz\/info\/wp-json\/wp\/v2\/posts\/315"}],"collection":[{"href":"https:\/\/cerama.cz\/info\/wp-json\/wp\/v2\/posts"}],"about":[{"href":"https:\/\/cerama.cz\/info\/wp-json\/wp\/v2\/types\/post"}],"author":[{"embeddable":true,"href":"https:\/\/cerama.cz\/info\/wp-json\/wp\/v2\/users\/2"}],"replies":[{"embeddable":true,"href":"https:\/\/cerama.cz\/info\/wp-json\/wp\/v2\/comments?post=315"}],"version-history":[{"count":8,"href":"https:\/\/cerama.cz\/info\/wp-json\/wp\/v2\/posts\/315\/revisions"}],"predecessor-version":[{"id":328,"href":"https:\/\/cerama.cz\/info\/wp-json\/wp\/v2\/posts\/315\/revisions\/328"}],"wp:featuredmedia":[{"embeddable":true,"href":"https:\/\/cerama.cz\/info\/wp-json\/wp\/v2\/media\/325"}],"wp:attachment":[{"href":"https:\/\/cerama.cz\/info\/wp-json\/wp\/v2\/media?parent=315"}],"wp:term":[{"taxonomy":"category","embeddable":true,"href":"https:\/\/cerama.cz\/info\/wp-json\/wp\/v2\/categories?post=315"},{"taxonomy":"post_tag","embeddable":true,"href":"https:\/\/cerama.cz\/info\/wp-json\/wp\/v2\/tags?post=315"}],"curies":[{"name":"wp","href":"https:\/\/api.w.org\/{rel}","templated":true}]}}