{"id":348,"date":"2023-10-10T17:20:20","date_gmt":"2023-10-10T15:20:20","guid":{"rendered":"https:\/\/cerama.cz\/info\/?p=348"},"modified":"2023-10-11T12:31:51","modified_gmt":"2023-10-11T10:31:51","slug":"vetsi-volnost-v-koupelne-se-sprchovym-koutem","status":"publish","type":"post","link":"https:\/\/cerama.cz\/info\/vetsi-volnost-v-koupelne-se-sprchovym-koutem\/","title":{"rendered":"V\u011bt\u0161\u00ed volnost v koupeln\u011b se sprchov\u00fdm koutem"},"content":{"rendered":"<div id=\"toc_container\" class=\"have_bullets\"><p class=\"toc_title\">Obsah<\/p><ul class=\"toc_list\"><li><a href=\"#Sprchovy_kout_v_koupelne_jako_zona_luxusu_a_svobody\">Sprchov\u00fd kout v koupeln\u011b jako z\u00f3na luxusu a svobody<\/a><\/li><li><a href=\"#Sprcha_walk-in_svoboda_pohybu_a_minimalismus_v_jednom\">Sprcha walk-in: svoboda pohybu a minimalismus v jednom<\/a><\/li><li><a href=\"#Hygiena_a_funkcnost_faktory_ktere_rozhoduji\">Hygiena a funk\u010dnost: faktory, kter\u00e9 rozhoduj\u00ed<\/a><\/li><li><a href=\"#Novy_zazitek_ze_sprchovani_s_walk-in\">Nov\u00fd z\u00e1\u017eitek ze sprchov\u00e1n\u00ed s walk-in<\/a><\/li><\/ul><\/div>\n<h2><span id=\"Sprchovy_kout_v_koupelne_jako_zona_luxusu_a_svobody\">Sprchov\u00fd kout v koupeln\u011b jako z\u00f3na luxusu a svobody<\/span><\/h2>\n<p>P\u0159edstavte si tohle: neomezen\u00fd prostor, elegantn\u00ed lesk hladk\u00e9ho skla a pocit naprost\u00e9 svobody. To v\u0161e m\u016f\u017ee nab\u00eddnout koupelna vybaven\u00e1 sprchov\u00fdm koutem, kter\u00e1 se tak m\u011bn\u00ed v va\u0161e vlastn\u00ed intimn\u00ed \u00fato\u010di\u0161t\u011b.<\/p>\n<p>Sprchov\u00fd kout walk-in &#8211; bez dve\u0159\u00ed, ale s voln\u011b stoj\u00edc\u00edmi sklen\u011bn\u00fdmi p\u0159ep\u00e1\u017ekami &#8211; je otev\u0159en\u00fdm pozv\u00e1n\u00edm k relaxaci. M\u016f\u017eete do n\u011bj vstoupit z jedn\u00e9 nebo obou stran a c\u00edtit se naprosto uvoln\u011bn\u011b. Obklopeni pouze vodou a dokonale \u010dir\u00fdm sklem, je to ide\u00e1ln\u00ed volba pro ty, kte\u0159\u00ed oce\u0148uj\u00ed origin\u00e1ln\u00ed design a neobvykl\u00e9 z\u00e1\u017eitky. Star\u0161\u00ed lid\u00e9 a osoby se zdravotn\u00edm omezen\u00edm tak\u00e9 ocen\u00ed snadn\u00fd p\u0159\u00edstup.<\/p>\n<h2><span id=\"Sprcha_walk-in_svoboda_pohybu_a_minimalismus_v_jednom\">Sprcha walk-in: svoboda pohybu a minimalismus v jednom<\/span><\/h2>\n<p>Zapome\u0148te na p\u0159epln\u011bn\u00e9 a st\u00edsn\u011bn\u00e9 koupelny minulosti. Dnes je v m\u00f3d\u011b otev\u0159en\u00fd prostor, kter\u00fd m\u011bn\u00ed koupelnu v luxusn\u00ed wellness koutek, kde vl\u00e1dne sv\u011btlo a svoboda pohybu. Sprchov\u00fd kout walk-in nab\u00edz\u00ed prostorov\u011b efektivn\u00ed design, kter\u00fd je jednoduch\u00fd, ale elegantn\u00ed. Jeho hlavn\u00edmi konstruk\u010dn\u00edmi prvky jsou profily pro mont\u00e1\u017e na st\u011bnu a stabiliza\u010dn\u00ed ty\u010de.<\/p>\n<p>D\u00edky sv\u00e9mu neutr\u00e1ln\u00edmu designu se tento typ sprchov\u00e9ho koutu hod\u00ed jak do modern\u00edch, tak do tradi\u010dn\u011bj\u0161\u00edch koupelen. Minimalistick\u00fd vzhled je skv\u011bl\u00fdm dopl\u0148kem pro modern\u00ed interi\u00e9r, zat\u00edmco v klasick\u00e9 koupeln\u011b p\u016fsob\u00ed nen\u00e1padn\u011b a jemn\u011b ji o\u017eivuje.<\/p>\n<p><img decoding=\"async\" loading=\"lazy\" class=\"aligncenter wp-image-354 size-large\" title=\"Sprcha walk-in\" src=\"https:\/\/cerama.cz\/info\/wp-content\/uploads\/2023\/10\/shutterstock_1869247753-1024x683.jpg\" alt=\"Sprcha walk-in\" width=\"1024\" height=\"683\" srcset=\"https:\/\/cerama.cz\/info\/wp-content\/uploads\/2023\/10\/shutterstock_1869247753-1024x683.jpg 1024w, https:\/\/cerama.cz\/info\/wp-content\/uploads\/2023\/10\/shutterstock_1869247753-300x200.jpg 300w, https:\/\/cerama.cz\/info\/wp-content\/uploads\/2023\/10\/shutterstock_1869247753-768x512.jpg 768w, https:\/\/cerama.cz\/info\/wp-content\/uploads\/2023\/10\/shutterstock_1869247753-1536x1024.jpg 1536w, https:\/\/cerama.cz\/info\/wp-content\/uploads\/2023\/10\/shutterstock_1869247753-2048x1366.jpg 2048w, https:\/\/cerama.cz\/info\/wp-content\/uploads\/2023\/10\/shutterstock_1869247753-465x310.jpg 465w, https:\/\/cerama.cz\/info\/wp-content\/uploads\/2023\/10\/shutterstock_1869247753-695x463.jpg 695w\" sizes=\"(max-width: 1024px) 100vw, 1024px\" \/><\/p>\n<h2><span id=\"Hygiena_a_funkcnost_faktory_ktere_rozhoduji\">Hygiena a funk\u010dnost: faktory, kter\u00e9 rozhoduj\u00ed<\/span><\/h2>\n<p>Pohodl\u00ed a estetick\u00e1 hodnota jsou kl\u00ed\u010dov\u00e9, ale stejn\u011b tak d\u016fle\u017eit\u00e1 je hygiena, kter\u00e1 ur\u010duje celkovou funk\u010dnost va\u0161\u00ed koupelny. Proto doporu\u010dujeme pr\u016fchoz\u00ed kabiny. V\u00fdrobci jako Aquaform a Ko\u0142o pou\u017e\u00edvaj\u00ed speci\u00e1ln\u00ed povrchov\u00e9 \u00fapravy DP Active a Reflex, kter\u00e9 omezuj\u00ed usazov\u00e1n\u00ed ne\u010distot na keramick\u00fdch a sklen\u011bn\u00fdch povr\u0161\u00edch a usnad\u0148uj\u00ed \u00fadr\u017ebu.<\/p>\n<h2><span id=\"Novy_zazitek_ze_sprchovani_s_walk-in\">Nov\u00fd z\u00e1\u017eitek ze sprchov\u00e1n\u00ed s walk-in<\/span><\/h2>\n<p>Ka\u017ed\u00fd z n\u00e1s ocen\u00ed mo\u017enost personalizace vlastn\u00ed koupelny, kde se setk\u00e1v\u00e1me sami se sv\u00fdmi my\u0161lenkami a t\u011blem. V takov\u00e9 z\u00f3n\u011b intimity je pocit svobody a volnosti nesm\u00edrn\u011b d\u016fle\u017eit\u00fd. Pr\u016fchoz\u00ed kabiny nab\u00edz\u00ed zaj\u00edmav\u00fd a pohodln\u00fd zp\u016fsob, jak experimentovat s vyu\u017eit\u00edm osobn\u00edho prostoru. D\u00edky nim m\u016f\u017eete vytvo\u0159it m\u00edsto, kde se m\u016f\u017eete pono\u0159it do iluze de\u0161t\u011b \u010di vodop\u00e1du. Voln\u00e1 cirkulace v hladk\u00e9m a jemn\u00e9m sklen\u011bn\u00e9m prostoru umo\u017e\u0148uje za\u017e\u00edt pot\u011b\u0161en\u00ed z vody pod \u0161ir\u00fdm nebem, ani\u017e byste opustili sv\u016fj domov.<\/p>\n<hr \/>\n<p><a href=\"https:\/\/cerama.cz\/info\/vetsi-volnost-v-koupelne-se-sprchovym-koutem\/\"><img decoding=\"async\" loading=\"lazy\" class=\"alignnone\" title=\"V\u011bt\u0161\u00ed volnost v koupeln\u011b se sprchov\u00fdm koutem\" src=\"https:\/\/cerama.cz\/info\/wp-content\/uploads\/2023\/09\/cz.png\" alt=\"V\u011bt\u0161\u00ed volnost v koupeln\u011b se sprchov\u00fdm koutem\" width=\"32\" height=\"21\" \/><\/a> <a href=\"https:\/\/cerama.sk\/informacie\/viac-volnosti-v-kupelni-so-sprchovacim-kutom\/\"><img decoding=\"async\" loading=\"lazy\" class=\"alignnone\" title=\"Viac vo\u013enosti v k\u00fape\u013eni so sprchovac\u00edm k\u00fatom\" src=\"https:\/\/cerama.cz\/info\/wp-content\/uploads\/2023\/09\/sk.png\" alt=\"Viac vo\u013enosti v k\u00fape\u013eni so sprchovac\u00edm k\u00fatom\" width=\"32\" height=\"21\" \/><\/a><\/p>\n","protected":false},"excerpt":{"rendered":"<p>ObsahSprchov\u00fd kout v koupeln\u011b jako z\u00f3na luxusu a svobodySprcha walk-in: svoboda pohybu a minimalismus v jednomHygiena a funk\u010dnost: faktory, kter\u00e9 rozhoduj\u00edNov\u00fd z\u00e1\u017eitek ze sprchov\u00e1n\u00ed s walk-in Sprchov\u00fd kout v koupeln\u011b jako z\u00f3na luxusu a svobody P\u0159edstavte si tohle: neomezen\u00fd prostor, elegantn\u00ed lesk hladk\u00e9ho skla a pocit naprost\u00e9 svobody. To v\u0161e<span class=\"more-link\"><a href=\"https:\/\/cerama.cz\/info\/vetsi-volnost-v-koupelne-se-sprchovym-koutem\/\">Continue Reading<\/a><\/span><\/p>\n","protected":false},"author":2,"featured_media":355,"comment_status":"closed","ping_status":"open","sticky":false,"template":"","format":"standard","meta":[],"categories":[2],"tags":[],"aioseo_notices":[],"_links":{"self":[{"href":"https:\/\/cerama.cz\/info\/wp-json\/wp\/v2\/posts\/348"}],"collection":[{"href":"https:\/\/cerama.cz\/info\/wp-json\/wp\/v2\/posts"}],"about":[{"href":"https:\/\/cerama.cz\/info\/wp-json\/wp\/v2\/types\/post"}],"author":[{"embeddable":true,"href":"https:\/\/cerama.cz\/info\/wp-json\/wp\/v2\/users\/2"}],"replies":[{"embeddable":true,"href":"https:\/\/cerama.cz\/info\/wp-json\/wp\/v2\/comments?post=348"}],"version-history":[{"count":9,"href":"https:\/\/cerama.cz\/info\/wp-json\/wp\/v2\/posts\/348\/revisions"}],"predecessor-version":[{"id":359,"href":"https:\/\/cerama.cz\/info\/wp-json\/wp\/v2\/posts\/348\/revisions\/359"}],"wp:featuredmedia":[{"embeddable":true,"href":"https:\/\/cerama.cz\/info\/wp-json\/wp\/v2\/media\/355"}],"wp:attachment":[{"href":"https:\/\/cerama.cz\/info\/wp-json\/wp\/v2\/media?parent=348"}],"wp:term":[{"taxonomy":"category","embeddable":true,"href":"https:\/\/cerama.cz\/info\/wp-json\/wp\/v2\/categories?post=348"},{"taxonomy":"post_tag","embeddable":true,"href":"https:\/\/cerama.cz\/info\/wp-json\/wp\/v2\/tags?post=348"}],"curies":[{"name":"wp","href":"https:\/\/api.w.org\/{rel}","templated":true}]}}