{"id":738,"date":"2024-01-23T09:46:43","date_gmt":"2024-01-23T08:46:43","guid":{"rendered":"https:\/\/cerama.cz\/info\/?p=738"},"modified":"2024-02-08T09:17:38","modified_gmt":"2024-02-08T08:17:38","slug":"stul-s-keramickymi-dlazdicemi","status":"publish","type":"post","link":"https:\/\/cerama.cz\/info\/stul-s-keramickymi-dlazdicemi\/","title":{"rendered":"St\u016fl s keramick\u00fdmi dla\u017edicemi"},"content":{"rendered":"<div id=\"toc_container\" class=\"have_bullets\"><p class=\"toc_title\">Obsah<\/p><ul class=\"toc_list\"><li><a href=\"#Stul_z_keramickych_dlazdic_8211_proc_je_to_dobra_volba\">St\u016fl z keramick\u00fdch dla\u017edic &#8211; pro\u010d je to dobr\u00e1 volba?<\/a><\/li><li><a href=\"#Deska_stolu_z_dlazdic_8211_sazka_na_kvalitu\">Deska stolu z dla\u017edic &#8211; s\u00e1zka na kvalitu<\/a><\/li><li><a href=\"#Stul_s_deskou_z_dlazdic_z_kolekce_Impress\">St\u016fl s deskou z dla\u017edic z kolekce Impress<\/a><\/li><li><a href=\"#Stul_s_keramickymi_dlazdicemi_Onice_Bianco_MAT\">St\u016fl s keramick\u00fdmi dla\u017edicemi Onice Bianco MAT<\/a><\/li><li><a href=\"#Konzole_z_dlazdic_z_kolekce_Travertino_MAT\">Konzole z dla\u017edic z kolekce Travertino MAT<\/a><\/li><li><a href=\"#Vysoky_bocni_stolek_s_obklady_z_kolekce_Grand_Cave_Ivory_Lapatto\">Vysok\u00fd bo\u010dn\u00ed stolek s obklady z kolekce Grand Cave Ivory Lapatto<\/a><\/li><\/ul><\/div>\n<p>Ve spole\u010dnosti Tub\u0105dzin m\u00e1me slabost pro netradi\u010dn\u00ed n\u00e1pady! Proto jsme byli nad\u0161eni z iniciativy Katarzyny Szostakowsk\u00e9, zakladatelky designov\u00e9ho ateli\u00e9ru Kate&amp;Co, kter\u00e1 vyu\u017eila na\u0161e velkoform\u00e1tov\u00e9 dla\u017edice <a href=\"https:\/\/cerama.cz\/tubadzin-monolith.html\">Monolith<\/a> k vytvo\u0159en\u00ed unik\u00e1tn\u00edch stolov\u00fdch desek. Pod\u00edvejte se, jak\u00e9 dla\u017edice si pro sv\u00e9 projekty vybrala a obdivujte, jak tyto origin\u00e1ln\u00ed stoly z\u00e1\u0159\u00ed v slavnostn\u011b upraven\u00e9m prost\u0159ed\u00ed!<\/p>\n<h2><span id=\"Stul_z_keramickych_dlazdic_8211_proc_je_to_dobra_volba\">St\u016fl z keramick\u00fdch dla\u017edic &#8211; pro\u010d je to dobr\u00e1 volba?<\/span><\/h2>\n<p>Velkoform\u00e1tov\u00e1 porcel\u00e1nov\u00e1 keramika si v posledn\u00ed dob\u011b nach\u00e1z\u00ed cestu do nov\u00fdch aplikac\u00ed &#8211; ji\u017e ne slou\u017e\u00ed pouze jako obklad podlah \u010di st\u011bn, ale objevuje se tak\u00e9 na n\u00e1bytkov\u00fdch desk\u00e1ch, fas\u00e1d\u00e1ch budov nebo dokonce st\u0159ech\u00e1ch. Tento materi\u00e1l prop\u016fj\u010duje prostoru modern\u00ed a stylov\u00fd vzhled.<\/p>\n<p>St\u016fl s keramickou deskou nab\u00edz\u00ed \u0159adu v\u00fdhod:<\/p>\n<ul>\n<li><strong>Estetika a odolnost<\/strong>: Keramick\u00e9 dla\u017edice jsou vysoce odoln\u00e9, co\u017e zaji\u0161\u0165uje, \u017ee st\u016fl bude dlouhodob\u011b udr\u017eovat sv\u016fj elegantn\u00ed vzhled.<\/li>\n<li><strong>Jednoduch\u00e1 \u00fadr\u017eba<\/strong>: D\u00edky keramice je st\u016fl snadno udr\u017eovateln\u00fd v \u010distot\u011b, sta\u010d\u00ed pou\u017e\u00edt vlhk\u00fd had\u0159\u00edk a jemn\u00fd \u010distic\u00ed prost\u0159edek.<\/li>\n<\/ul>\n<p><img decoding=\"async\" loading=\"lazy\" class=\"aligncenter wp-image-744 size-full\" title=\"St\u016fl z keramick\u00fdch dla\u017edic\" src=\"https:\/\/cerama.cz\/info\/wp-content\/uploads\/2024\/01\/Snimka-obrazovky-2024-01-23-094313.png\" alt=\"St\u016fl z keramick\u00fdch dla\u017edic\" width=\"706\" height=\"556\" srcset=\"https:\/\/cerama.cz\/info\/wp-content\/uploads\/2024\/01\/Snimka-obrazovky-2024-01-23-094313.png 706w, https:\/\/cerama.cz\/info\/wp-content\/uploads\/2024\/01\/Snimka-obrazovky-2024-01-23-094313-300x236.png 300w, https:\/\/cerama.cz\/info\/wp-content\/uploads\/2024\/01\/Snimka-obrazovky-2024-01-23-094313-465x366.png 465w, https:\/\/cerama.cz\/info\/wp-content\/uploads\/2024\/01\/Snimka-obrazovky-2024-01-23-094313-635x500.png 635w\" sizes=\"(max-width: 706px) 100vw, 706px\" \/><\/p>\n<p>Keramick\u00e9 dla\u017edice umo\u017e\u0148uj\u00ed kreativn\u00ed design n\u00e1bytku. D\u00edky nim lze vytv\u00e1\u0159et unik\u00e1tn\u00ed vzory a realizovat origin\u00e1ln\u00ed koncepty stol\u016f, kter\u00e9 se skv\u011ble vyj\u00edmaj\u00ed jak v ka\u017edodenn\u00edm pou\u017e\u00edv\u00e1n\u00ed, tak v r\u00e1mci speci\u00e1ln\u00edch sez\u00f3nn\u00edch aran\u017em\u00e1.<\/p>\n<p>V\u00e1no\u010dn\u00ed stolov\u00e1 dekorace, kterou zde vid\u00edte n\u00ed\u017ee, dost\u00e1v\u00e1 nov\u00fd rozm\u011br d\u00edky kreativn\u00edmu p\u0159\u00edstupu design\u00e9rky Katarzyny Szostakowsk\u00e9 z Polisz Design, kter\u00e1 vyu\u017eila na\u0161e keramick\u00e9 dla\u017edice v netradi\u010dn\u00edm kontextu.<\/p>\n<h2><span id=\"Deska_stolu_z_dlazdic_8211_sazka_na_kvalitu\">Deska stolu z dla\u017edic &#8211; s\u00e1zka na kvalitu<\/span><\/h2>\n<p>P\u0159edstavujeme v\u00e1m n\u011bkolik \u00fachvatn\u00fdch n\u00e1pad\u016f na stoly a konzolov\u00e9 stolky, kter\u00e9 design\u00e9rka realizovala s vyu\u017eit\u00edm dla\u017edic od Tub\u0105dzin.<\/p>\n<h2><span id=\"Stul_s_deskou_z_dlazdic_z_kolekce_Impress\">St\u016fl s deskou z dla\u017edic z kolekce Impress<\/span><\/h2>\n<p>Nejv\u011bt\u0161\u00ed konferen\u010dn\u00ed stolek vytvo\u0159en\u00fd Katarzynou Szostakowskou vyu\u017e\u00edv\u00e1 dla\u017edice z kolekce <a href=\"https:\/\/cerama.cz\/tubadzin-monolith-impress-mat-1198x598-5900199237094.html\">Impress MAT<\/a>. N\u00e1bytek vynik\u00e1 eleganc\u00ed d\u00edky zelen\u00e9 keramice s v\u00fdrazn\u00fdm motivem patagonsk\u00e9ho kvarcitu, co\u017e mu prop\u016fj\u010duje jedine\u010dn\u00fd charakter. D\u00edky inspirativn\u00edmu designu se st\u016fl st\u00e1v\u00e1 centr\u00e1ln\u00edm prvkem ob\u00fdvac\u00edho pokoje a vytv\u00e1\u0159\u00ed p\u0159\u00edjemnou atmosf\u00e9ru pro spole\u010densk\u00e9 setk\u00e1n\u00ed.<\/p>\n<p><img decoding=\"async\" loading=\"lazy\" class=\"aligncenter wp-image-745 size-full\" title=\"Living By Kate &amp; Co, st\u016fl s dla\u017edicemi z kolekce Tub\u0105dzin Impress MAT\" src=\"https:\/\/cerama.cz\/info\/wp-content\/uploads\/2024\/01\/Snimka-obrazovky-2024-01-23-094350.png\" alt=\"Living By Kate &amp; Co, st\u016fl s dla\u017edicemi z kolekce Tub\u0105dzin Impress MAT\" width=\"731\" height=\"621\" \/><\/p>\n<h2><span id=\"Stul_s_keramickymi_dlazdicemi_Onice_Bianco_MAT\">St\u016fl s keramick\u00fdmi dla\u017edicemi Onice Bianco MAT<\/span><\/h2>\n<p>Kulat\u00fd stolek z kolekce <a href=\"https:\/\/cerama.cz\/tubadzin-monolith-onice-bianco-mat-1198x598-5900199227675.html\">Onice Bianco MAT<\/a> kombinuje funk\u010dnost s designem. Sv\u011btl\u00e9 dla\u017edice s elegantn\u00ed povrchovou \u00fapravou jsou perfektn\u00edm dopl\u0148kem tohoto modern\u00edho n\u00e1bytku, vhodn\u00e9ho jako mal\u00fd konferen\u010dn\u00ed nebo odkl\u00e1dac\u00ed stolek.<\/p>\n<p><img decoding=\"async\" loading=\"lazy\" class=\"aligncenter wp-image-746 size-full\" title=\"Living By Kate Co, st\u016fl s obkladem z kolekce Tub\u0105dzin Onice Bianco MAT\" src=\"https:\/\/cerama.cz\/info\/wp-content\/uploads\/2024\/01\/Snimka-obrazovky-2024-01-23-094425.png\" alt=\"Living By Kate Co, st\u016fl s obkladem z kolekce Tub\u0105dzin Onice Bianco MAT\" width=\"711\" height=\"661\" srcset=\"https:\/\/cerama.cz\/info\/wp-content\/uploads\/2024\/01\/Snimka-obrazovky-2024-01-23-094425.png 711w, https:\/\/cerama.cz\/info\/wp-content\/uploads\/2024\/01\/Snimka-obrazovky-2024-01-23-094425-300x279.png 300w, https:\/\/cerama.cz\/info\/wp-content\/uploads\/2024\/01\/Snimka-obrazovky-2024-01-23-094425-465x432.png 465w, https:\/\/cerama.cz\/info\/wp-content\/uploads\/2024\/01\/Snimka-obrazovky-2024-01-23-094425-538x500.png 538w\" sizes=\"(max-width: 711px) 100vw, 711px\" \/><\/p>\n<h2><span id=\"Konzole_z_dlazdic_z_kolekce_Travertino_MAT\">Konzole z dla\u017edic z kolekce Travertino MAT<\/span><\/h2>\n<p>Konzola, neboli bo\u010dn\u00ed dekorativn\u00ed stolek, je dal\u0161\u00edm projektem Katarzyny Szostakowsk\u00e9. Pro jeho realizaci byly pou\u017eity dla\u017edice z kolekce Travertino v matn\u00e9m proveden\u00ed. Tento decentn\u00ed a praktick\u00fd designov\u00fd prvek vn\u00e1\u0161\u00ed do prostoru p\u0159irozenou atmosf\u00e9ru a podtrhuje soulad interi\u00e9ru s p\u0159\u00edrodou.<\/p>\n<p><img decoding=\"async\" loading=\"lazy\" class=\"aligncenter wp-image-747 size-full\" title=\"Living By Kate Co, stolek z dla\u017edic z kolekce Tub\u0105dzin Travertino\" src=\"https:\/\/cerama.cz\/info\/wp-content\/uploads\/2024\/01\/Snimka-obrazovky-2024-01-23-094445.png\" alt=\"Living By Kate Co, stolek z dla\u017edic z kolekce Tub\u0105dzin Travertino\" width=\"732\" height=\"642\" \/><\/p>\n<h2><span id=\"Vysoky_bocni_stolek_s_obklady_z_kolekce_Grand_Cave_Ivory_Lapatto\">Vysok\u00fd bo\u010dn\u00ed stolek s obklady z kolekce Grand Cave Ivory Lapatto<\/span><\/h2>\n<p>Tento nen\u00e1padn\u00fd kus n\u00e1bytku je skv\u011bl\u00fdm dopl\u0148kem modern\u00edho interi\u00e9ru, umo\u017e\u0148uje elegantn\u011b vystavit v\u00e1no\u010dn\u00ed dekorace. Vzor dla\u017edic, inspirovan\u00fd b\u0159idlicovou sk\u00e1lou, je ide\u00e1ln\u00ed pro p\u0159\u00edznivce industri\u00e1ln\u00edho stylu, zat\u00edmco d\u0159evo zbytku stolku zaji\u0161\u0165uje, \u017ee celkov\u00fd dojem nen\u00ed p\u0159\u00edli\u0161 stroh\u00fd.<\/p>\n<p><img decoding=\"async\" loading=\"lazy\" class=\"aligncenter wp-image-748 size-full\" title=\"Living By Kate Co, bo\u010dn\u00ed stolek s obklady z kolekce Tub\u0105dzin Grand Cave\" src=\"https:\/\/cerama.cz\/info\/wp-content\/uploads\/2024\/01\/Snimka-obrazovky-2024-01-23-094503.png\" alt=\"Living By Kate Co, bo\u010dn\u00ed stolek s obklady z kolekce Tub\u0105dzin Grand Cave\" width=\"710\" height=\"586\" srcset=\"https:\/\/cerama.cz\/info\/wp-content\/uploads\/2024\/01\/Snimka-obrazovky-2024-01-23-094503.png 710w, https:\/\/cerama.cz\/info\/wp-content\/uploads\/2024\/01\/Snimka-obrazovky-2024-01-23-094503-300x248.png 300w, https:\/\/cerama.cz\/info\/wp-content\/uploads\/2024\/01\/Snimka-obrazovky-2024-01-23-094503-465x384.png 465w, https:\/\/cerama.cz\/info\/wp-content\/uploads\/2024\/01\/Snimka-obrazovky-2024-01-23-094503-606x500.png 606w\" sizes=\"(max-width: 710px) 100vw, 710px\" \/><\/p>\n<p>Stoly z keramick\u00fdch dla\u017edic, kter\u00e9 jsme zde p\u0159edstavili, jsou jen za\u010d\u00e1tkem sv\u011bta inspirace od Katarzyny Szostakowsk\u00e9 z Polisz Design. Dokazuj\u00ed, \u017ee keramick\u00e9 dla\u017edice <a href=\"https:\/\/cerama.cz\/mark-tubadzin.html\">Tub\u0105dzin<\/a> nejsou jen praktick\u00fdm materi\u00e1lem, ale i zdrojem nekone\u010dn\u00fdch mo\u017enost\u00ed pro um\u011bleck\u00e9 sebevyj\u00e1d\u0159en\u00ed. Nav\u0161tivte Instagram @living_by_kate_co a objevte dal\u0161\u00ed pr\u00e1ce t\u00e9to talentovan\u00e9 design\u00e9rky!<\/p>\n<p>Inspirujte se tak\u00e9 na\u0161\u00edm p\u0159edchoz\u00edm \u010dl\u00e1nkem, <a href=\"https:\/\/cerama.cz\/info\/jak-vybrat-obklady-do-interieru-napady-a-inspirace\/\">jak vybrat obklady do interi\u00e9ru? N\u00e1pady a inspirace.<\/a><\/p>\n<p><em>P\u0159evzato z Tubadzin.pl<\/em><\/p>\n<hr \/>\n<p><a href=\"https:\/\/cerama.cz\/info\/stul-s-keramickymi-dlazdicemi-2\/\"><img decoding=\"async\" loading=\"lazy\" class=\"alignnone\" title=\"St\u016fl s keramick\u00fdmi dla\u017edicemi\" src=\"https:\/\/cerama.cz\/info\/wp-content\/uploads\/2023\/09\/cz.png\" alt=\"St\u016fl s keramick\u00fdmi dla\u017edicemi\" width=\"30\" height=\"20\" \/><\/a> <a href=\"https:\/\/cerama.sk\/informacie\/stol-s-keramickymi-dlazdicami-2\/\"><img decoding=\"async\" loading=\"lazy\" class=\"alignnone\" title=\"St\u00f4l s keramick\u00fdmi dla\u017edicami\" src=\"https:\/\/cerama.cz\/info\/wp-content\/uploads\/2023\/09\/sk.png\" alt=\"St\u00f4l s keramick\u00fdmi dla\u017edicami\" width=\"32\" height=\"21\" \/><\/a><\/p>\n","protected":false},"excerpt":{"rendered":"<p>ObsahSt\u016fl z keramick\u00fdch dla\u017edic &#8211; pro\u010d je to dobr\u00e1 volba?Deska stolu z dla\u017edic &#8211; s\u00e1zka na kvalituSt\u016fl s deskou z dla\u017edic z kolekce ImpressSt\u016fl s keramick\u00fdmi dla\u017edicemi Onice Bianco MATKonzole z dla\u017edic z kolekce Travertino MATVysok\u00fd bo\u010dn\u00ed stolek s obklady z kolekce Grand Cave Ivory Lapatto Ve spole\u010dnosti Tub\u0105dzin m\u00e1me<span class=\"more-link\"><a href=\"https:\/\/cerama.cz\/info\/stul-s-keramickymi-dlazdicemi\/\">Continue Reading<\/a><\/span><\/p>\n","protected":false},"author":2,"featured_media":743,"comment_status":"closed","ping_status":"open","sticky":false,"template":"","format":"standard","meta":[],"categories":[5,4,7],"tags":[],"aioseo_notices":[],"_links":{"self":[{"href":"https:\/\/cerama.cz\/info\/wp-json\/wp\/v2\/posts\/738"}],"collection":[{"href":"https:\/\/cerama.cz\/info\/wp-json\/wp\/v2\/posts"}],"about":[{"href":"https:\/\/cerama.cz\/info\/wp-json\/wp\/v2\/types\/post"}],"author":[{"embeddable":true,"href":"https:\/\/cerama.cz\/info\/wp-json\/wp\/v2\/users\/2"}],"replies":[{"embeddable":true,"href":"https:\/\/cerama.cz\/info\/wp-json\/wp\/v2\/comments?post=738"}],"version-history":[{"count":17,"href":"https:\/\/cerama.cz\/info\/wp-json\/wp\/v2\/posts\/738\/revisions"}],"predecessor-version":[{"id":790,"href":"https:\/\/cerama.cz\/info\/wp-json\/wp\/v2\/posts\/738\/revisions\/790"}],"wp:featuredmedia":[{"embeddable":true,"href":"https:\/\/cerama.cz\/info\/wp-json\/wp\/v2\/media\/743"}],"wp:attachment":[{"href":"https:\/\/cerama.cz\/info\/wp-json\/wp\/v2\/media?parent=738"}],"wp:term":[{"taxonomy":"category","embeddable":true,"href":"https:\/\/cerama.cz\/info\/wp-json\/wp\/v2\/categories?post=738"},{"taxonomy":"post_tag","embeddable":true,"href":"https:\/\/cerama.cz\/info\/wp-json\/wp\/v2\/tags?post=738"}],"curies":[{"name":"wp","href":"https:\/\/api.w.org\/{rel}","templated":true}]}}