{"id":778,"date":"2024-02-07T10:40:10","date_gmt":"2024-02-07T09:40:10","guid":{"rendered":"https:\/\/cerama.cz\/info\/?p=778"},"modified":"2024-02-08T11:03:01","modified_gmt":"2024-02-08T10:03:01","slug":"seda-predsin-vytvorte-tlumeny-a-elegantni-design-pomoci-dlazby","status":"publish","type":"post","link":"https:\/\/cerama.cz\/info\/seda-predsin-vytvorte-tlumeny-a-elegantni-design-pomoci-dlazby\/","title":{"rendered":"\u0160ed\u00e1 p\u0159eds\u00ed\u0148 &#8211; Vytvo\u0159te tlumen\u00fd a elegantn\u00ed design pomoc\u00ed dla\u017eby"},"content":{"rendered":"<div id=\"toc_container\" class=\"have_bullets\"><p class=\"toc_title\">Obsah<\/p><ul class=\"toc_list\"><li><a href=\"#Jake_interierove_styly_doplnuje_seda_predsin\">Jak\u00e9 interi\u00e9rov\u00e9 styly dopl\u0148uje \u0161ed\u00e1 p\u0159eds\u00ed\u0148?<\/a><\/li><li><a href=\"#Zde_jsou_nektere_designove_napady_z_naseho_portfolia\">Zde jsou n\u011bkter\u00e9 designov\u00e9 n\u00e1pady z na\u0161eho portfolia<\/a><\/li><li><a href=\"#Jake_barvy_se_hodi_k_sede_predsini\">Jak\u00e9 barvy se hod\u00ed k \u0161ed\u00e9 p\u0159eds\u00edni?<\/a><\/li><\/ul><\/div>\n<p>Ne\u010dist\u00e9 obuvi, prom\u00e1\u010den\u00e9 de\u0161tn\u00edky, bicykl, mno\u017estv\u00ed ta\u0161ek a kartonov\u00fdch krabic, ka\u017edodenn\u00ed kontakt s r\u016fzn\u00fdmi typy obuvi &#8211; st\u011bny a podlahy v p\u0159eds\u00edni \u010del\u00ed velk\u00fdm v\u00fdzv\u00e1m. K tomu je p\u0159eds\u00ed\u0148 prvn\u00edm m\u00edstem, kter\u00e9 uvid\u00edte, kdy\u017e vstoup\u00edte do domova, a z\u00e1rove\u0148 prvn\u00edm dojmem pro va\u0161e hosty. Vzhledem k podm\u00ednk\u00e1m a pot\u0159eb\u00e1m t\u00e9to m\u00edstnosti se \u0161ed\u00e1 p\u0159eds\u00ed\u0148 jev\u00ed jako jedno z nejprakti\u010dt\u011bj\u0161\u00edch a nejflexibiln\u011bj\u0161\u00edch \u0159e\u0161en\u00ed. Pod\u00edvejme se na d\u016fvody!<\/p>\n<p><img decoding=\"async\" loading=\"lazy\" class=\"aligncenter wp-image-786 size-full\" title=\"\u0160ed\u00e1 st\u011bna\" src=\"https:\/\/cerama.cz\/info\/wp-content\/uploads\/2024\/02\/Snimka-obrazovky-2024-02-07-182311.png\" alt=\"\u0160ed\u00e1 st\u011bna\" width=\"670\" height=\"661\" srcset=\"https:\/\/cerama.cz\/info\/wp-content\/uploads\/2024\/02\/Snimka-obrazovky-2024-02-07-182311.png 670w, https:\/\/cerama.cz\/info\/wp-content\/uploads\/2024\/02\/Snimka-obrazovky-2024-02-07-182311-300x296.png 300w, https:\/\/cerama.cz\/info\/wp-content\/uploads\/2024\/02\/Snimka-obrazovky-2024-02-07-182311-465x459.png 465w, https:\/\/cerama.cz\/info\/wp-content\/uploads\/2024\/02\/Snimka-obrazovky-2024-02-07-182311-507x500.png 507w\" sizes=\"(max-width: 670px) 100vw, 670px\" \/><\/p>\n<p>Za\u010dn\u011bme t\u00edm, \u017ee se zam\u011b\u0159\u00edme v\u00fdhradn\u011b na porcel\u00e1novou kameninu. Jsme p\u0159esv\u011bd\u010deni, \u017ee pr\u00e1v\u011b <a href=\"https:\/\/cerama.cz\/info\/zjistete-5-hlavnich-vyhod-porcelanove-kameniny-do-predsine\/\">porcel\u00e1nov\u00e1 kamenina je v p\u0159eds\u00edni<\/a> absolutn\u00edm \u0161ampionem v kombinaci designu a funk\u010dnosti, kter\u00fd vydr\u017e\u00ed esteticky i prakticky po mnoho let.<\/p>\n<h2><span id=\"Jake_interierove_styly_doplnuje_seda_predsin\">Jak\u00e9 interi\u00e9rov\u00e9 styly dopl\u0148uje \u0161ed\u00e1 p\u0159eds\u00ed\u0148?<\/span><\/h2>\n<p>V\u00fdbornou zpr\u00e1vou je, \u017ee \u0161ed\u00e1 barva je mimo\u0159\u00e1dn\u011b univerz\u00e1ln\u00ed a snadno se integruje do r\u016fzn\u00fdch designov\u00fdch styl\u016f. A\u0165 u\u017e m\u00e1te r\u00e1di tradi\u010dn\u00ed d\u0159ev\u011bn\u00fd styl, glamour, boho \u010di n\u00e1mo\u0159nick\u00fd dekor, \u0161ed\u00e1 p\u0159eds\u00ed\u0148 se hod\u00ed v\u0161ude. Tato barva, symbolizuj\u00edc\u00ed rovnov\u00e1hu a klid, se stane perfektn\u00edm pozad\u00edm pro jak\u00e9koli dal\u0161\u00ed barvy.<\/p>\n<p><img decoding=\"async\" loading=\"lazy\" class=\"aligncenter wp-image-787 size-full\" title=\"Siv\u00fd pokoj\" src=\"https:\/\/cerama.cz\/info\/wp-content\/uploads\/2024\/02\/Snimka-obrazovky-2024-02-07-182337.png\" alt=\"Siv\u00fd pokoj\" width=\"1323\" height=\"780\" srcset=\"https:\/\/cerama.cz\/info\/wp-content\/uploads\/2024\/02\/Snimka-obrazovky-2024-02-07-182337.png 1323w, https:\/\/cerama.cz\/info\/wp-content\/uploads\/2024\/02\/Snimka-obrazovky-2024-02-07-182337-300x177.png 300w, https:\/\/cerama.cz\/info\/wp-content\/uploads\/2024\/02\/Snimka-obrazovky-2024-02-07-182337-1024x604.png 1024w, https:\/\/cerama.cz\/info\/wp-content\/uploads\/2024\/02\/Snimka-obrazovky-2024-02-07-182337-768x453.png 768w, https:\/\/cerama.cz\/info\/wp-content\/uploads\/2024\/02\/Snimka-obrazovky-2024-02-07-182337-460x270.png 460w, https:\/\/cerama.cz\/info\/wp-content\/uploads\/2024\/02\/Snimka-obrazovky-2024-02-07-182337-465x274.png 465w, https:\/\/cerama.cz\/info\/wp-content\/uploads\/2024\/02\/Snimka-obrazovky-2024-02-07-182337-695x410.png 695w\" sizes=\"(max-width: 1323px) 100vw, 1323px\" \/><\/p>\n<p><strong>\u0160ed\u00e1 p\u0159eds\u00ed\u0148: Inspirace<\/strong><\/p>\n<p>Charakter \u0161ed\u00e9 barvy se odv\u00edj\u00ed od jej\u00ed inspirace, co\u017e m\u016f\u017ee ovlivnit jej\u00ed odst\u00edn, barvu \u010di texturu. Je d\u016fle\u017eit\u00e9 rozhodnout, zda chcete, aby \u0161ed\u00e1 dominovala, nebo sp\u00ed\u0161e dopl\u0148ovala jin\u00e9 barvy, nap\u0159\u00edklad b\u00edlou.<\/p>\n<h2><span id=\"Zde_jsou_nektere_designove_napady_z_naseho_portfolia\">Zde jsou n\u011bkter\u00e9 designov\u00e9 n\u00e1pady z na\u0161eho portfolia<\/span><\/h2>\n<p><strong>M\u011bstsk\u00fd beton<\/strong><\/p>\n<p>Pokud m\u00e1te r\u00e1di m\u011bstsk\u00fd a postindustri\u00e1ln\u00ed styl, keramick\u00e9 obklady inspirovan\u00e9 betonem jsou pro v\u00e1s ide\u00e1ln\u00ed volbou. Jejich nerovnom\u011brn\u00e1 struktura p\u0159id\u00e1 va\u0161emu interi\u00e9ru na zaj\u00edmavosti. P\u0159\u00edkladem m\u016f\u017ee b\u00fdt <a href=\"https:\/\/cerama.cz\/tubadzin-monolith-epoxy-graphite-2-1198x1198-5900199198357.html\">kolekce Epoxy od Monolith<\/a>, kter\u00e1 se d\u00edky velk\u00e9mu form\u00e1tu obklad\u016f vyh\u00fdb\u00e1 nadm\u011brn\u00e9mu mno\u017estv\u00ed sp\u00e1rovac\u00ed hmoty, usnad\u0148uj\u00edc\u00ed \u00fadr\u017ebu v tak frekventovan\u00e9m prostoru jako je chodba.<\/p>\n<p><strong>Odoln\u00fd k\u00e1men<\/strong><\/p>\n<p>K\u00e1men, symbol p\u0159\u00edrody, odolnosti, dlouhov\u011bkosti a pevnosti, je ide\u00e1ln\u00ed volbou pro p\u0159eds\u00ed\u0148. Design dla\u017eby inspirovan\u00fd kamenem zajist\u00ed, \u017ee va\u0161e p\u0159eds\u00ed\u0148 bude na hosty p\u016fsobit ohromuj\u00edc\u00edm dojmem ji\u017e od prvn\u00edho kroku.<\/p>\n<p><strong>B\u00edl\u00e1 a \u0161ed\u00e1 p\u0159eds\u00ed\u0148<\/strong><\/p>\n<p>Kombinace \u0161ed\u00e9 a b\u00edl\u00e9 m\u016f\u017ee b\u00fdt velmi elegantn\u00ed a nad\u010dasov\u00e1, zvl\u00e1\u0161t\u011b s keramick\u00fdmi obklady inspirovan\u00fdmi mramorem z <a href=\"https:\/\/cerama.cz\/tubadzin-monolith-pietrasanta-mat-798x798-5900199236127.html\">kolekc\u00ed Pietrasanta<\/a> nebo Speccio Carrara, kter\u00e9 se vyzna\u010duj\u00ed vzorem \u0161ed\u00fdch \u017eilek. Pro v\u011bt\u0161\u00ed dominance \u0161ed\u00e9 lze zvolit kolekci Speccio Carrara, kter\u00e1 v kombinaci s tmav\u00fdmi barvami dod\u00e1 interi\u00e9ru hloubku a jedine\u010dnost.<\/p>\n<p><img decoding=\"async\" loading=\"lazy\" class=\"aligncenter wp-image-788 size-full\" title=\"B\u00edl\u00e1 a \u0161ed\u00e1 p\u0159eds\u00ed\u0148\" src=\"https:\/\/cerama.cz\/info\/wp-content\/uploads\/2024\/02\/Snimka-obrazovky-2024-02-07-182430.png\" alt=\"B\u00edl\u00e1 a \u0161ed\u00e1 p\u0159eds\u00ed\u0148\" width=\"731\" height=\"814\" srcset=\"https:\/\/cerama.cz\/info\/wp-content\/uploads\/2024\/02\/Snimka-obrazovky-2024-02-07-182430.png 731w, https:\/\/cerama.cz\/info\/wp-content\/uploads\/2024\/02\/Snimka-obrazovky-2024-02-07-182430-269x300.png 269w, https:\/\/cerama.cz\/info\/wp-content\/uploads\/2024\/02\/Snimka-obrazovky-2024-02-07-182430-465x518.png 465w, https:\/\/cerama.cz\/info\/wp-content\/uploads\/2024\/02\/Snimka-obrazovky-2024-02-07-182430-449x500.png 449w\" sizes=\"(max-width: 731px) 100vw, 731px\" \/><\/p>\n<h2><span id=\"Jake_barvy_se_hodi_k_sede_predsini\">Jak\u00e9 barvy se hod\u00ed k \u0161ed\u00e9 p\u0159eds\u00edni?<\/span><\/h2>\n<p>\u0160ed\u00e1 barva v p\u0159eds\u00edni se skv\u011ble dopl\u0148uje s dal\u0161\u00edmi barvami, nab\u00edzej\u00edc\u00ed \u0161irokou paletu mo\u017enost\u00ed pro barevn\u00e9 akcenty.<\/p>\n<p><strong>M\u016f\u017eete zvolit nap\u0159\u00edklad:<\/strong><\/p>\n<ul>\n<li>Tmav\u011b lahvov\u011b zelenou pro kr\u00e1sn\u00fd kontrast mezi m\u011bstem a p\u0159\u00edrodou.<\/li>\n<li>Neonov\u00e9 dopl\u0148ky pro o\u017eiven\u00ed prostoru \u0161\u0165avnat\u00fdmi barvami.<\/li>\n<li>Pastelov\u00e9 barvy pro zjemn\u011bn\u00ed a zateplen\u00ed atmosf\u00e9ry.<\/li>\n<li>Obklady p\u0159ipom\u00ednaj\u00edc\u00ed d\u0159evo, proto\u017ee sv\u011bt se skl\u00e1d\u00e1 z protiklad\u016f.<\/li>\n<\/ul>\n<p><img decoding=\"async\" loading=\"lazy\" class=\"aligncenter wp-image-789 size-full\" title=\"Dopl\u0148ky v p\u0159eds\u00edni\" src=\"https:\/\/cerama.cz\/info\/wp-content\/uploads\/2024\/02\/Snimka-obrazovky-2024-02-07-182504.png\" alt=\"Dopl\u0148ky v p\u0159eds\u00edni\" width=\"646\" height=\"403\" srcset=\"https:\/\/cerama.cz\/info\/wp-content\/uploads\/2024\/02\/Snimka-obrazovky-2024-02-07-182504.png 646w, https:\/\/cerama.cz\/info\/wp-content\/uploads\/2024\/02\/Snimka-obrazovky-2024-02-07-182504-300x187.png 300w, https:\/\/cerama.cz\/info\/wp-content\/uploads\/2024\/02\/Snimka-obrazovky-2024-02-07-182504-465x290.png 465w\" sizes=\"(max-width: 646px) 100vw, 646px\" \/><\/p>\n<p>&nbsp;<\/p>\n<p><em>P\u0159evzato z Tubadzin.pl<\/em><\/p>\n<hr \/>\n<p><a href=\"https:\/\/cerama.cz\/info\/seda-predsin-vytvorte-tlumeny-a-elegantni-design-pomoci-dlazby\/\"><img decoding=\"async\" loading=\"lazy\" class=\"alignnone\" title=\"\u0160ed\u00e1 p\u0159eds\u00ed\u0148 \u2013 Vytvo\u0159te tlumen\u00fd a elegantn\u00ed design pomoc\u00ed dla\u017eby\" src=\"https:\/\/cerama.cz\/info\/wp-content\/uploads\/2023\/09\/cz.png\" alt=\"\u0160ed\u00e1 p\u0159eds\u00ed\u0148 \u2013 Vytvo\u0159te tlumen\u00fd a elegantn\u00ed design pomoc\u00ed dla\u017eby\" width=\"30\" height=\"20\" \/><\/a> <a href=\"https:\/\/cerama.sk\/informacie\/siva-predsien-vytvorte-tlmeny-a-elegantny-dizajn-pomocou-dlazby\/\"><img decoding=\"async\" loading=\"lazy\" class=\"alignnone\" title=\"Siv\u00e1 predsie\u0148 \u2013 Vytvorte tlmen\u00fd a elegantn\u00fd dizajn pomocou dla\u017eby\" src=\"https:\/\/cerama.cz\/info\/wp-content\/uploads\/2023\/09\/sk.png\" alt=\"Siv\u00e1 predsie\u0148 \u2013 Vytvorte tlmen\u00fd a elegantn\u00fd dizajn pomocou dla\u017eby\" width=\"32\" height=\"21\" \/><\/a><\/p>\n","protected":false},"excerpt":{"rendered":"<p>ObsahJak\u00e9 interi\u00e9rov\u00e9 styly dopl\u0148uje \u0161ed\u00e1 p\u0159eds\u00ed\u0148?Zde jsou n\u011bkter\u00e9 designov\u00e9 n\u00e1pady z na\u0161eho portfoliaJak\u00e9 barvy se hod\u00ed k \u0161ed\u00e9 p\u0159eds\u00edni? Ne\u010dist\u00e9 obuvi, prom\u00e1\u010den\u00e9 de\u0161tn\u00edky, bicykl, mno\u017estv\u00ed ta\u0161ek a kartonov\u00fdch krabic, ka\u017edodenn\u00ed kontakt s r\u016fzn\u00fdmi typy obuvi &#8211; st\u011bny a podlahy v p\u0159eds\u00edni \u010del\u00ed velk\u00fdm v\u00fdzv\u00e1m. K tomu je p\u0159eds\u00ed\u0148 prvn\u00edm m\u00edstem,<span class=\"more-link\"><a href=\"https:\/\/cerama.cz\/info\/seda-predsin-vytvorte-tlumeny-a-elegantni-design-pomoci-dlazby\/\">Continue Reading<\/a><\/span><\/p>\n","protected":false},"author":2,"featured_media":785,"comment_status":"closed","ping_status":"open","sticky":false,"template":"","format":"standard","meta":[],"categories":[5,4,7],"tags":[],"aioseo_notices":[],"_links":{"self":[{"href":"https:\/\/cerama.cz\/info\/wp-json\/wp\/v2\/posts\/778"}],"collection":[{"href":"https:\/\/cerama.cz\/info\/wp-json\/wp\/v2\/posts"}],"about":[{"href":"https:\/\/cerama.cz\/info\/wp-json\/wp\/v2\/types\/post"}],"author":[{"embeddable":true,"href":"https:\/\/cerama.cz\/info\/wp-json\/wp\/v2\/users\/2"}],"replies":[{"embeddable":true,"href":"https:\/\/cerama.cz\/info\/wp-json\/wp\/v2\/comments?post=778"}],"version-history":[{"count":10,"href":"https:\/\/cerama.cz\/info\/wp-json\/wp\/v2\/posts\/778\/revisions"}],"predecessor-version":[{"id":795,"href":"https:\/\/cerama.cz\/info\/wp-json\/wp\/v2\/posts\/778\/revisions\/795"}],"wp:featuredmedia":[{"embeddable":true,"href":"https:\/\/cerama.cz\/info\/wp-json\/wp\/v2\/media\/785"}],"wp:attachment":[{"href":"https:\/\/cerama.cz\/info\/wp-json\/wp\/v2\/media?parent=778"}],"wp:term":[{"taxonomy":"category","embeddable":true,"href":"https:\/\/cerama.cz\/info\/wp-json\/wp\/v2\/categories?post=778"},{"taxonomy":"post_tag","embeddable":true,"href":"https:\/\/cerama.cz\/info\/wp-json\/wp\/v2\/tags?post=778"}],"curies":[{"name":"wp","href":"https:\/\/api.w.org\/{rel}","templated":true}]}}