{"id":796,"date":"2024-02-08T11:16:44","date_gmt":"2024-02-08T10:16:44","guid":{"rendered":"https:\/\/cerama.cz\/info\/?p=796"},"modified":"2024-02-08T17:47:08","modified_gmt":"2024-02-08T16:47:08","slug":"co-je-na-stene-v-predsini-obklady-ktere-delaji-dojem","status":"publish","type":"post","link":"https:\/\/cerama.cz\/info\/co-je-na-stene-v-predsini-obklady-ktere-delaji-dojem\/","title":{"rendered":"Co je na st\u011bn\u011b v p\u0159eds\u00edni? Obklady, kter\u00e9 d\u011blaj\u00ed dojem"},"content":{"rendered":"<div id=\"toc_container\" class=\"have_bullets\"><p class=\"toc_title\">Obsah<\/p><ul class=\"toc_list\"><li><a href=\"#Obklad_na_stenu_v_predsini_8211_proc_je_to_mimoradne_funkcni_reseni\">Obklad na st\u011bnu v p\u0159eds\u00edni &#8211; pro\u010d je to mimo\u0159\u00e1dn\u011b funk\u010dn\u00ed \u0159e\u0161en\u00ed?<\/a><\/li><li><a href=\"#Jakou_dlazbu_si_vybrat_na_stenu_v_predsini\">Jakou dla\u017ebu si vybrat na st\u011bnu v p\u0159eds\u00edni?<\/a><\/li><li><a href=\"#Svetle_obklady_na_stenu_v_predsini\">Sv\u011btl\u00e9 obklady na st\u011bnu v p\u0159eds\u00edni<\/a><\/li><li><a href=\"#Co_se_nosi_na_stene_v_predsini_8211_tmavy_design_pro_odvazne\">Co se nos\u00ed na st\u011bn\u011b v p\u0159eds\u00edni &#8211; tmav\u00fd design pro odv\u00e1\u017en\u00e9<\/a><\/li><li><a href=\"#Barevna_a_vzorovana_dlazba_na_stenu_v_predsini\">Barevn\u00e1 a vzorovan\u00e1 dla\u017eba na st\u011bnu v p\u0159eds\u00edni<\/a><\/li><li><a href=\"#Porcelanova_dlazba_inspirovana_drevem_na_stenu_v_predsini\">Porcel\u00e1nov\u00e1 dla\u017eba inspirovan\u00e1 d\u0159evem na st\u011bnu v p\u0159eds\u00edni<\/a><\/li><\/ul><\/div>\n<p>Post\u0159\u00edkan\u00e1, po\u0161kr\u00e1ban\u00e1, \u0161pinav\u00e1 &#8211; takto m\u016f\u017ee vypadat st\u011bna v p\u0159eds\u00edni i po kr\u00e1tk\u00e9 dob\u011b pou\u017e\u00edv\u00e1n\u00ed. Nicm\u00e9n\u011b, nemus\u00ed to tak b\u00fdt! Sta\u010d\u00ed si vybrat povrchovou \u00fapravu st\u011bny v p\u0159eds\u00edni, kter\u00e1 je odoln\u00e1 v\u016f\u010di po\u0161kozen\u00ed zp\u016fsoben\u00e9mu mimo jin\u00e9 nep\u0159\u00edzniv\u00fdmi podm\u00ednkami v m\u00edstnosti. A to se vyplat\u00ed &#8211; p\u0159eds\u00ed\u0148 je p\u0159ece v\u00fdstavn\u00ed sk\u0159\u00ed\u0148 va\u0161eho domova! Pod\u00edvejte se, jak\u00e9 obklady vybrat na st\u011bnu v p\u0159eds\u00edni, abyste ohromili v\u00fdsledkem!<\/p>\n<p>Mo\u017en\u00e1 si mysl\u00edte, \u017ee porcel\u00e1nov\u00e1 dla\u017eba v p\u0159eds\u00edni je vhodn\u00e1 jen na podlahu. Ukazuje se v\u0161ak, \u017ee porcel\u00e1nov\u00e1 dla\u017eba na st\u011bn\u011b v p\u0159eds\u00edni je fantastick\u00fdm \u0159e\u0161en\u00edm. Nejen\u017ee v\u00e1m poskytne plnou funk\u010dnost prostoru, ale i po letech bude vypadat stejn\u011b kr\u00e1sn\u011b jako v prvn\u00ed den po instalaci. Neubl\u00ed\u017e\u00ed j\u00ed stopy po bl\u00e1t\u011b ani voda kapaj\u00edc\u00ed z oble\u010den\u00ed. Proto, pokud pr\u00e1v\u011b p\u0159em\u00fd\u0161l\u00edte, co d\u00e1t na st\u011bnu v p\u0159eds\u00edni, aby jste ji ochr\u00e1nili p\u0159ed po\u0161kozen\u00edm, p\u0159in\u00e1\u0161\u00edme v\u00e1m n\u011bkolik skute\u010dn\u011b zaj\u00edmav\u00fdch n\u00e1vrh\u016f. V\u0161echny jsou nad\u010dasov\u00e9 a z\u00e1rove\u0148 trendy!<\/p>\n<h2><span id=\"Obklad_na_stenu_v_predsini_8211_proc_je_to_mimoradne_funkcni_reseni\">Obklad na st\u011bnu v p\u0159eds\u00edni &#8211; pro\u010d je to mimo\u0159\u00e1dn\u011b funk\u010dn\u00ed \u0159e\u0161en\u00ed?<\/span><\/h2>\n<p>Obklady do p\u0159eds\u00edn\u011b na st\u011bnu v sob\u011b spojuj\u00ed praktick\u00e9 a estetick\u00e9 hledisko. Krom\u011b toho dob\u0159e funguj\u00ed, pokud hled\u00e1te n\u00e1pad do \u00fazk\u00e9 chodby. Pokud si vyberete nap\u0159\u00edklad sv\u011btl\u00e9 velkoform\u00e1tov\u00e9 dla\u017edice, sn\u00ed\u017e\u00edte t\u00edm po\u010det \u0161v\u016f a vytvo\u0159\u00edte t\u00e9m\u011b\u0159 hladk\u00fd povrch, kter\u00fd kr\u00e1sn\u011b rozjasn\u00ed interi\u00e9r.<\/p>\n<p style=\"padding-left: 40px\"><strong>1.Odolnost a trvanlivost<\/strong><\/p>\n<p style=\"padding-left: 40px\">Vstupujete do bytu, rychle si vyzujete boty, kter\u00e9 se m\u00edrn\u011b odraz\u00ed od st\u011bny. Vnesete kolo a op\u0159ete ho o st\u011bnu. Slo\u017e\u00edte si vlhkou bundu, proto\u017ee p\u0159ed chv\u00edl\u00ed pr\u0161elo. Vr\u00e1t\u00edte se z n\u00e1kupu a odlo\u017e\u00edte mno\u017estv\u00ed ta\u0161ek a op\u0159ete je o st\u011bnu. V\u00fdsledek &#8211; \u0161mouhy, \u0161p\u00edna a \u0161kr\u00e1bance viditeln\u00e9 na st\u011bn\u011b. Tomuto se m\u016f\u017eete vyhnout, pokud se rozhodnete pro obklada\u010dky na st\u011bn\u011b v p\u0159eds\u00edni. Porcel\u00e1nov\u00e1 dla\u017eba je odoln\u00e1 v\u016f\u010di vod\u011b a po\u0161kr\u00e1b\u00e1n\u00ed, tak\u017ee va\u0161e chodba bude v\u017edy vypadat bezchybn\u011b.<\/p>\n<p style=\"padding-left: 40px\"><strong>2.Snadno se \u010dist\u00ed<\/strong><\/p>\n<p style=\"padding-left: 40px\">Odolnost v\u016f\u010di po\u0161kr\u00e1b\u00e1n\u00ed v\u0161ak nezaru\u010duje trvalou \u010distotu. Nakonec i zabl\u00e1cen\u00e1 bota zanech\u00e1 na porcel\u00e1nov\u00e9 dla\u017eb\u011b sv\u00e9 stopy. Co potom? Sta\u010d\u00ed vlhk\u00fd had\u0159\u00edk a jemn\u00fd \u010distic\u00ed prost\u0159edek, aby dla\u017eba v p\u0159eds\u00edni vypadala jako nov\u00e1.<\/p>\n<p style=\"padding-left: 40px\"><strong>3.Rozmanitost<\/strong><\/p>\n<p style=\"padding-left: 40px\">Ka\u017ed\u00e1 p\u0159eds\u00ed\u0148 je jin\u00e1 a to, co funguje v jedn\u00e9 dom\u00e1cnosti, nemus\u00ed nutn\u011b platit v jin\u00e9. Na\u0161t\u011bst\u00ed, s na\u0161imi kolekcemi porcel\u00e1nov\u00fdch dla\u017edic m\u00e1te na v\u00fdb\u011br opravdu \u0161irokou \u0161k\u00e1lu. Najdete zde hladk\u00e9 a matn\u00e9 dla\u017edice, jako\u017e i vzorovan\u00e9 a leskl\u00e9. Krom\u011b toho v\u011bnujeme velkou pozornost r\u016fzn\u00fdm form\u00e1t\u016fm nab\u00edzen\u00fdch kolekc\u00ed, abyste si mohli vybrat ten, kter\u00fd se v\u00e1m bude nejv\u00edce hodit ve va\u0161\u00ed chodb\u011b.<\/p>\n<h2><span id=\"Jakou_dlazbu_si_vybrat_na_stenu_v_predsini\">Jakou dla\u017ebu si vybrat na st\u011bnu v p\u0159eds\u00edni?<\/span><\/h2>\n<p>Nyn\u00ed, kdy\u017e u\u017e v\u00edte, pro\u010d byste si m\u011bli vybrat obklada\u010dky na st\u011bnu v p\u0159eds\u00edni, pod\u00edvejte se na na\u0161e n\u00e1pady na obklada\u010dky. P\u0159eds\u00ed\u0148 si zaslou\u017e\u00ed jedine\u010dn\u00e9 prost\u0159ed\u00ed. \u00dapravy, kter\u00e9 navrhujeme, jsou zalo\u017een\u00e9 na zaj\u00edmav\u00e9 barv\u011b, neobvykl\u00e9m materi\u00e1lu a zaj\u00edmav\u00e9 struktu\u0159e.<\/p>\n<p><img decoding=\"async\" loading=\"lazy\" class=\"aligncenter wp-image-806 size-full\" src=\"https:\/\/cerama.cz\/info\/wp-content\/uploads\/2024\/02\/Snimka-obrazovky-2024-02-08-164417.png\" alt=\"Co je na st\u011bn\u011b v p\u0159eds\u00edni?\" width=\"601\" height=\"430\" srcset=\"https:\/\/cerama.cz\/info\/wp-content\/uploads\/2024\/02\/Snimka-obrazovky-2024-02-08-164417.png 601w, https:\/\/cerama.cz\/info\/wp-content\/uploads\/2024\/02\/Snimka-obrazovky-2024-02-08-164417-300x215.png 300w, https:\/\/cerama.cz\/info\/wp-content\/uploads\/2024\/02\/Snimka-obrazovky-2024-02-08-164417-465x333.png 465w\" sizes=\"(max-width: 601px) 100vw, 601px\" \/><\/p>\n<h2><span id=\"Svetle_obklady_na_stenu_v_predsini\">Sv\u011btl\u00e9 obklady na st\u011bnu v p\u0159eds\u00edni<\/span><\/h2>\n<p>Rozjasn\u00ed, opticky zv\u011bt\u0161\u00ed a vytvo\u0159\u00ed lehk\u00fd a le\u017e\u00e9rn\u00ed design interi\u00e9ru. Takto p\u016fsob\u00ed sv\u011btl\u00e9 barvy v m\u00edstnostech. Proto se vyb\u00edraj\u00ed nap\u0159\u00edklad do mal\u00fdch nebo m\u00e9n\u011b osv\u011btlen\u00fdch interi\u00e9r\u016f.<\/p>\n<p>V na\u0161em portfoliu najdete mno\u017estv\u00ed sv\u011btl\u00fdch obklad\u016f na st\u011bnu do p\u0159eds\u00edn\u011b a nejen na ni. Na jedn\u00e9 stran\u011b si m\u016f\u017eete vybrat z pastelov\u00fdch, hladk\u00fdch a velkoform\u00e1tov\u00fdch porcel\u00e1nov\u00fdch obklad\u016f z <a href=\"https:\/\/cerama.cz\/tubadzin-monolith-cielo-e-terra-beige-mat-1198x598-5900199206885.html\">kolekce Cielo e Terra<\/a>, kterou vytvo\u0159ila design\u00e9rka Dorota Koziara. Tepl\u00e9 obklady inspirovan\u00e9 p\u0159\u00edrodou se budou dob\u0159e vyj\u00edmat v p\u0159eds\u00edni a plynule dopln\u00ed dekor ostatn\u00edch m\u00edstnost\u00ed.<\/p>\n<p><img decoding=\"async\" loading=\"lazy\" class=\"aligncenter wp-image-808 size-full\" title=\"Sv\u011btl\u00e9 obklady\" src=\"https:\/\/cerama.cz\/info\/wp-content\/uploads\/2024\/02\/Snimka-obrazovky-2024-02-08-170028.png\" alt=\"Sv\u011btl\u00e9 obklady\" width=\"675\" height=\"441\" srcset=\"https:\/\/cerama.cz\/info\/wp-content\/uploads\/2024\/02\/Snimka-obrazovky-2024-02-08-170028.png 675w, https:\/\/cerama.cz\/info\/wp-content\/uploads\/2024\/02\/Snimka-obrazovky-2024-02-08-170028-300x196.png 300w, https:\/\/cerama.cz\/info\/wp-content\/uploads\/2024\/02\/Snimka-obrazovky-2024-02-08-170028-465x304.png 465w\" sizes=\"(max-width: 675px) 100vw, 675px\" \/><\/p>\n<p>Dal\u0161\u00edm n\u00e1vrhem, kter\u00fd pat\u0159\u00ed do kategorie glamour, jsou velkoform\u00e1tov\u00e9 kameninov\u00e9 obklady z <a href=\"https:\/\/cerama.cz\/tubadzin-monolith-pietrasanta-mat-1198x598-5900199109315.html\">kolekce Pietrasanta<\/a> od zna\u010dky <a href=\"https:\/\/cerama.cz\/tubadzin-monolith.html\">MONOLITH<\/a>. Cel\u00e1 kolekce je inspirov\u00e1na mramorem a je opravdu t\u011b\u017ek\u00e9 je odli\u0161it od tohoto u\u0161lechtil\u00e9ho materi\u00e1lu. B\u00edl\u00fd podklad protkan\u00fd jemn\u00fdmi \u0161ed\u00fdmi \u017eilkami m\u016f\u017ee b\u00fdt kombinov\u00e1n se sv\u011btl\u00fdmi d\u0159ev\u011bn\u00fdmi nebo kovov\u00fdmi dopl\u0148ky. V obou proveden\u00edch bude interi\u00e9r vypadat dokonale.<\/p>\n<h2><span id=\"Co_se_nosi_na_stene_v_predsini_8211_tmavy_design_pro_odvazne\">Co se nos\u00ed na st\u011bn\u011b v p\u0159eds\u00edni &#8211; tmav\u00fd design pro odv\u00e1\u017en\u00e9<\/span><\/h2>\n<p>Tmav\u00e9 barvy dod\u00e1vaj\u00ed interi\u00e9ru hloubku a poskytuj\u00ed neobvykl\u00e9 pozad\u00ed pro n\u00e1bytek a dal\u0161\u00ed dekorace. P\u0159edt\u00edm, ne\u017e se pro n\u011b rozhodnete, se v\u0161ak ujist\u011bte, \u017ee va\u0161e chodba je dostate\u010dn\u011b velk\u00e1 a dob\u0159e osv\u011btlen\u00e1, aby se interi\u00e9r nestal mal\u00fdm tmav\u00fdm kl\u00e1\u0161terem &#8211; to by ur\u010dit\u011b ned\u011blalo dobr\u00fd dojem.<\/p>\n<p><img decoding=\"async\" loading=\"lazy\" class=\"aligncenter wp-image-809 size-full\" title=\"tmav\u00fd design\" src=\"https:\/\/cerama.cz\/info\/wp-content\/uploads\/2024\/02\/Snimka-obrazovky-2024-02-08-170047.png\" alt=\"tmav\u00fd design\" width=\"648\" height=\"808\" \/><\/p>\n<p>Pokud se rozhodujete pro tmav\u00e9 obklady do p\u0159eds\u00edn\u011b, vyberte si i lesklou verzi. D\u00edky tomu se bude sv\u011btlo \u00fa\u010dinn\u011b odr\u00e1\u017eet. Mezi na\u0161e n\u00e1vrhy pat\u0159\u00ed kolekce Duke Stone a Amber Vein z \u0159ady Grand Beauty vytvo\u0159en\u00e9 ve spolupr\u00e1ci s Maciejem Zie\u0144em.<\/p>\n<h2><span id=\"Barevna_a_vzorovana_dlazba_na_stenu_v_predsini\">Barevn\u00e1 a vzorovan\u00e1 dla\u017eba na st\u011bnu v p\u0159eds\u00edni<\/span><\/h2>\n<p>Sv\u011btl\u00e9, tmav\u00e9&#8230; to jsou jen n\u011bkter\u00e9 z mo\u017enost\u00ed, kter\u00e9 m\u00e1te p\u0159ed sebou. Nyn\u00ed v\u00e1m uk\u00e1\u017eeme dal\u0161\u00ed dva expresivn\u00ed n\u00e1vrhy s nestandardn\u00ed barevnost\u00ed, kter\u00e9 nab\u00edzej\u00ed neo\u010dek\u00e1van\u00e9 dotvo\u0159en\u00ed va\u0161eho interi\u00e9ru geometrick\u00fdmi vzory. Takov\u00e9to dekorativn\u00ed obklady na st\u011bnu do p\u0159eds\u00edn\u011b se uk\u00e1\u017eou jako skute\u010dn\u00fd hit!<\/p>\n<p><img decoding=\"async\" loading=\"lazy\" class=\"aligncenter wp-image-811 size-full\" title=\"Barevn\u00e1 dla\u017eba\" src=\"https:\/\/cerama.cz\/info\/wp-content\/uploads\/2024\/02\/Snimka-obrazovky-2024-02-08-170925.png\" alt=\"Barevn\u00e1 dla\u017eba\" width=\"637\" height=\"291\" srcset=\"https:\/\/cerama.cz\/info\/wp-content\/uploads\/2024\/02\/Snimka-obrazovky-2024-02-08-170925.png 637w, https:\/\/cerama.cz\/info\/wp-content\/uploads\/2024\/02\/Snimka-obrazovky-2024-02-08-170925-300x137.png 300w, https:\/\/cerama.cz\/info\/wp-content\/uploads\/2024\/02\/Snimka-obrazovky-2024-02-08-170925-465x212.png 465w\" sizes=\"(max-width: 637px) 100vw, 637px\" \/><\/p>\n<p>Nechcete nudn\u00e1 \u0159e\u0161en\u00ed? Rozhodn\u011bte se pro v\u00fdrazn\u00e9 mozaiky inspirovan\u00e9 kr\u00e1sou jedn\u00e9 z nejbarvit\u011bj\u0161\u00edch evropsk\u00fdch metropol\u00ed &#8211; Barcelony. Podle Macieje Zie\u0144a, autora t\u00e9to kolekce, je Barcelona nevy\u010derpateln\u00fdm zdrojem inspirace. Hostina barev a vzor\u016f, slo\u017eit\u011b uspo\u0159\u00e1dan\u00e9 mozaiky a monument\u00e1ln\u00ed stavby &#8211; to je nejen pastva pro o\u010di, ale i siln\u00fd tv\u016fr\u010d\u00ed impuls. Pokud chcete tyto vlivy poc\u00edtit i v interi\u00e9ru sv\u00e9ho domova, rozhodn\u011bte se ozdobit st\u011bnu v p\u0159eds\u00edni pr\u00e1v\u011b t\u011bmito obklada\u010dkami. Syt\u00e1 barva ur\u010dit\u011b vynikne a dod\u00e1 v\u00e1m sv\u00e1te\u010dn\u00ed lehkost. Zkr\u00e1tka, dop\u0159ejte si hravost barev a forem hodnou katal\u00e1nsk\u00e9 metropole.<\/p>\n<p><img decoding=\"async\" loading=\"lazy\" class=\"aligncenter wp-image-812 size-full\" title=\"Vzorovan\u00e1 dla\u017eba\" src=\"https:\/\/cerama.cz\/info\/wp-content\/uploads\/2024\/02\/Snimka-obrazovky-2024-02-08-171027.png\" alt=\"Vzorovan\u00e1 dla\u017eba\" width=\"727\" height=\"791\" \/><\/p>\n<p>Tmav\u00e9 barvy, m\u00edrn\u011b industri\u00e1ln\u00ed n\u00e1dech kolekce a zaj\u00edmav\u00e9 dekory ve tvaru troj\u00faheln\u00edk\u016f. Pro odv\u00e1\u017en\u011bj\u0161\u00ed &#8211; \u0159e\u0161en\u00ed pro jednu z dominantn\u00edch st\u011bn v p\u0159eds\u00edni. Pro ty, kte\u0159\u00ed teprve objevuj\u00ed svou bl\u00e1znivou str\u00e1nku &#8211; jen na kousek. V obou verz\u00edch interi\u00e9r upout\u00e1 pozornost a pot\u011b\u0161\u00ed svou originalitou. A nebudete pot\u0159ebovat \u017e\u00e1dn\u00e9 dal\u0161\u00ed dekorace!<\/p>\n<h2><span id=\"Porcelanova_dlazba_inspirovana_drevem_na_stenu_v_predsini\">Porcel\u00e1nov\u00e1 dla\u017eba inspirovan\u00e1 d\u0159evem na st\u011bnu v p\u0159eds\u00edni<\/span><\/h2>\n<p>Porcel\u00e1nov\u00fd obklad na st\u011bnu do chodby s d\u0159ev\u011bn\u00fdm vzorem poskytuje teplo od prvn\u00edch okam\u017eik\u016f v interi\u00e9ru. Krom\u011b toho je to recept na u\u0161lechtil\u00e9, nen\u00e1padn\u00e9 a elegantn\u00ed dotvo\u0159en\u00ed interi\u00e9ru. A tak\u00e9 na kombinov\u00e1n\u00ed s ostatn\u00edmi m\u00edstnostmi v dom\u011b nebo byt\u011b. Pokud v\u00e1s tento n\u00e1pad zaujal, ur\u010dit\u011b si prohl\u00e9dn\u011bte nab\u00eddku zna\u010dky <a href=\"https:\/\/cerama.cz\/tubadzin-korzilius.html\">Korzilius<\/a>, kter\u00e1 nab\u00edz\u00ed kr\u00e1sn\u00e9 kameninov\u00e9 obklady s d\u0159evodekorem.<\/p>\n<p>Pokud chcete j\u00edt v d\u0159ev\u011bn\u00fdch inspirac\u00edch je\u0161t\u011b d\u00e1le, krom\u011b obklad\u016f inspirovan\u00fdch d\u0159evem s\u00e1hn\u011bte i po jedine\u010dn\u00fdch n\u00e1st\u011bnn\u00fdch obrazech z keramick\u00fdch obklad\u016f. Takov\u00e9 s v\u00fdhledem na les najdete nap\u0159\u00edklad v na\u0161\u00ed kolekci All in White. Dokonal\u00e1 povrchov\u00e1 \u00faprava a dekorace v jednom. N\u00e1pad pro trochu v\u011bt\u0161\u00ed prostory!<\/p>\n<p><img decoding=\"async\" loading=\"lazy\" class=\"aligncenter wp-image-814 size-full\" title=\"D\u0159ev\u011bn\u00fd vzor\" src=\"https:\/\/cerama.cz\/info\/wp-content\/uploads\/2024\/02\/Snimka-obrazovky-2024-02-08-171402.png\" alt=\"D\u0159ev\u011bn\u00fd vzor\" width=\"664\" height=\"638\" srcset=\"https:\/\/cerama.cz\/info\/wp-content\/uploads\/2024\/02\/Snimka-obrazovky-2024-02-08-171402.png 664w, https:\/\/cerama.cz\/info\/wp-content\/uploads\/2024\/02\/Snimka-obrazovky-2024-02-08-171402-300x288.png 300w, https:\/\/cerama.cz\/info\/wp-content\/uploads\/2024\/02\/Snimka-obrazovky-2024-02-08-171402-465x447.png 465w, https:\/\/cerama.cz\/info\/wp-content\/uploads\/2024\/02\/Snimka-obrazovky-2024-02-08-171402-520x500.png 520w\" sizes=\"(max-width: 664px) 100vw, 664px\" \/><\/p>\n<p>M\u00e1te u\u017e n\u00e1pad na obklad na st\u011bnu v p\u0159eds\u00edni? Douf\u00e1me, \u017ee ano. Prohl\u00e9dn\u011bte si na\u0161e inspirativn\u00ed portfolio a vneste atmosf\u00e9ru zna\u010dky <a href=\"https:\/\/cerama.cz\/mark-tubadzin.html\">Tubadzin<\/a> do sv\u00e9ho interi\u00e9ru!<\/p>\n<p>&nbsp;<\/p>\n<p><strong>P\u0159e\u010dtete si tak\u00e9:<\/strong><\/p>\n<p><a href=\"https:\/\/cerama.cz\/info\/seda-predsin-vytvorte-tlumeny-a-elegantni-design-pomoci-dlazby\/\">\u0160ed\u00e1 p\u0159eds\u00ed\u0148 \u2013 Vytvo\u0159te tlumen\u00fd a elegantn\u00ed design pomoc\u00ed dla\u017eby<\/a><\/p>\n<p>&nbsp;<\/p>\n<p><em>P\u0159evzato z Tubadzin.pl<\/em><\/p>\n<hr \/>\n<p><a href=\"https:\/\/cerama.cz\/info\/co-je-na-stene-v-predsini-obklady-ktere-delaji-dojem\/\"><img decoding=\"async\" loading=\"lazy\" class=\"alignnone\" title=\"Co je na st\u011bn\u011b v p\u0159eds\u00edni? Obklady, kter\u00e9 d\u011blaj\u00ed dojem\" src=\"https:\/\/cerama.cz\/info\/wp-content\/uploads\/2023\/09\/cz.png\" alt=\"Co je na st\u011bn\u011b v p\u0159eds\u00edni? Obklady, kter\u00e9 d\u011blaj\u00ed dojem\" width=\"30\" height=\"20\" \/><\/a> <a href=\"https:\/\/cerama.sk\/informacie\/co-je-na-stene-na-chodbe-obkladacky-ktore-robia-dojem\/\"><img decoding=\"async\" loading=\"lazy\" class=\"alignnone\" title=\"\u010co je na stene na chodbe? Obklada\u010dky, ktor\u00e9 robia dojem\" src=\"https:\/\/cerama.cz\/info\/wp-content\/uploads\/2023\/09\/sk.png\" alt=\"\u010co je na stene na chodbe? Obklada\u010dky, ktor\u00e9 robia dojem\" width=\"32\" height=\"21\" \/><\/a><\/p>\n","protected":false},"excerpt":{"rendered":"<p>ObsahObklad na st\u011bnu v p\u0159eds\u00edni &#8211; pro\u010d je to mimo\u0159\u00e1dn\u011b funk\u010dn\u00ed \u0159e\u0161en\u00ed?Jakou dla\u017ebu si vybrat na st\u011bnu v p\u0159eds\u00edni?Sv\u011btl\u00e9 obklady na st\u011bnu v p\u0159eds\u00edniCo se nos\u00ed na st\u011bn\u011b v p\u0159eds\u00edni &#8211; tmav\u00fd design pro odv\u00e1\u017en\u00e9Barevn\u00e1 a vzorovan\u00e1 dla\u017eba na st\u011bnu v p\u0159eds\u00edniPorcel\u00e1nov\u00e1 dla\u017eba inspirovan\u00e1 d\u0159evem na st\u011bnu v p\u0159eds\u00edni Post\u0159\u00edkan\u00e1,<span class=\"more-link\"><a href=\"https:\/\/cerama.cz\/info\/co-je-na-stene-v-predsini-obklady-ktere-delaji-dojem\/\">Continue Reading<\/a><\/span><\/p>\n","protected":false},"author":2,"featured_media":806,"comment_status":"closed","ping_status":"open","sticky":false,"template":"","format":"standard","meta":[],"categories":[5,4,7],"tags":[],"aioseo_notices":[],"_links":{"self":[{"href":"https:\/\/cerama.cz\/info\/wp-json\/wp\/v2\/posts\/796"}],"collection":[{"href":"https:\/\/cerama.cz\/info\/wp-json\/wp\/v2\/posts"}],"about":[{"href":"https:\/\/cerama.cz\/info\/wp-json\/wp\/v2\/types\/post"}],"author":[{"embeddable":true,"href":"https:\/\/cerama.cz\/info\/wp-json\/wp\/v2\/users\/2"}],"replies":[{"embeddable":true,"href":"https:\/\/cerama.cz\/info\/wp-json\/wp\/v2\/comments?post=796"}],"version-history":[{"count":15,"href":"https:\/\/cerama.cz\/info\/wp-json\/wp\/v2\/posts\/796\/revisions"}],"predecessor-version":[{"id":818,"href":"https:\/\/cerama.cz\/info\/wp-json\/wp\/v2\/posts\/796\/revisions\/818"}],"wp:featuredmedia":[{"embeddable":true,"href":"https:\/\/cerama.cz\/info\/wp-json\/wp\/v2\/media\/806"}],"wp:attachment":[{"href":"https:\/\/cerama.cz\/info\/wp-json\/wp\/v2\/media?parent=796"}],"wp:term":[{"taxonomy":"category","embeddable":true,"href":"https:\/\/cerama.cz\/info\/wp-json\/wp\/v2\/categories?post=796"},{"taxonomy":"post_tag","embeddable":true,"href":"https:\/\/cerama.cz\/info\/wp-json\/wp\/v2\/tags?post=796"}],"curies":[{"name":"wp","href":"https:\/\/api.w.org\/{rel}","templated":true}]}}