{"id":848,"date":"2024-02-14T18:51:04","date_gmt":"2024-02-14T17:51:04","guid":{"rendered":"https:\/\/cerama.cz\/info\/?p=848"},"modified":"2024-02-15T17:21:08","modified_gmt":"2024-02-15T16:21:08","slug":"koupelnove-dekory-vylepsete-svuj-interier-leskem-drahych-kovu","status":"publish","type":"post","link":"https:\/\/cerama.cz\/info\/koupelnove-dekory-vylepsete-svuj-interier-leskem-drahych-kovu\/","title":{"rendered":"Koupelnov\u00e9 dekory &#8211; Vylep\u0161ete sv\u016fj interi\u00e9r leskem drah\u00fdch kov\u016f"},"content":{"rendered":"<div id=\"toc_container\" class=\"have_bullets\"><p class=\"toc_title\">Obsah<\/p><ul class=\"toc_list\"><li><a href=\"#Zlate_obklady_8211_Koupelnove_dekory_v_zivych_barvach\">Zlat\u00e9 obklady &#8211; Koupelnov\u00e9 dekory v \u017eiv\u00fdch barv\u00e1ch<\/a><\/li><li><a href=\"#Zlaty_dekor_8211_Koupelna_v_temnem_mramoru\">Zlat\u00fd dekor &#8211; Koupelna v temn\u00e9m mramoru<\/a><\/li><li><a href=\"#Pro_jeste_jemnejsi_efekt_muzete_vyuzit_dekorativni_obkladovy_pas_ve_zlate_nebo_stribrne_barve\">Pro je\u0161t\u011b jemn\u011bj\u0161\u00ed efekt m\u016f\u017eete vyu\u017e\u00edt dekorativn\u00ed obkladov\u00fd p\u00e1s ve zlat\u00e9 nebo st\u0159\u00edbrn\u00e9 barv\u011b.<\/a><\/li><\/ul><\/div>\n<p>Drah\u00e9 kovy jsou po tis\u00edce let symbolem vynikaj\u00edc\u00edho stylu a vytv\u00e1\u0159ej\u00ed jedine\u010dnou atmosf\u00e9ru v interi\u00e9ru. A\u010dkoliv dnes ji\u017e nikdo neobkl\u00e1d\u00e1 st\u011bny prav\u00fdm zlatem \u010di st\u0159\u00edbrem, zapojen\u00ed prvk\u016f v t\u011bchto odst\u00ednech do designu interi\u00e9ru je trendy zp\u016fsobem, jak dos\u00e1hnout elegantn\u00edho vzhledu. Obzvl\u00e1\u0161t\u011b \u00fa\u010dinn\u011b se uplat\u0148uj\u00ed jako dekory v koupeln\u00e1ch, kde vn\u00e1\u0161ej\u00ed do prostoru pocit \u0161iku a elegance. Zjist\u011bte, jak pomoc\u00ed st\u0159\u00edbrn\u00fdch nebo zlat\u00fdch dekorativn\u00edch obklad\u016f za\u0159\u00eddit koupelnu, aby p\u016fsobila vkusn\u011b a stylov\u011b.<\/p>\n<p>V na\u0161\u00ed nab\u00eddce <a href=\"https:\/\/cerama.cz\/mark-tubadzin.html\">Tubadzin<\/a> najdete dekorativn\u00ed obklady v r\u016fzn\u00fdch odst\u00ednech zlata a st\u0159\u00edbra, s netradi\u010dn\u00ed strukturou a v mnoha tvarech. Mo\u017enost\u00ed je opravdu mnoho! N\u00ed\u017ee se dozv\u00edte v\u00edce o tom, kter\u00e9 konkr\u00e9tn\u00ed dekory byste si m\u011bli vybrat a jak je sladit s va\u0161\u00edm interi\u00e9rem.<\/p>\n<h2><span id=\"Zlate_obklady_8211_Koupelnove_dekory_v_zivych_barvach\">Zlat\u00e9 obklady &#8211; Koupelnov\u00e9 dekory v \u017eiv\u00fdch barv\u00e1ch<\/span><\/h2>\n<p>Pokud si mysl\u00edte, \u017ee zlat\u00e1 barva v interi\u00e9ru pat\u0159\u00ed pouze do barokn\u00edch pal\u00e1c\u016f, je \u010das na zm\u011bnu perspektivy! Modern\u00ed koupelnov\u00e9 dekory v zlat\u00e9 barv\u011b se staly jedn\u00edm z nej\u017ehav\u011bj\u0161\u00edch trend\u016f posledn\u00edch sez\u00f3n. Nen\u00ed divu, zlat\u00e9 obklady, spr\u00e1vn\u011b slad\u011bn\u00e9 s interi\u00e9rem, vytv\u00e1\u0159ej\u00ed sofistikovan\u00fd a elegantn\u00ed dojem. Lesk keramiky inspirovan\u00e9 p\u0159\u00edrodn\u00ed rudou se dokonale hod\u00ed k tlumen\u00fdm, monochromatick\u00fdm z\u00e1klad\u016fm v odst\u00ednech b\u00edl\u00e9, b\u00e9\u017eov\u00e9 a \u0161ed\u00e9.<\/p>\n<p><img decoding=\"async\" loading=\"lazy\" class=\"aligncenter wp-image-855 size-full\" src=\"https:\/\/cerama.cz\/info\/wp-content\/uploads\/2024\/02\/Snimka-obrazovky-2024-02-15-160844.png\" alt=\"Zlat\u00e9 obklady\" width=\"706\" height=\"812\" srcset=\"https:\/\/cerama.cz\/info\/wp-content\/uploads\/2024\/02\/Snimka-obrazovky-2024-02-15-160844.png 706w, https:\/\/cerama.cz\/info\/wp-content\/uploads\/2024\/02\/Snimka-obrazovky-2024-02-15-160844-261x300.png 261w, https:\/\/cerama.cz\/info\/wp-content\/uploads\/2024\/02\/Snimka-obrazovky-2024-02-15-160844-465x535.png 465w, https:\/\/cerama.cz\/info\/wp-content\/uploads\/2024\/02\/Snimka-obrazovky-2024-02-15-160844-435x500.png 435w\" sizes=\"(max-width: 706px) 100vw, 706px\" \/><\/p>\n<p><strong>Pod\u00edvejte se na kolekci Tokyo Sheen od Macieje Zie\u0144a. Tento design\u00e9r navrhl dva typy mozaikov\u00fdch obklad\u016f v zlat\u00fdch odst\u00ednech:<\/strong><\/p>\n<ul>\n<li><strong>Sheen Gold<\/strong> &#8211; obklady ve starozlat\u00e9 barv\u011b a m\u00f3dn\u00edm \u0161esti\u00faheln\u00edkov\u00e9m tvaru, jejich\u017e textura p\u0159ipom\u00edn\u00e1 lehce opot\u0159eben\u00e9 tapety. Obzvl\u00e1\u0161t\u011b \u00fa\u010dinn\u011b p\u016fsob\u00ed, kdy\u017e pokr\u00fdvaj\u00ed celou st\u011bnu nebo jej\u00ed v\u011bt\u0161\u00ed \u010d\u00e1st, \u010d\u00edm\u017e interi\u00e9ru dod\u00e1vaj\u00ed nezapomenutelnou eleganci. Hod\u00ed se k sv\u011btl\u00fdm z\u00e1kladn\u00edm obklad\u016fm a b\u00edl\u00e9mu kov\u00e1n\u00ed.<\/li>\n<li><strong>Sheen Copper<\/strong> &#8211; unik\u00e1tn\u00ed mozaika s motivem ryb\u00edch \u0161upin v b\u00e9\u017eov\u00fdch a r\u016f\u017eov\u011b zlat\u00fdch odst\u00ednech. Vynik\u00e1 zrcadlov\u00fdm povrchem, kter\u00fd \u00fa\u010dinn\u011b odr\u00e1\u017e\u00ed sv\u011btlo.<\/li>\n<\/ul>\n<h2><span id=\"Zlaty_dekor_8211_Koupelna_v_temnem_mramoru\">Zlat\u00fd dekor &#8211; Koupelna v temn\u00e9m mramoru<\/span><\/h2>\n<p>\u010cern\u00fd dekor v koupeln\u011b je skv\u011bl\u00fd n\u00e1pad, ale co takhle zvolit \u010dernou jako dominantn\u00ed barvu interi\u00e9ru? To je volba pro odv\u00e1\u017en\u00e9 a funguje v\u00fdborn\u011b se zlat\u00fdm dekorem v koupeln\u011b.<\/p>\n<p>Takovou kombinaci nab\u00edz\u00edme v kolekc\u00edch od Macieje Zie\u0144a. Tmav\u00e9 porcel\u00e1nov\u00e9 <a href=\"https:\/\/cerama.cz\/tubadzin-monolith-aquamarine-black-pol-1198x1198-5900199237308.html\">obklady Black Pulpis<\/a>, inspirovan\u00e9 p\u0159\u00edrodn\u00edm mramorem, se py\u0161n\u00ed v\u00fdrazn\u00fdm nepravideln\u00fdm \u017eilkov\u00e1n\u00edm na ka\u017ed\u00e9 dla\u017edici. Jejich leskl\u00fd povrch st\u011bn\u00e1m a podlaze dod\u00e1v\u00e1 nad\u010dasov\u00fd styl. Ve spojen\u00ed s n\u00e1st\u011bnn\u00fdm dekorem Gleam Gold z kolekce Monaco Gleam z\u00edsk\u00e1te unik\u00e1tn\u00ed kl\u00ed\u010d k exkluzivn\u00edmu interi\u00e9ru.<\/p>\n<p><img decoding=\"async\" loading=\"lazy\" class=\"aligncenter wp-image-856 size-full\" title=\"Koupelna v temn\u00e9m mramoru\" src=\"https:\/\/cerama.cz\/info\/wp-content\/uploads\/2024\/02\/Snimka-obrazovky-2024-02-15-161106.png\" alt=\"Koupelna v temn\u00e9m mramoru\" width=\"723\" height=\"791\" \/><\/p>\n<h2><span id=\"Pro_jeste_jemnejsi_efekt_muzete_vyuzit_dekorativni_obkladovy_pas_ve_zlate_nebo_stribrne_barve\">Pro je\u0161t\u011b jemn\u011bj\u0161\u00ed efekt m\u016f\u017eete vyu\u017e\u00edt dekorativn\u00ed obkladov\u00fd p\u00e1s ve zlat\u00e9 nebo st\u0159\u00edbrn\u00e9 barv\u011b.<\/span><\/h2>\n<p><strong>Zlat\u00fd dekorativn\u00ed obkladov\u00fd p\u00e1s<\/strong><\/p>\n<p>Je ide\u00e1ln\u00edm \u0159e\u0161en\u00edm pro interi\u00e9ry vy\u017eaduj\u00edc\u00ed v\u00fdrazn\u00fd akcent. Skv\u011ble se dopl\u0148uje s \u010dern\u00fdmi obklady z kolekce Black Pulpis a harmonicky koresponduje s dopl\u0148ky ve zlat\u00fdch odst\u00ednech.<\/p>\n<p><img decoding=\"async\" loading=\"lazy\" class=\"aligncenter wp-image-857 size-full\" title=\"St\u0159\u00edbrn\u00e9 obklady\" src=\"https:\/\/cerama.cz\/info\/wp-content\/uploads\/2024\/02\/Snimka-obrazovky-2024-02-15-161116.png\" alt=\"St\u0159\u00edbrn\u00e9 obklady\" width=\"689\" height=\"478\" srcset=\"https:\/\/cerama.cz\/info\/wp-content\/uploads\/2024\/02\/Snimka-obrazovky-2024-02-15-161116.png 689w, https:\/\/cerama.cz\/info\/wp-content\/uploads\/2024\/02\/Snimka-obrazovky-2024-02-15-161116-300x208.png 300w, https:\/\/cerama.cz\/info\/wp-content\/uploads\/2024\/02\/Snimka-obrazovky-2024-02-15-161116-465x323.png 465w\" sizes=\"(max-width: 689px) 100vw, 689px\" \/><\/p>\n<p><strong>St\u0159\u00edbrn\u00e9 obklady<\/strong><\/p>\n<p>V koupeln\u011b jsou skv\u011blou alternativou ke zlat\u00e9mu dekoru a vynikaj\u00ed ve spojen\u00ed s mnoha barvami, zejm\u00e9na s b\u00edlou a \u0161edou. Ide\u00e1ln\u00ed volba pro tlumen\u00e9, elegantn\u00ed a modern\u00ed interi\u00e9ry.<\/p>\n<p>Za\u0159\u00edzen\u00ed koupelny s dekorativn\u00edmi obklady je n\u00e1padit\u00fdm \u0159e\u0161en\u00edm pro modern\u00ed interi\u00e9ry, kter\u00e9 oslov\u00ed ka\u017ed\u00e9ho n\u00e1v\u0161t\u011bvn\u00edka a p\u0159inese v\u00e1m relaxa\u010dn\u00ed pohodu p\u0159i ka\u017ed\u00e9 koupeli.<\/p>\n<p>&nbsp;<\/p>\n<p>Pro milovn\u00edky origin\u00e1ln\u00edch aran\u017em\u00e1 doporu\u010dujeme tak\u00e9 n\u00e1\u0161 \u010dl\u00e1nek s inspirac\u00ed pro <a href=\"https:\/\/cerama.cz\/info\/dekorativni-obklady-pro-kazdy-interier-podivejte-se-jak-originalne-vyzdobit-prostor\/\">dekorativn\u00ed obklady pro ka\u017ed\u00fd interi\u00e9r<\/a>.<\/p>\n<p>&nbsp;<\/p>\n<p><em>P\u0159evzato z Tubadzin.pl<\/em><\/p>\n<hr \/>\n<p><a href=\"https:\/\/cerama.cz\/info\/koupelnove-dekory-vylepsete-svuj-interier-leskem-drahych-kovu\/\"><img decoding=\"async\" loading=\"lazy\" class=\"alignnone\" title=\"Koupelnov\u00e9 dekory \u2013 Vylep\u0161ete sv\u016fj interi\u00e9r leskem drah\u00fdch kov\u016f\" src=\"https:\/\/cerama.cz\/info\/wp-content\/uploads\/2023\/09\/cz.png\" alt=\"Koupelnov\u00e9 dekory \u2013 Vylep\u0161ete sv\u016fj interi\u00e9r leskem drah\u00fdch kov\u016f\" width=\"30\" height=\"20\" \/><\/a> <a href=\"https:\/\/cerama.sk\/informacie\/kupelnove-dekoracie-zvyraznite-svoj-dekor-leskom-drahych-kovov\/\"><img decoding=\"async\" loading=\"lazy\" class=\"alignnone\" title=\"K\u00fape\u013e\u0148ov\u00e9 dekor\u00e1cie \u2013 zv\u00fdraznite svoj dekor leskom drah\u00fdch kovov\" src=\"https:\/\/cerama.cz\/info\/wp-content\/uploads\/2023\/09\/sk.png\" alt=\"K\u00fape\u013e\u0148ov\u00e9 dekor\u00e1cie \u2013 zv\u00fdraznite svoj dekor leskom drah\u00fdch kovov\" width=\"32\" height=\"21\" \/><\/a><\/p>\n","protected":false},"excerpt":{"rendered":"<p>ObsahZlat\u00e9 obklady &#8211; Koupelnov\u00e9 dekory v \u017eiv\u00fdch barv\u00e1chZlat\u00fd dekor &#8211; Koupelna v temn\u00e9m mramoruPro je\u0161t\u011b jemn\u011bj\u0161\u00ed efekt m\u016f\u017eete vyu\u017e\u00edt dekorativn\u00ed obkladov\u00fd p\u00e1s ve zlat\u00e9 nebo st\u0159\u00edbrn\u00e9 barv\u011b. Drah\u00e9 kovy jsou po tis\u00edce let symbolem vynikaj\u00edc\u00edho stylu a vytv\u00e1\u0159ej\u00ed jedine\u010dnou atmosf\u00e9ru v interi\u00e9ru. A\u010dkoliv dnes ji\u017e nikdo neobkl\u00e1d\u00e1 st\u011bny prav\u00fdm zlatem<span class=\"more-link\"><a href=\"https:\/\/cerama.cz\/info\/koupelnove-dekory-vylepsete-svuj-interier-leskem-drahych-kovu\/\">Continue Reading<\/a><\/span><\/p>\n","protected":false},"author":2,"featured_media":854,"comment_status":"closed","ping_status":"open","sticky":false,"template":"","format":"standard","meta":[],"categories":[5,4,7],"tags":[],"aioseo_notices":[],"_links":{"self":[{"href":"https:\/\/cerama.cz\/info\/wp-json\/wp\/v2\/posts\/848"}],"collection":[{"href":"https:\/\/cerama.cz\/info\/wp-json\/wp\/v2\/posts"}],"about":[{"href":"https:\/\/cerama.cz\/info\/wp-json\/wp\/v2\/types\/post"}],"author":[{"embeddable":true,"href":"https:\/\/cerama.cz\/info\/wp-json\/wp\/v2\/users\/2"}],"replies":[{"embeddable":true,"href":"https:\/\/cerama.cz\/info\/wp-json\/wp\/v2\/comments?post=848"}],"version-history":[{"count":11,"href":"https:\/\/cerama.cz\/info\/wp-json\/wp\/v2\/posts\/848\/revisions"}],"predecessor-version":[{"id":863,"href":"https:\/\/cerama.cz\/info\/wp-json\/wp\/v2\/posts\/848\/revisions\/863"}],"wp:featuredmedia":[{"embeddable":true,"href":"https:\/\/cerama.cz\/info\/wp-json\/wp\/v2\/media\/854"}],"wp:attachment":[{"href":"https:\/\/cerama.cz\/info\/wp-json\/wp\/v2\/media?parent=848"}],"wp:term":[{"taxonomy":"category","embeddable":true,"href":"https:\/\/cerama.cz\/info\/wp-json\/wp\/v2\/categories?post=848"},{"taxonomy":"post_tag","embeddable":true,"href":"https:\/\/cerama.cz\/info\/wp-json\/wp\/v2\/tags?post=848"}],"curies":[{"name":"wp","href":"https:\/\/api.w.org\/{rel}","templated":true}]}}