{"id":897,"date":"2024-02-20T13:05:52","date_gmt":"2024-02-20T12:05:52","guid":{"rendered":"https:\/\/cerama.cz\/info\/?p=897"},"modified":"2024-02-21T15:25:24","modified_gmt":"2024-02-21T14:25:24","slug":"macchia-inspirovano-chuti-a-strukturou-italie","status":"publish","type":"post","link":"https:\/\/cerama.cz\/info\/macchia-inspirovano-chuti-a-strukturou-italie\/","title":{"rendered":"Macchia &#8211; Inspirov\u00e1no chut\u00ed a strukturou It\u00e1lie"},"content":{"rendered":"<div id=\"toc_container\" class=\"have_bullets\"><p class=\"toc_title\">Obsah<\/p><ul class=\"toc_list\"><li><a href=\"#Macchia_8211_pribeh_inspirace_italskym_umenim_a_prirodou\">Macchia &#8211; p\u0159\u00edb\u011bh inspirace italsk\u00fdm um\u011bn\u00edm a p\u0159\u00edrodou<\/a><\/li><li><a href=\"#Italie_v_odstinech_mramoru\">It\u00e1lie v odst\u00ednech mramoru<\/a><\/li><li><a href=\"#Nepravidelnost_s_definovanymi_hranicemi\">Nepravidelnost s definovan\u00fdmi hranicemi<\/a><\/li><li><a href=\"#Volna_kombinace_vzoru_a_textur\">Voln\u00e1 kombinace vzor\u016f a textur<\/a><\/li><\/ul><\/div>\n<p>Terazzov\u00e9 podlahy, oslavovan\u00e9 ji\u017e od starov\u011bku v italsk\u00fdch vil\u00e1ch, se prom\u011bnily v nepostradateln\u00fd prvek klasick\u00e9ho designu interi\u00e9r\u016f. Jejich charakteristick\u00fd vzhled, kdy mramorov\u00e9 \u00falomky jsou pevn\u011b vsazeny do cementov\u00e9 matrice, vytv\u00e1\u0159\u00ed hladk\u00fd, av\u0161ak \u017eiv\u00fd povrch s jedine\u010dn\u00fdm a nepravideln\u00fdm vzorem. Tento tradi\u010dn\u00ed materi\u00e1l byl modern\u011b op\u011bt interpretov\u00e1n design\u00e9rkou Annou Janik-Cie\u015blou z TU_collective v jej\u00ed kolekci Macchia, kter\u00e1 \u010derp\u00e1 inspiraci z bohatstv\u00ed italsk\u00e9ho vkusu a struktury.<\/p>\n<h2><span id=\"Macchia_8211_pribeh_inspirace_italskym_umenim_a_prirodou\">Macchia &#8211; p\u0159\u00edb\u011bh inspirace italsk\u00fdm um\u011bn\u00edm a p\u0159\u00edrodou<\/span><\/h2>\n<p>Volba terazza jako alternativy k jednolit\u00fdm kamenn\u00fdm podlah\u00e1m v \u0158\u00edm\u011b nebo Ben\u00e1tk\u00e1ch m\u016f\u017ee na prvn\u00ed pohled p\u0159ekvapit. Av\u0161ak tato fascinace za\u010dlen\u011bn\u00edm drobn\u00fdch detail\u016f do jednolit\u00e9ho celku m\u00e1 hlubok\u00e9 ko\u0159eny v ji\u017eansk\u00e9 kultu\u0159e a je vid\u011bt i v gastronomii, nap\u0159\u00edklad v obl\u00edben\u00e9 zmrzlin\u011b stracciatella, kde tvrd\u00e9 kousky \u010dokol\u00e1dy v sametov\u00e9 vanilkov\u00e9 z\u00e1kladn\u011b dokonale ilustruj\u00ed italskou v\u00e1\u0161nivost a nep\u0159edv\u00eddatelnost.<\/p>\n<p><img decoding=\"async\" loading=\"lazy\" class=\"aligncenter wp-image-909 size-full\" title=\"stracciatella\" src=\"https:\/\/cerama.cz\/info\/wp-content\/uploads\/2024\/02\/Snimka-obrazovky-2024-02-21-130626.png\" alt=\"stracciatella\" width=\"623\" height=\"545\" srcset=\"https:\/\/cerama.cz\/info\/wp-content\/uploads\/2024\/02\/Snimka-obrazovky-2024-02-21-130626.png 623w, https:\/\/cerama.cz\/info\/wp-content\/uploads\/2024\/02\/Snimka-obrazovky-2024-02-21-130626-300x262.png 300w, https:\/\/cerama.cz\/info\/wp-content\/uploads\/2024\/02\/Snimka-obrazovky-2024-02-21-130626-465x407.png 465w, https:\/\/cerama.cz\/info\/wp-content\/uploads\/2024\/02\/Snimka-obrazovky-2024-02-21-130626-572x500.png 572w\" sizes=\"(max-width: 623px) 100vw, 623px\" \/><\/p>\n<p>Tento princip &#8222;stracciare&#8220;, sd\u00edlen\u00fd mezi italskou zmrzlinou a podlahami ben\u00e1tsk\u00fdch pal\u00e1c\u016f, p\u0159esto\u017ee je klasick\u00fd, nech\u00e1v\u00e1 st\u00e1le hlubok\u00fd dojem. V p\u0159\u00edpad\u011b terazza dosahuje efektu fascinuj\u00edc\u00edho, v\u00fdrazn\u00e9ho a p\u0159esto elegantn\u00edho interi\u00e9ru. &#8222;Bylo pro m\u011b v\u00fdzvou p\u0159em\u00fd\u0161let, jak klasick\u00e9mu materi\u00e1lu dodat modern\u00ed v\u00fdraz. Proto jsem se obr\u00e1tila na terazzo,&#8220; sd\u00edl\u00ed Anna Janik-Cie\u015bla, tv\u016frkyn\u011b kolekce Macchia.<\/p>\n<h2><span id=\"Italie_v_odstinech_mramoru\">It\u00e1lie v odst\u00ednech mramoru<\/span><\/h2>\n<p>Tradi\u010dn\u00ed italsk\u00e9 terazzo se vyzna\u010duje jemn\u011b rozpt\u00fdlen\u00fdmi mal\u00fdmi kousky mramoru, vytv\u00e1\u0159ej\u00edc\u00edmi \u017eiv\u00fd a pestrobarevn\u00fd vzor. &#8222;Abych o\u017eivil klasick\u00fd design podlahy, rozhodl jsem se upravit velikost n\u011bkter\u00fdch mramorov\u00fdch kousk\u016f, zvolil jsem v\u011bt\u0161\u00ed \u00falomky vz\u00e1cn\u00e9ho mramoru, aby v\u00fdsledn\u00fd povrch byl je\u0161t\u011b dynamick\u00fd a v\u00fdrazn\u00fd,&#8220; vysv\u011btluje Anna Janik-Cie\u015bla.<\/p>\n<p><img decoding=\"async\" loading=\"lazy\" class=\"aligncenter wp-image-910 size-full\" title=\"Mramor\" src=\"https:\/\/cerama.cz\/info\/wp-content\/uploads\/2024\/02\/Snimka-obrazovky-2024-02-21-130641.png\" alt=\"Mramor\" width=\"723\" height=\"428\" srcset=\"https:\/\/cerama.cz\/info\/wp-content\/uploads\/2024\/02\/Snimka-obrazovky-2024-02-21-130641.png 723w, https:\/\/cerama.cz\/info\/wp-content\/uploads\/2024\/02\/Snimka-obrazovky-2024-02-21-130641-300x178.png 300w, https:\/\/cerama.cz\/info\/wp-content\/uploads\/2024\/02\/Snimka-obrazovky-2024-02-21-130641-465x275.png 465w, https:\/\/cerama.cz\/info\/wp-content\/uploads\/2024\/02\/Snimka-obrazovky-2024-02-21-130641-695x411.png 695w\" sizes=\"(max-width: 723px) 100vw, 723px\" \/><\/p>\n<p>Precizn\u00ed pr\u00e1ce s mramorem odhalila jeho jemn\u00e9, r\u016fznorod\u00e9 odst\u00edny \u2013 od sv\u011btle a tmav\u011b \u0161ed\u00e9 p\u0159es kr\u00e9movou a\u017e po modrou. Tyto st\u0159edomo\u0159sk\u00e9 barvy, p\u0159enesen\u00e9 do koupelny, okam\u017eit\u011b evokuj\u00ed atmosf\u00e9ru italsk\u00e9 architektury pro ka\u017ed\u00e9ho znalce.<\/p>\n<p><img decoding=\"async\" loading=\"lazy\" class=\"aligncenter wp-image-911 size-full\" title=\"V\u00fdb\u011br mramoru\" src=\"https:\/\/cerama.cz\/info\/wp-content\/uploads\/2024\/02\/Snimka-obrazovky-2024-02-21-130654.png\" alt=\"V\u00fdb\u011br mramoru\" width=\"689\" height=\"396\" srcset=\"https:\/\/cerama.cz\/info\/wp-content\/uploads\/2024\/02\/Snimka-obrazovky-2024-02-21-130654.png 689w, https:\/\/cerama.cz\/info\/wp-content\/uploads\/2024\/02\/Snimka-obrazovky-2024-02-21-130654-300x172.png 300w, https:\/\/cerama.cz\/info\/wp-content\/uploads\/2024\/02\/Snimka-obrazovky-2024-02-21-130654-465x267.png 465w\" sizes=\"(max-width: 689px) 100vw, 689px\" \/><\/p>\n<p>Kolekce Macchia nen\u00ed revoluc\u00ed v terazza, ale sp\u00ed\u0161e respektuj\u00edc\u00edm p\u0159izp\u016fsoben\u00edm klasick\u00e9ho stylu sou\u010dasn\u00fdm po\u017eadavk\u016fm na interi\u00e9ry. Z\u00e1kladem kolekce je matn\u00e1 dla\u017edice, kter\u00e1 je obklopena le\u0161t\u011bn\u00fdmi ocelov\u00fdmi li\u0161tami v m\u011bd\u011bn\u00fdch nebo st\u0159\u00edbrn\u00fdch odst\u00ednech, jak vysv\u011btluje design\u00e9rka.<\/p>\n<h2><span id=\"Nepravidelnost_s_definovanymi_hranicemi\">Nepravidelnost s definovan\u00fdmi hranicemi<\/span><\/h2>\n<p>V kolekci Macchia je zvl\u00e1\u0161tn\u00ed pozornost v\u011bnov\u00e1na kombinaci matn\u00e9ho z\u00e1kladu a v\u00fdrazn\u00fdch mramorov\u00fdch kousk\u016f, \u010d\u00edm\u017e vznik\u00e1 zaj\u00edmav\u00fd vzor. Hladk\u00fd povrch glazury zv\u00fdraz\u0148uje interakci sv\u011btla mezi tmav\u0161\u00edm podkladem a sv\u011btl\u00fdmi mramorov\u00fdmi \u010d\u00e1stmi.<\/p>\n<p>&#8222;C\u00edlem kolekce Macchia bylo vyhov\u011bt r\u016fzn\u00fdm designov\u00fdm po\u017eadavk\u016fm, nab\u00eddnout jak milovn\u00edk\u016fm v\u00fdrazn\u00fdch kontrast\u016f, tak p\u0159\u00edznivc\u016fm jemn\u011bj\u0161\u00edch dekor\u016f. Nab\u00eddka dla\u017edic umo\u017e\u0148uje vytvo\u0159it bu\u010f v\u00fdrazn\u011bj\u0161\u00ed, nebo jemn\u011bj\u0161\u00ed kontrast mramorov\u00fdch \u010d\u00e1st\u00ed v\u016f\u010di pozad\u00ed,&#8220; \u0159\u00edk\u00e1 Anna Janik-Cie\u015bla.<\/p>\n<p><img decoding=\"async\" loading=\"lazy\" class=\"aligncenter wp-image-906 size-full\" title=\"Koupelna s mramorem\" src=\"https:\/\/cerama.cz\/info\/wp-content\/uploads\/2024\/02\/Snimka-obrazovky-2024-02-21-130713.png\" alt=\"Koupelna s mramorem\" width=\"701\" height=\"465\" srcset=\"https:\/\/cerama.cz\/info\/wp-content\/uploads\/2024\/02\/Snimka-obrazovky-2024-02-21-130713.png 701w, https:\/\/cerama.cz\/info\/wp-content\/uploads\/2024\/02\/Snimka-obrazovky-2024-02-21-130713-300x199.png 300w, https:\/\/cerama.cz\/info\/wp-content\/uploads\/2024\/02\/Snimka-obrazovky-2024-02-21-130713-465x308.png 465w, https:\/\/cerama.cz\/info\/wp-content\/uploads\/2024\/02\/Snimka-obrazovky-2024-02-21-130713-695x461.png 695w\" sizes=\"(max-width: 701px) 100vw, 701px\" \/><\/p>\n<p>D\u00edky t\u00e9to p\u0159irozen\u00e9 barevnosti cel\u00e9 kolekce Macchia je mo\u017en\u00e9 vyu\u017e\u00edt dynamick\u00fd vzor terazza bez p\u016fsoben\u00ed p\u0159ehnan\u00e9ho dojmu nebo chaosu. Naopak, zjemn\u011bn\u00ed barev je kl\u00ed\u010dem k dosa\u017een\u00ed jedine\u010dn\u011b elegantn\u00edho interi\u00e9ru.<\/p>\n<p>Kolekci dopl\u0148uj\u00ed z\u00e1kladn\u00ed sv\u011btle \u0161ed\u00e9 dla\u017edice a dv\u011b varianty kovov\u00fdch ozdobn\u00fdch li\u0161t, kter\u00e9 lze dokonale sladit s dla\u017edicemi, bez ohledu na zvolenou variantu. Dostupn\u00e9 jsou obklady na st\u011bnu ve form\u00e1tu 33 \u00d7 90 cm a dla\u017eby na podlahu ve form\u00e1tu 60 \u00d7 60 cm.<\/p>\n<h2><span id=\"Volna_kombinace_vzoru_a_textur\">Voln\u00e1 kombinace vzor\u016f a textur<\/span><\/h2>\n<p>Kolekce Macchia nab\u00edz\u00ed neobvykl\u00e9 kombinace materi\u00e1l\u016f s typicky st\u0159edomo\u0159skou volnost\u00ed. Klasick\u00fd terazzov\u00fd motiv lze snadno za\u010dlenit do tradi\u010dn\u00edho interi\u00e9ru a z\u00e1rove\u0148 podtrhnout sofistikovanou eleganci prostoru. Na druh\u00e9 stran\u011b modern\u00ed interpretace tohoto motivu umo\u017e\u0148uje za\u010dlen\u011bn\u00ed dla\u017edic i do industri\u00e1ln\u011b lad\u011bn\u00fdch prostor.<\/p>\n<p><img decoding=\"async\" loading=\"lazy\" class=\"aligncenter wp-image-907 size-full\" title=\"Siv\u00e1 koupelna s mramorem\" src=\"https:\/\/cerama.cz\/info\/wp-content\/uploads\/2024\/02\/Snimka-obrazovky-2024-02-21-130727.png\" alt=\"Siv\u00e1 koupelna s mramorem\" width=\"661\" height=\"527\" srcset=\"https:\/\/cerama.cz\/info\/wp-content\/uploads\/2024\/02\/Snimka-obrazovky-2024-02-21-130727.png 661w, https:\/\/cerama.cz\/info\/wp-content\/uploads\/2024\/02\/Snimka-obrazovky-2024-02-21-130727-300x239.png 300w, https:\/\/cerama.cz\/info\/wp-content\/uploads\/2024\/02\/Snimka-obrazovky-2024-02-21-130727-465x371.png 465w, https:\/\/cerama.cz\/info\/wp-content\/uploads\/2024\/02\/Snimka-obrazovky-2024-02-21-130727-627x500.png 627w\" sizes=\"(max-width: 661px) 100vw, 661px\" \/><\/p>\n<p>R\u016fznorodost vzor\u016f a barev v kolekci Macchia poskytuje interi\u00e9rov\u00fdm design\u00e9r\u016fm maxim\u00e1ln\u00ed svobodu a v\u00fdrazovou s\u00edlu v souladu se sou\u010dasn\u00fdmi trendy. Pokud hled\u00e1te v\u00fdraznou, na m\u00edru vytvo\u0159enou kolekci, kter\u00e1 odr\u00e1\u017e\u00ed tradici italsk\u00e9ho designu, Macchia p\u0159edstavuje modern\u00ed klasiku, kter\u00e1 spln\u00ed va\u0161e o\u010dek\u00e1v\u00e1n\u00ed.<\/p>\n<p>&nbsp;<\/p>\n<p>P\u0159e\u010dtete si tak\u00e9: <a href=\"https:\/\/cerama.cz\/info\/obklady-s-drevenym-vzorem-chodba-zarizena-v-souladu-s-prirodou\/\">Obklady s d\u0159ev\u011bn\u00fdm vzorem. Chodba za\u0159\u00edzen\u00e1 v souladu s p\u0159\u00edrodou<\/a><\/p>\n<p>&nbsp;<\/p>\n<p><em>P\u0159evzato z Tubadzin.pl<\/em><\/p>\n<hr \/>\n<p><a href=\"https:\/\/cerama.cz\/info\/macchia-inspirovano-chuti-a-strukturou-italie\/\"><img decoding=\"async\" loading=\"lazy\" class=\"alignnone\" title=\"Macchia \u2013 Inspirov\u00e1no chut\u00ed a strukturou It\u00e1lie\" src=\"https:\/\/cerama.cz\/info\/wp-content\/uploads\/2023\/09\/cz.png\" alt=\"Macchia \u2013 Inspirov\u00e1no chut\u00ed a strukturou It\u00e1lie\" width=\"30\" height=\"20\" \/><\/a> <a href=\"https:\/\/cerama.sk\/informacie\/macchia-inspirovana-chutami-a-texturami-talianska\/\"><img decoding=\"async\" loading=\"lazy\" class=\"alignnone\" title=\"Macchia \u2013 in\u0161pirovan\u00e1 chu\u0165ami a text\u00farami Talianska\" src=\"https:\/\/cerama.cz\/info\/wp-content\/uploads\/2023\/09\/sk.png\" alt=\"Macchia \u2013 in\u0161pirovan\u00e1 chu\u0165ami a text\u00farami Talianska\" width=\"32\" height=\"21\" \/><\/a><\/p>\n","protected":false},"excerpt":{"rendered":"<p>ObsahMacchia &#8211; p\u0159\u00edb\u011bh inspirace italsk\u00fdm um\u011bn\u00edm a p\u0159\u00edrodouIt\u00e1lie v odst\u00ednech mramoruNepravidelnost s definovan\u00fdmi hranicemiVoln\u00e1 kombinace vzor\u016f a textur Terazzov\u00e9 podlahy, oslavovan\u00e9 ji\u017e od starov\u011bku v italsk\u00fdch vil\u00e1ch, se prom\u011bnily v nepostradateln\u00fd prvek klasick\u00e9ho designu interi\u00e9r\u016f. Jejich charakteristick\u00fd vzhled, kdy mramorov\u00e9 \u00falomky jsou pevn\u011b vsazeny do cementov\u00e9 matrice, vytv\u00e1\u0159\u00ed hladk\u00fd, av\u0161ak<span class=\"more-link\"><a href=\"https:\/\/cerama.cz\/info\/macchia-inspirovano-chuti-a-strukturou-italie\/\">Continue Reading<\/a><\/span><\/p>\n","protected":false},"author":2,"featured_media":908,"comment_status":"closed","ping_status":"open","sticky":false,"template":"","format":"standard","meta":[],"categories":[5,4,7],"tags":[],"aioseo_notices":[],"_links":{"self":[{"href":"https:\/\/cerama.cz\/info\/wp-json\/wp\/v2\/posts\/897"}],"collection":[{"href":"https:\/\/cerama.cz\/info\/wp-json\/wp\/v2\/posts"}],"about":[{"href":"https:\/\/cerama.cz\/info\/wp-json\/wp\/v2\/types\/post"}],"author":[{"embeddable":true,"href":"https:\/\/cerama.cz\/info\/wp-json\/wp\/v2\/users\/2"}],"replies":[{"embeddable":true,"href":"https:\/\/cerama.cz\/info\/wp-json\/wp\/v2\/comments?post=897"}],"version-history":[{"count":11,"href":"https:\/\/cerama.cz\/info\/wp-json\/wp\/v2\/posts\/897\/revisions"}],"predecessor-version":[{"id":914,"href":"https:\/\/cerama.cz\/info\/wp-json\/wp\/v2\/posts\/897\/revisions\/914"}],"wp:featuredmedia":[{"embeddable":true,"href":"https:\/\/cerama.cz\/info\/wp-json\/wp\/v2\/media\/908"}],"wp:attachment":[{"href":"https:\/\/cerama.cz\/info\/wp-json\/wp\/v2\/media?parent=897"}],"wp:term":[{"taxonomy":"category","embeddable":true,"href":"https:\/\/cerama.cz\/info\/wp-json\/wp\/v2\/categories?post=897"},{"taxonomy":"post_tag","embeddable":true,"href":"https:\/\/cerama.cz\/info\/wp-json\/wp\/v2\/tags?post=897"}],"curies":[{"name":"wp","href":"https:\/\/api.w.org\/{rel}","templated":true}]}}