{"id":90,"date":"2023-09-11T09:16:16","date_gmt":"2023-09-11T07:16:16","guid":{"rendered":"https:\/\/cerama.cz\/info\/?p=90"},"modified":"2023-10-06T14:35:29","modified_gmt":"2023-10-06T12:35:29","slug":"luxfery-v-koupelnach-zajimava-designova-reseni","status":"publish","type":"post","link":"https:\/\/cerama.cz\/info\/luxfery-v-koupelnach-zajimava-designova-reseni\/","title":{"rendered":"Luxf\u00e9ry v koupeln\u00e1ch &#8211; zaj\u00edmav\u00e1 designov\u00e1 \u0159e\u0161en\u00ed"},"content":{"rendered":"<div id=\"toc_container\" class=\"have_bullets\"><p class=\"toc_title\">Obsah<\/p><ul class=\"toc_list\"><li><a href=\"#Moderni_luxfery\">Modern\u00ed luxfery<\/a><\/li><li><a href=\"#Moznosti_pouziti_sklenenych_tvarnic\">Mo\u017enosti pou\u017eit\u00ed sklen\u011bn\u00fdch tv\u00e1rnic<\/a><\/li><li><a href=\"#Vyhody_osvetlenych_sklenenych_tvarnic_pro_koupelny\">V\u00fdhody osv\u011btlen\u00fdch sklen\u011bn\u00fdch tv\u00e1rnic pro koupelny<\/a><\/li><\/ul><\/div>\n<p>Pl\u00e1nujete rekonstrukci nebo v\u00fdstavbu nov\u00e9 koupelny a tou\u017e\u00edte po n\u011b\u010dem mimo\u0159\u00e1dn\u00e9m? M\u00e1te z\u00e1libu v modern\u00edch a netradi\u010dn\u00edch \u0159e\u0161en\u00edch? Pak by se v\u00e1m mohly zal\u00edbit matn\u00e9 sklen\u011bn\u00e9 tv\u00e1rnice.<\/p>\n<p>Sklen\u011bn\u00e9 tv\u00e1rnice jsou atraktivn\u00edm a nekonven\u010dn\u00edm prvkem interi\u00e9rov\u00e9ho designu. Ji\u017e v dob\u011b komunismu se tato stavebn\u00ed slo\u017eka pou\u017e\u00edvala hlavn\u011b na schodi\u0161t\u00edch nov\u00fdch panel\u00e1k\u016f a pr\u016fmyslov\u00fdch budov, obvykle v modrozelen\u00fdch odst\u00ednech. Tehdy v\u0161ak p\u0159evl\u00e1dala prakti\u010dnost a dostupnost materi\u00e1lu nad estetikou. Dnes je to v\u0161ak jinak.<\/p>\n<h2><span id=\"Moderni_luxfery\">Modern\u00ed luxfery<\/span><\/h2>\n<p>Sou\u010dasn\u00e1 pr\u00e1ce s taven\u00fdm sklem p\u0159edstavuje origin\u00e1ln\u00ed a fascinuj\u00edc\u00ed uk\u00e1zky kreativity a modern\u00edho designu interi\u00e9r\u016f.<\/p>\n<p>&#8222;Sv\u011bteln\u00e9 boxy&#8220; a &#8222;sklen\u011bn\u00e9 tv\u00e1rnice&#8220; se \u010dasto pou\u017e\u00edvaj\u00ed jako synonyma, ale neznamenaj\u00ed \u00fapln\u011b tot\u00e9\u017e. Luxfery jsou pevn\u00e9, homogenn\u00ed sklen\u011bn\u00e9 bloky, zat\u00edmco dut\u00e9 sklen\u011bn\u00e9 bloky obsahuj\u00ed vzduch, proto\u017ee v procesu v\u00fdroby jsou sva\u0159eny dv\u011b slisovan\u00e9 \u010d\u00e1sti skla. Dut\u00e9 bloky jsou leh\u010d\u00ed a prakti\u010dt\u011bj\u0161\u00ed na pou\u017eit\u00ed a p\u0159edstavuj\u00ed modern\u00ed verzi klasick\u00fdch sklen\u011bn\u00fdch blok\u016f, kter\u00e9 jsou st\u00e1le k dispozici na trhu.<\/p>\n<p><img decoding=\"async\" loading=\"lazy\" class=\"wp-image-95 size-large\" title=\"Skle\u0148en\u00e1 stena\" src=\"https:\/\/cerama.cz\/info\/wp-content\/uploads\/2023\/09\/luxfery-Ilustracny-1024x683.jpg\" alt=\"Skle\u0148en\u00e1 stena\" width=\"1024\" height=\"683\" srcset=\"https:\/\/cerama.cz\/info\/wp-content\/uploads\/2023\/09\/luxfery-Ilustracny-1024x683.jpg 1024w, https:\/\/cerama.cz\/info\/wp-content\/uploads\/2023\/09\/luxfery-Ilustracny-300x200.jpg 300w, https:\/\/cerama.cz\/info\/wp-content\/uploads\/2023\/09\/luxfery-Ilustracny-768x512.jpg 768w, https:\/\/cerama.cz\/info\/wp-content\/uploads\/2023\/09\/luxfery-Ilustracny-1536x1024.jpg 1536w, https:\/\/cerama.cz\/info\/wp-content\/uploads\/2023\/09\/luxfery-Ilustracny-2048x1365.jpg 2048w, https:\/\/cerama.cz\/info\/wp-content\/uploads\/2023\/09\/luxfery-Ilustracny-465x310.jpg 465w, https:\/\/cerama.cz\/info\/wp-content\/uploads\/2023\/09\/luxfery-Ilustracny-695x463.jpg 695w\" sizes=\"(max-width: 1024px) 100vw, 1024px\" \/><\/p>\n<h2><span id=\"Moznosti_pouziti_sklenenych_tvarnic\">Mo\u017enosti pou\u017eit\u00ed sklen\u011bn\u00fdch tv\u00e1rnic<\/span><\/h2>\n<p>Luxfery, neboli sklen\u011bn\u00e9 bloky, lze vyu\u017e\u00edt na nekone\u010dn\u011b mnoho zp\u016fsob\u016f v interi\u00e9ru pro r\u016fzn\u00e9 \u00fa\u010dely. Jsou nesm\u00edrn\u011b univerz\u00e1ln\u00edm stavebn\u00edm a dokon\u010dovac\u00edm materi\u00e1lem, kter\u00fd se d\u00e1 pou\u017e\u00edt jak v exteri\u00e9ru, tak v interi\u00e9ru budovy a pln\u00ed jak praktickou, tak dekorativn\u00ed funkci.<\/p>\n<p>Luxfery jsou ide\u00e1ln\u00ed pro koupelny, kde mohou slou\u017eit jako sprchov\u00fd kout, kter\u00fd poskytuje koupaj\u00edc\u00edmu pocit soukrom\u00ed, zat\u00edmco dod\u00e1v\u00e1 m\u00edstnosti pocit lehkosti. Mohou b\u00fdt pou\u017eity jako dekorativn\u00ed prvek na st\u011bn\u00e1ch, ale tak\u00e9 jako stavebn\u00ed materi\u00e1l pro p\u0159\u00ed\u010dky rozd\u011bluj\u00edc\u00ed r\u016fzn\u00e9 m\u00edstnosti.<\/p>\n<p>Dokonce mohou b\u00fdt zabudov\u00e1ny do bar\u016f, schodi\u0161\u0165 nebo n\u00e1bytku, st\u00e1t se dekorativn\u00edm prvkem podlahy nebo stropu. Tato \u0161irok\u00e1 \u0161k\u00e1la pou\u017eit\u00ed je d\u00e1na p\u0159edev\u0161\u00edm mnoha v\u00fdhodami sklen\u011bn\u00fdch tv\u00e1rnic, z nich\u017e nejd\u016fle\u017eit\u011bj\u0161\u00ed je jejich vysok\u00e1 propustnost sv\u011btla. Proto se doporu\u010duj\u00ed tam, kde je t\u0159eba osv\u011btlit m\u00edstnosti, a\u0165 u\u017e vn\u011bj\u0161\u00edm nebo um\u011bl\u00fdm sv\u011btlem. Mno\u017estv\u00ed propou\u0161t\u011bn\u00e9ho sv\u011btla z\u00e1vis\u00ed na typu tv\u00e1rnic &#8211; jejich barv\u011b, vzoru a velikosti.<\/p>\n<h2><span id=\"Vyhody_osvetlenych_sklenenych_tvarnic_pro_koupelny\">V\u00fdhody osv\u011btlen\u00fdch sklen\u011bn\u00fdch tv\u00e1rnic pro koupelny<\/span><\/h2>\n<p>Sklen\u011bn\u00e9 tv\u00e1rnice, zn\u00e1m\u00e9 tak\u00e9 jako luxfery, jsou vynikaj\u00edc\u00ed volbou pro koupelny, zejm\u00e9na v oblastech kolem sprchov\u00fdch kout\u016f, vany a umyvadla. Jejich odolnost v\u016f\u010di vlhkosti je nespornou v\u00fdhodou. Nav\u00edc umo\u017e\u0148uj\u00ed vytv\u00e1\u0159et nejen rovn\u00e9, ale i profilovan\u00e9 st\u011bny. To znamen\u00e1, \u017ee m\u016f\u017eete dos\u00e1hnout zaj\u00edmav\u00fdch designov\u00fdch efekt\u016f, jako je p\u016flkruhov\u00e1 st\u011bna sprchov\u00e9ho koutu nebo vanov\u00e1 sk\u0159\u00ed\u0148 z taven\u00e9ho skla.<\/p>\n<p>Sklen\u011bn\u00e9 tv\u00e1rnice maj\u00ed vynikaj\u00edc\u00ed zvukov\u00e9 a tepeln\u00e9 izola\u010dn\u00ed vlastnosti, co\u017e je \u010din\u00ed atraktivn\u00edm dekorativn\u00edm prvkem pro vn\u011bj\u0161\u00ed i vnit\u0159n\u00ed st\u011bny. Vytvo\u0159en\u00edm vlo\u017eky ve st\u011bn\u011b ze sklen\u011bn\u00fdch tv\u00e1rnic tak\u00e9 zajist\u00edte p\u0159\u00edtok sv\u011btla do m\u00edstnosti, zat\u00edmco \u00fa\u010dinn\u011b zastav\u00edte zvuk a chlad zven\u010d\u00ed nebo z jin\u00fdch m\u00edstnost\u00ed. Mimo to jsou sklen\u011bn\u00e9 tv\u00e1rnice extr\u00e9mn\u011b odoln\u00e9 proti n\u00e1raz\u016fm a po\u0161kozen\u00ed a jsou dokonce k dispozici i v nepr\u016fst\u0159eln\u00e9m proveden\u00ed pro ty, kte\u0159\u00ed hledaj\u00ed extra ochranu.<\/p>\n<p>Ve srovn\u00e1n\u00ed s tradi\u010dn\u00edmi materi\u00e1ly jako je sklo nebo plast, jsou sklen\u011bn\u00e9 tv\u00e1rnice snadn\u00e9 na \u00fadr\u017ebu a nevy\u017eaduj\u00ed speci\u00e1ln\u00ed p\u00e9\u010di. Toto je velmi v\u00fdhodn\u00e9 v koupeln\u00e1ch, kde m\u016f\u017ee b\u00fdt \u010di\u0161t\u011bn\u00ed n\u00e1ro\u010dn\u00e9. Nav\u00edc nevzhledn\u00e9 skvrny nebo otisky prst\u016f nejsou na jejich barevn\u00e9m, matn\u00e9m a vy\u0159ez\u00e1van\u00e9m povrchu vid\u011bt. K jejich \u010di\u0161t\u011bn\u00ed m\u016f\u017eete pou\u017e\u00edt b\u011b\u017en\u00e9 \u010dist\u00edc\u00ed prost\u0159edky bez obav z po\u0161kr\u00e1b\u00e1n\u00ed nebo po\u0161kozen\u00ed.<\/p>\n<p><img decoding=\"async\" loading=\"lazy\" class=\"aligncenter wp-image-100 size-large\" title=\"Barevn\u00e1 skle\u0148en\u00e1 stena\" src=\"https:\/\/cerama.cz\/info\/wp-content\/uploads\/2023\/09\/luxfery-farebne-1024x683.jpg\" alt=\"Barevn\u00e1 skle\u0148en\u00e1 stena\" width=\"1024\" height=\"683\" srcset=\"https:\/\/cerama.cz\/info\/wp-content\/uploads\/2023\/09\/luxfery-farebne-1024x683.jpg 1024w, https:\/\/cerama.cz\/info\/wp-content\/uploads\/2023\/09\/luxfery-farebne-300x200.jpg 300w, https:\/\/cerama.cz\/info\/wp-content\/uploads\/2023\/09\/luxfery-farebne-768x512.jpg 768w, https:\/\/cerama.cz\/info\/wp-content\/uploads\/2023\/09\/luxfery-farebne-1536x1024.jpg 1536w, https:\/\/cerama.cz\/info\/wp-content\/uploads\/2023\/09\/luxfery-farebne-2048x1366.jpg 2048w, https:\/\/cerama.cz\/info\/wp-content\/uploads\/2023\/09\/luxfery-farebne-465x310.jpg 465w, https:\/\/cerama.cz\/info\/wp-content\/uploads\/2023\/09\/luxfery-farebne-695x463.jpg 695w\" sizes=\"(max-width: 1024px) 100vw, 1024px\" \/><\/p>\n<p>Trh nab\u00edz\u00ed \u0161irokou \u0161k\u00e1lu blok\u016f z matn\u00e9ho skla v r\u016fzn\u00fdch tvarech, velikostech, barv\u00e1ch a struktur\u00e1ch. Standardn\u00ed tlou\u0161\u0165ka tv\u00e1rnic je 8 cm a jsou k dispozici v r\u016fzn\u00fdch rozm\u011brech, v\u010detn\u011b speci\u00e1ln\u00edch objedn\u00e1vek. Nejobl\u00edben\u011bj\u0161\u00ed jsou \u010dtvercov\u00e9, obd\u00e9ln\u00edkov\u00e9 a kulat\u00e9 bloky, ale existuj\u00ed i jin\u00e9 tvary, jako jsou \u0161estihrann\u00e9, rohov\u00e9, se zkosen\u00fdmi nebo zaoblen\u00fdmi stranami, ov\u00e1ln\u00e9. Jejich barvy a vzory jsou tak\u00e9 rozmanit\u00e9 &#8211; nejb\u011b\u017en\u011bj\u0161\u00ed jsou te\u010dky, vlnky, mr\u00e1\u010dky, pruhy a kostky.<\/p>\n<p>P\u0159i v\u00fdb\u011bru sklen\u011bn\u00fdch tv\u00e1rnic je d\u016fle\u017eit\u00e9 zv\u00e1\u017eit velikost cel\u00e9 st\u011bny nebo tv\u00e1rnicov\u00e9 vlo\u017eky. Vezm\u011bte pros\u00edm na v\u011bdom\u00ed, \u017ee sklen\u011bn\u00e9 tv\u00e1rnice nelze \u0159ezat na m\u00edru a kv\u016fli tepeln\u00e9 rozta\u017enosti skla by vn\u011bj\u0161\u00ed st\u011bny z nich nem\u011bly b\u00fdt v\u011bt\u0161\u00ed ne\u017e 3&#215;3 m a vnit\u0159n\u00ed st\u011bny 3&#215;4 m. Pro st\u011bny v\u011bt\u0161\u00edch rozm\u011br\u016f je nutn\u00e9 mezi sklen\u011bn\u00e9 tv\u00e1rnice vlo\u017eit ocelov\u00e9 r\u00e1my nebo st\u011bnu vyztu\u017eit dal\u0161\u00edmi nosn\u00fdmi konstrukcemi a dilata\u010dn\u00edmi sp\u00e1rami ze silikonov\u00e9 hmoty.<\/p>\n<hr \/>\n<p><a href=\"https:\/\/cerama.cz\/info\/luxfery-v-koupelnach-zajimava-designova-reseni\/\"><img decoding=\"async\" loading=\"lazy\" class=\"alignnone\" title=\"Luxf\u00e9ry v koupeln\u00e1ch \u2013 zaj\u00edmav\u00e1 designov\u00e1 \u0159e\u0161en\u00ed\" src=\"https:\/\/cerama.cz\/info\/wp-content\/uploads\/2023\/09\/cz.png\" alt=\"Luxf\u00e9ry v koupeln\u00e1ch \u2013 zaj\u00edmav\u00e1 designov\u00e1 \u0159e\u0161en\u00ed\" width=\"32\" height=\"21\" \/><\/a> <a href=\"https:\/\/cerama.sk\/informacie\/luxfery-v-kupelniach-zaujimave-dizajnove-riesenia\/\"><img decoding=\"async\" loading=\"lazy\" class=\"alignnone\" title=\"Luxf\u00e9ry v k\u00fape\u013eniach \u2013 zauj\u00edmav\u00e9 dizajnov\u00e9 rie\u0161enia\" src=\"https:\/\/cerama.cz\/info\/wp-content\/uploads\/2023\/09\/sk.png\" alt=\"Luxf\u00e9ry v k\u00fape\u013eniach \u2013 zauj\u00edmav\u00e9 dizajnov\u00e9 rie\u0161enia\" width=\"32\" height=\"21\" \/><\/a><\/p>\n","protected":false},"excerpt":{"rendered":"<p>ObsahModern\u00ed luxferyMo\u017enosti pou\u017eit\u00ed sklen\u011bn\u00fdch tv\u00e1rnicV\u00fdhody osv\u011btlen\u00fdch sklen\u011bn\u00fdch tv\u00e1rnic pro koupelny Pl\u00e1nujete rekonstrukci nebo v\u00fdstavbu nov\u00e9 koupelny a tou\u017e\u00edte po n\u011b\u010dem mimo\u0159\u00e1dn\u00e9m? M\u00e1te z\u00e1libu v modern\u00edch a netradi\u010dn\u00edch \u0159e\u0161en\u00edch? Pak by se v\u00e1m mohly zal\u00edbit matn\u00e9 sklen\u011bn\u00e9 tv\u00e1rnice. Sklen\u011bn\u00e9 tv\u00e1rnice jsou atraktivn\u00edm a nekonven\u010dn\u00edm prvkem interi\u00e9rov\u00e9ho designu. Ji\u017e v dob\u011b komunismu<span class=\"more-link\"><a href=\"https:\/\/cerama.cz\/info\/luxfery-v-koupelnach-zajimava-designova-reseni\/\">Continue Reading<\/a><\/span><\/p>\n","protected":false},"author":2,"featured_media":96,"comment_status":"closed","ping_status":"open","sticky":false,"template":"","format":"standard","meta":[],"categories":[2,4],"tags":[],"aioseo_notices":[],"_links":{"self":[{"href":"https:\/\/cerama.cz\/info\/wp-json\/wp\/v2\/posts\/90"}],"collection":[{"href":"https:\/\/cerama.cz\/info\/wp-json\/wp\/v2\/posts"}],"about":[{"href":"https:\/\/cerama.cz\/info\/wp-json\/wp\/v2\/types\/post"}],"author":[{"embeddable":true,"href":"https:\/\/cerama.cz\/info\/wp-json\/wp\/v2\/users\/2"}],"replies":[{"embeddable":true,"href":"https:\/\/cerama.cz\/info\/wp-json\/wp\/v2\/comments?post=90"}],"version-history":[{"count":7,"href":"https:\/\/cerama.cz\/info\/wp-json\/wp\/v2\/posts\/90\/revisions"}],"predecessor-version":[{"id":329,"href":"https:\/\/cerama.cz\/info\/wp-json\/wp\/v2\/posts\/90\/revisions\/329"}],"wp:featuredmedia":[{"embeddable":true,"href":"https:\/\/cerama.cz\/info\/wp-json\/wp\/v2\/media\/96"}],"wp:attachment":[{"href":"https:\/\/cerama.cz\/info\/wp-json\/wp\/v2\/media?parent=90"}],"wp:term":[{"taxonomy":"category","embeddable":true,"href":"https:\/\/cerama.cz\/info\/wp-json\/wp\/v2\/categories?post=90"},{"taxonomy":"post_tag","embeddable":true,"href":"https:\/\/cerama.cz\/info\/wp-json\/wp\/v2\/tags?post=90"}],"curies":[{"name":"wp","href":"https:\/\/api.w.org\/{rel}","templated":true}]}}