{"id":976,"date":"2024-02-27T10:28:39","date_gmt":"2024-02-27T09:28:39","guid":{"rendered":"https:\/\/cerama.cz\/info\/?p=976"},"modified":"2024-04-03T16:31:17","modified_gmt":"2024-04-03T14:31:17","slug":"marmolit-na-podlahu-proc-tohle-doma-urcite-nechcete-zkusit","status":"publish","type":"post","link":"https:\/\/cerama.cz\/info\/marmolit-na-podlahu-proc-tohle-doma-urcite-nechcete-zkusit\/","title":{"rendered":"Marmolit na podlahu, pro\u010d tohle doma ur\u010dit\u011b nechcete zkusit?"},"content":{"rendered":"<p>Marmolit m\u00e1 kv\u016fli vynikaj\u00edc\u00ed odolnosti \u0161irok\u00e9 mo\u017enosti uplatn\u011bn\u00ed. M\u016f\u017ee p\u0159ij\u00edt tak\u00e9 na podlahu a jak\u00fd materi\u00e1l p\u0159\u00edpadn\u011b vybrat?<\/p>\n<h2>Je marmolit vhodn\u00fd na podlahu?<\/h2>\n<p>Marmolit pat\u0159\u00ed mezi univerz\u00e1ln\u011b pou\u017eiteln\u00e9 om\u00edtky na zdech, pou\u017eit m\u016f\u017ee b\u00fdt nap\u0159\u00edklad i m\u00edsto obkladu v koupeln\u011b. Zna\u010dn\u00e1 variabilita vedla tak zejm\u00e9na laick\u00e9 stavitele k nutn\u00e9mu p\u0159em\u00fd\u0161len\u00ed nad t\u00edm, zda se marmolit hod\u00ed i na podlahu.<\/p>\n<p>Ti, kte\u0159\u00ed se do podobn\u00fdch experiment\u016f sami pustili, mohli b\u00fdt v\u00fdsledkem zklaman\u00ed. Odborn\u00edci se shoduj\u00ed (a samotn\u00ed distributo\u0159i na to upozor\u0148uj\u00ed): Marmolit na podlahu ur\u010dit\u011b vhodn\u00fd nen\u00ed. Pokud se pou\u017eije tak, jak m\u00e1, m\u016f\u017eeme jeho \u017eivotnost po\u010d\u00edtat i na des\u00edtky let.<\/p>\n<p>P\u0159i pou\u017eit\u00ed na podlahu v\u0161ak tak trvanliv\u00fd nen\u00ed a vrstva se m\u016f\u017ee za\u010d\u00edt odlupovat. Trval\u00e9 nam\u00e1h\u00e1n\u00ed na n\u00e1\u0161lapn\u00e9 plo\u0161e jednozna\u010dn\u011b nem\u00e1 tento materi\u00e1l \u0161anci zvl\u00e1dnout. Prim\u00e1rn\u011b se jedn\u00e1 o dekorativn\u00ed om\u00edtku vhodnou k pou\u017eit\u00ed nap\u0159\u00edklad na fas\u00e1dy dom\u016f.<\/p>\n<p>&nbsp;<\/p>\n<h2>Kamenn\u00fd koberec elegantn\u011b \u0159e\u0161\u00ed situaci<\/h2>\n<p>S podobn\u00fdm efektem lze na podlahu vyu\u017e\u00edt l\u00e9pe tzv. kamenn\u00e9 koberce. Op\u011bt se jedn\u00e1 o sm\u011bs kamen\u016f a pojiva, vizu\u00e1ln\u00ed efekt je tedy do zna\u010dn\u00e9 m\u00edry podobn\u00fd jako u marmolitu. Tento typ povrch\u016f m\u00e1 jednak dekorativn\u00ed funkci. Z\u00e1rove\u0148 je dostate\u010dn\u011b odoln\u00fd, minim\u00e1ln\u00ed \u017eivotnost se obvykle po\u010d\u00edt\u00e1 na n\u011bkolik des\u00edtek let.<\/p>\n<p>Pou\u017e\u00edv\u00e1 se jako kone\u010dn\u00e1 povrchov\u00e1 \u00faprava povrchu zpevn\u011bn\u00e9ho, nap\u0159\u00edklad betonov\u00e9ho. M\u016f\u017ee b\u00fdt vyu\u017eit v interi\u00e9ru i v exteri\u00e9ru. Z d\u016fvodu mo\u017en\u00e9 barevn\u00e9 nest\u00e1losti se kam\u00ednky v\u0161ak nebarv\u00ed a ponech\u00e1v\u00e1 se jim p\u0159\u00edrodn\u00ed podoba. Zejm\u00e9na pro pou\u017eit\u00ed uvnit\u0159 tak m\u016f\u017eete b\u00fdt do ur\u010dit\u00e9 m\u00edry designov\u011b limitov\u00e1ni.<\/p>\n<p>Naopak plat\u00ed, \u017ee kamenn\u00e9 koberce by se nem\u011bly nan\u00e1\u0161et na vysok\u00e9 svisl\u00e9 plochy. Pro tento \u00fa\u010del je pr\u00e1v\u011b ur\u010den marmolit. Vhodn\u011b zvolen\u00e1 kombinace obou materi\u00e1l\u016f v\u00e1m tak dovol\u00ed p\u0159edev\u0161\u00edm vyu\u017e\u00edt p\u016fsobiv\u00fd vzhled p\u0159\u00edrodn\u00edho kamene, oba povrchy sladit a z\u00e1rove\u0148 v\u0161estrann\u011b uchovat \u017e\u00e1douc\u00ed funk\u010dn\u00ed vlastnosti. Samoz\u0159ejmost\u00ed je tak\u00e9 pln\u00e1 zdravotn\u00ed nez\u00e1vadnost u obou t\u011bchto produkt\u016f.<\/p>\n<hr \/>\n<p><a href=\"https:\/\/cerama.cz\/info\/marmolit-na-podlahu-proc-tohle-doma-urcite-nechcete-zkusit\/\"><img decoding=\"async\" loading=\"lazy\" class=\"alignnone\" title=\"Marmolit na podlahu, pro\u010d tohle doma ur\u010dit\u011b nechcete zkusit?\" src=\"https:\/\/cerama.cz\/info\/wp-content\/uploads\/2023\/09\/cz.png\" alt=\"Marmolit na podlahu, pro\u010d tohle doma ur\u010dit\u011b nechcete zkusit?\" width=\"30\" height=\"20\" \/><\/a> <a href=\"https:\/\/cerama.sk\/informacie\/marmolit-na-podlahu-preco-toto-doma-urcite-nechcete-skusit\/\"><img decoding=\"async\" loading=\"lazy\" class=\"alignnone\" title=\"Marmolit na podlahu, pre\u010do toto doma ur\u010dite nechcete sk\u00fasi\u0165?\" src=\"https:\/\/cerama.cz\/info\/wp-content\/uploads\/2023\/09\/sk.png\" alt=\"Marmolit na podlahu, pre\u010do toto doma ur\u010dite nechcete sk\u00fasi\u0165?\" width=\"32\" height=\"21\" \/><\/a><\/p>\n","protected":false},"excerpt":{"rendered":"<p>Marmolit m\u00e1 kv\u016fli vynikaj\u00edc\u00ed odolnosti \u0161irok\u00e9 mo\u017enosti uplatn\u011bn\u00ed. M\u016f\u017ee p\u0159ij\u00edt tak\u00e9 na podlahu a jak\u00fd materi\u00e1l p\u0159\u00edpadn\u011b vybrat? Je marmolit vhodn\u00fd na podlahu? Marmolit pat\u0159\u00ed mezi univerz\u00e1ln\u011b pou\u017eiteln\u00e9 om\u00edtky na zdech, pou\u017eit m\u016f\u017ee b\u00fdt nap\u0159\u00edklad i m\u00edsto obkladu v koupeln\u011b. Zna\u010dn\u00e1 variabilita vedla tak zejm\u00e9na laick\u00e9 stavitele k nutn\u00e9mu p\u0159em\u00fd\u0161len\u00ed<span class=\"more-link\"><a href=\"https:\/\/cerama.cz\/info\/marmolit-na-podlahu-proc-tohle-doma-urcite-nechcete-zkusit\/\">Continue Reading<\/a><\/span><\/p>\n","protected":false},"author":2,"featured_media":979,"comment_status":"closed","ping_status":"open","sticky":false,"template":"","format":"standard","meta":[],"categories":[9,8],"tags":[],"aioseo_notices":[],"_links":{"self":[{"href":"https:\/\/cerama.cz\/info\/wp-json\/wp\/v2\/posts\/976"}],"collection":[{"href":"https:\/\/cerama.cz\/info\/wp-json\/wp\/v2\/posts"}],"about":[{"href":"https:\/\/cerama.cz\/info\/wp-json\/wp\/v2\/types\/post"}],"author":[{"embeddable":true,"href":"https:\/\/cerama.cz\/info\/wp-json\/wp\/v2\/users\/2"}],"replies":[{"embeddable":true,"href":"https:\/\/cerama.cz\/info\/wp-json\/wp\/v2\/comments?post=976"}],"version-history":[{"count":6,"href":"https:\/\/cerama.cz\/info\/wp-json\/wp\/v2\/posts\/976\/revisions"}],"predecessor-version":[{"id":1515,"href":"https:\/\/cerama.cz\/info\/wp-json\/wp\/v2\/posts\/976\/revisions\/1515"}],"wp:featuredmedia":[{"embeddable":true,"href":"https:\/\/cerama.cz\/info\/wp-json\/wp\/v2\/media\/979"}],"wp:attachment":[{"href":"https:\/\/cerama.cz\/info\/wp-json\/wp\/v2\/media?parent=976"}],"wp:term":[{"taxonomy":"category","embeddable":true,"href":"https:\/\/cerama.cz\/info\/wp-json\/wp\/v2\/categories?post=976"},{"taxonomy":"post_tag","embeddable":true,"href":"https:\/\/cerama.cz\/info\/wp-json\/wp\/v2\/tags?post=976"}],"curies":[{"name":"wp","href":"https:\/\/api.w.org\/{rel}","templated":true}]}}